{"id":20529,"date":"2023-07-04T01:05:00","date_gmt":"2023-07-04T01:05:00","guid":{"rendered":"https:\/\/www.salvatorianas.org.br\/blog\/?p=20529"},"modified":"2023-07-03T17:26:06","modified_gmt":"2023-07-03T17:26:06","slug":"13a-semana-do-tempo-comum-terca-feira","status":"publish","type":"post","link":"https:\/\/www.salvatorianas.org.br\/blog\/13a-semana-do-tempo-comum-terca-feira\/","title":{"rendered":"13\u00aa Semana do Tempo Comum | Ter\u00e7a-feira"},"content":{"rendered":"\n<p>Povos todos, aplaudi e aclamai a Deus com brados de alegria (Sl 46,2).<\/p>\n\n\n\n<p><em>Mesmo quando parece ausente, Deus nunca \u00e9 alheio \u00e0s afli\u00e7\u00f5es do seu povo, mas caminha com ele e, sem cessar, age para salv\u00e1-lo, chamando-o \u00e0 convers\u00e3o. Deixemo-nos orientar pela decis\u00e3o do salmista, que diz ao Senhor: \u201cVossa verdade escolhi por meu caminho\u201d.<\/em><\/p>\n\n\n\n<p>Primeira Leitura:&nbsp;<strong>G\u00eanesis 19,15-29<\/strong><\/p>\n\n\n\n<p>Leitura do livro do G\u00eanesis \u2013 Naqueles dias,&nbsp;<sup>15<\/sup>os anjos insistiram com L\u00f3, dizendo: \u201cLevanta-te, toma tua mulher e tuas duas filhas e sai, para n\u00e3o morreres tamb\u00e9m por causa das iniquidades da cidade\u201d.&nbsp;<sup>16<\/sup>Como ele hesitasse, os homens tomaram-no pela m\u00e3o, a ele, \u00e0 mulher e \u00e0s duas filhas \u2013 pois o Senhor tivera compaix\u00e3o dele -, fizeram-nos sair e deixaram-nos fora da cidade.&nbsp;<sup>17<\/sup>Uma vez fora, disseram: \u201cTrata de salvar a tua vida. N\u00e3o olhes para tr\u00e1s nem te detenhas em parte alguma desta regi\u00e3o. Mas foge para a montanha, se n\u00e3o quiseres morrer\u201d.&nbsp;<sup>18<\/sup>L\u00f3 respondeu: \u201cN\u00e3o, meu Senhor, eu te pe\u00e7o!&nbsp;<sup>19<\/sup>O teu servo encontrou teu favor e foi grande a tua bondade, salvando-me a vida. Mas receio n\u00e3o poder salvar-me na montanha, antes que a calamidade me atinja e eu morra.&nbsp;<sup>20<\/sup>Eis a\u00ed perto uma cidade onde poderei refugiar-me; \u00e9 pequena, mas a\u00ed salvarei a minha vida\u201d. E ele lhe disse: \u201cPois bem, concedo-te tamb\u00e9m este favor: n\u00e3o destruirei a cidade de que falas.&nbsp;<sup>22<\/sup>Refugia-te l\u00e1 depressa, pois nada posso fazer enquanto n\u00e3o tiveres entrado na cidade\u201d. Por isso foi dado \u00e0quela cidade o nome de Segor.&nbsp;<sup>23<\/sup>O sol estava nascendo quando L\u00f3 entrou em Segor.&nbsp;<sup>24<\/sup>O Senhor fez ent\u00e3o chover do c\u00e9u enxofre e fogo sobre Sodoma e Gomorra.&nbsp;<sup>25<\/sup>Destruiu as cidades e toda a regi\u00e3o, todos os habitantes das cidades e at\u00e9 a vegeta\u00e7\u00e3o do solo.&nbsp;<sup>26<\/sup>Ora, a mulher de L\u00f3 olhou para tr\u00e1s e tornou-se uma est\u00e1tua de sal.&nbsp;<sup>27<\/sup>Abra\u00e3o levantou-se bem cedo e foi at\u00e9 o lugar onde antes tinha estado com o Senhor.&nbsp;<sup>28<\/sup>Olhando para Sodoma e Gomorra e para toda a regi\u00e3o, viu levantar-se da terra uma densa fuma\u00e7a, como a fuma\u00e7a de uma fornalha.&nbsp;<sup>29<\/sup>Mas, ao destruir as cidades da regi\u00e3o, Deus lembrou-se de Abra\u00e3o e salvou L\u00f3 da cat\u00e1strofe que arrasou as cidades onde L\u00f3 havia morado. \u2013 Palavra do Senhor.<\/p>\n\n\n\n<p>Salmo Responsorial:&nbsp;<strong>25(26)<\/strong><\/p>\n\n\n\n<p><em><strong>Tenho sempre vosso amor ante meus olhos.<\/strong><\/em><\/p>\n\n\n\n<p>1. Provai-me, \u00f3 Senhor, e examinai-me,&nbsp;\/&nbsp;sondai meu cora\u00e7\u00e3o e o meu \u00edntimo!&nbsp;\/&nbsp;Pois tenho sempre vosso amor ante meus olhos;&nbsp;\/&nbsp;vossa verdade escolhi por meu caminho.&nbsp;\u2013 R.<\/p>\n\n\n\n<p>2. N\u00e3o junteis a minha alma \u00e0 dos malvados,&nbsp;\/&nbsp;nem minha vida \u00e0 dos homens sanguin\u00e1rios;&nbsp;\/&nbsp;eles t\u00eam as suas m\u00e3os cheias de crime;&nbsp;\/&nbsp;sua direita est\u00e1 repleta de suborno.&nbsp;\u2013 R.<\/p>\n\n\n\n<p>3. Eu, por\u00e9m, vou caminhando na inoc\u00eancia;&nbsp;\/&nbsp;libertai-me, \u00f3 Senhor, tende piedade!&nbsp;\/&nbsp;Est\u00e1 firme o meu p\u00e9 na estrada certa;&nbsp;\/&nbsp;ao Senhor eu bendirei nas assembleias.&nbsp;\u2013 R.<\/p>\n\n\n\n<p>Evangelho:&nbsp;<strong>Mateus 8,23-27<\/strong><\/p>\n\n\n\n<p><strong><em>Aleluia, aleluia, aleluia.<\/em><\/strong><\/p>\n\n\n\n<p><strong>No Senhor ponho a minha esperan\u00e7a,&nbsp;\/&nbsp;espero em sua Palavra (Sl 129,5).&nbsp;\u2013 R.<\/strong><\/p>\n\n\n\n<p>Proclama\u00e7\u00e3o do Evangelho de Jesus Cristo segundo Mateus \u2013 Naquele tempo,&nbsp;<sup>23<\/sup>Jesus entrou na barca e seus disc\u00edpulos o acompanharam.&nbsp;<sup>24<\/sup>E eis que houve uma grande tempestade no mar, de modo que a barca estava sendo coberta pelas ondas. Jesus, por\u00e9m, dormia.&nbsp;<sup>25<\/sup>Os disc\u00edpulos aproximaram-se e o acordaram, dizendo: \u201cSenhor, salva-nos, pois estamos perecendo!\u201d&nbsp;<sup>26<\/sup>Jesus respondeu: \u201cPor que tendes tanto medo, homens fracos na f\u00e9?\u201d Ent\u00e3o, levantando-se, amea\u00e7ou os ventos e o mar, e fez-se uma grande calmaria.&nbsp;<sup>27<\/sup>Os homens ficaram admirados e diziam: \u201cQuem \u00e9 este homem, que at\u00e9 os ventos e o mar lhe obedecem?\u201d \u2013 Palavra da salva\u00e7\u00e3o.<\/p>\n\n\n\n<p>Reflex\u00e3o:<\/p>\n\n\n\n<p><em>H\u00e1 neste epis\u00f3dio um contraste que chama a aten\u00e7\u00e3o. Por um lado, a barca (figura da Igreja) \u00e9 tomada por \u201cviolenta tempestade\u201d, a ponto de quase afundar; por outro lado, Jesus dorme. Seria o sono de Jesus fruto de cansa\u00e7o ou oportunidade para revelar-se aos disc\u00edpulos como Messias, o Filho de Deus? Uma travessia em \u00e1guas agitadas serviu para Jesus manifestar seu poder sobre as for\u00e7as da natureza e revelar sua real identidade. A li\u00e7\u00e3o parece clara: precisamos fazer de Jesus nosso companheiro de caminhada (e miss\u00e3o). Cientes de que ele est\u00e1 conosco, n\u00e3o h\u00e1 por que temer os contratempos. Se a ele recorrermos com f\u00e9, ele far\u00e1 reinar uma \u201cgrande calmaria\u201d onde antes havia amea\u00e7adora tempestade. Mensagem de esperan\u00e7a para a Igreja de todos os tempos e lugares.<\/em><\/p>\n","protected":false},"excerpt":{"rendered":"<p>Povos todos, aplaudi e aclamai a Deus com brados de alegria (Sl 46,2). Mesmo quando parece ausente, Deus nunca \u00e9 alheio \u00e0s afli\u00e7\u00f5es do seu povo, mas caminha com ele e, sem cessar,&#8230;<\/p>\n","protected":false},"author":2,"featured_media":20531,"comment_status":"open","ping_status":"open","sticky":false,"template":"","format":"standard","meta":[],"categories":[7],"tags":[],"_links":{"self":[{"href":"https:\/\/www.salvatorianas.org.br\/blog\/wp-json\/wp\/v2\/posts\/20529"}],"collection":[{"href":"https:\/\/www.salvatorianas.org.br\/blog\/wp-json\/wp\/v2\/posts"}],"about":[{"href":"https:\/\/www.salvatorianas.org.br\/blog\/wp-json\/wp\/v2\/types\/post"}],"author":[{"embeddable":true,"href":"https:\/\/www.salvatorianas.org.br\/blog\/wp-json\/wp\/v2\/users\/2"}],"replies":[{"embeddable":true,"href":"https:\/\/www.salvatorianas.org.br\/blog\/wp-json\/wp\/v2\/comments?post=20529"}],"version-history":[{"count":1,"href":"https:\/\/www.salvatorianas.org.br\/blog\/wp-json\/wp\/v2\/posts\/20529\/revisions"}],"predecessor-version":[{"id":20532,"href":"https:\/\/www.salvatorianas.org.br\/blog\/wp-json\/wp\/v2\/posts\/20529\/revisions\/20532"}],"wp:featuredmedia":[{"embeddable":true,"href":"https:\/\/www.salvatorianas.org.br\/blog\/wp-json\/wp\/v2\/media\/20531"}],"wp:attachment":[{"href":"https:\/\/www.salvatorianas.org.br\/blog\/wp-json\/wp\/v2\/media?parent=20529"}],"wp:term":[{"taxonomy":"category","embeddable":true,"href":"https:\/\/www.salvatorianas.org.br\/blog\/wp-json\/wp\/v2\/categories?post=20529"},{"taxonomy":"post_tag","embeddable":true,"href":"https:\/\/www.salvatorianas.org.br\/blog\/wp-json\/wp\/v2\/tags?post=20529"}],"curies":[{"name":"wp","href":"https:\/\/api.w.org\/{rel}","templated":true}]}}