{"id":20524,"date":"2023-07-03T16:38:48","date_gmt":"2023-07-03T16:38:48","guid":{"rendered":"https:\/\/www.salvatorianas.org.br\/blog\/?p=20524"},"modified":"2023-07-03T16:38:49","modified_gmt":"2023-07-03T16:38:49","slug":"20524-2","status":"publish","type":"post","link":"https:\/\/www.salvatorianas.org.br\/blog\/20524-2\/","title":{"rendered":""},"content":{"rendered":"\n<p>V\u00f3s sois o meu Deus e eu vos dou gra\u00e7as; v\u00f3s sois o meu Deus e eu vos exalto: eu vos dou gra\u00e7as porque sois o meu salvador (Sl 117,28).<\/p>\n\n\n\n<p><em>Tom\u00e9 foi um dos doze ap\u00f3stolos escolhidos por Jesus. N\u00e3o obstante suas fraquezas, deixou-nos por heran\u00e7a sublime profiss\u00e3o de f\u00e9, que se repete, como um eco amoroso, nos l\u00e1bios dos que creem: \u201cMeu Senhor e meu Deus\u201d. Mirando seu exemplo, saibamos definir o verdadeiro sentido de nossa vida por meio da viv\u00eancia da f\u00e9 e da caridade.<\/em><\/p>\n\n\n\n<p>Primeira Leitura:&nbsp;<strong>Ef\u00e9sios 2,19-22<\/strong><\/p>\n\n\n\n<p>Leitura da carta de S\u00e3o Paulo aos Ef\u00e9sios \u2013 Irm\u00e3os,&nbsp;<sup>19<\/sup>j\u00e1 n\u00e3o sois mais estrangeiros nem migrantes, mas concidad\u00e3os dos santos. Sois da fam\u00edlia de Deus.&nbsp;<sup>20<\/sup>V\u00f3s fostes integrados no edif\u00edcio que tem como fundamento os ap\u00f3stolos e os profetas, e o pr\u00f3prio Jesus Cristo como pedra principal.&nbsp;<sup>21<\/sup>\u00c9 nele que toda a constru\u00e7\u00e3o se ajusta e se eleva para formar um templo santo no Senhor.&nbsp;<sup>22<\/sup>E v\u00f3s tamb\u00e9m sois integrados nessa constru\u00e7\u00e3o, para vos tornardes morada de Deus pelo Esp\u00edrito. \u2013 Palavra do Senhor.<\/p>\n\n\n\n<p>Salmo Responsorial:&nbsp;<strong>116(117)<\/strong><\/p>\n\n\n\n<p><em><strong>Ide por todo o mundo, a todos pregai o Evangelho.<\/strong><\/em><\/p>\n\n\n\n<p>1. Cantai louvores ao Senhor, todas as gentes,&nbsp;\/&nbsp;povos todos, festejai-o!&nbsp;\u2013 R.<\/p>\n\n\n\n<p>2. Pois comprovado \u00e9 seu amor para conosco,&nbsp;\/&nbsp;para sempre ele \u00e9 fiel!&nbsp;\u2013 R.<\/p>\n\n\n\n<p>Evangelho:&nbsp;<strong>Jo\u00e3o 20,24-29<\/strong><\/p>\n\n\n\n<p><strong><em>Aleluia<\/em><em>, aleluia, aleluia.<\/em><\/strong><\/p>\n\n\n\n<p><strong>Acreditaste, Tom\u00e9, porque me viste.&nbsp;\/&nbsp;Felizes os que creem sem ter visto (Jo 20,29).&nbsp;\u2013 R.<\/strong><\/p>\n\n\n\n<p>Proclama\u00e7\u00e3o do Evangelho de Jesus Cristo segundo Jo\u00e3o \u2013&nbsp;<sup>24<\/sup>Tom\u00e9, chamado D\u00eddimo, que era um dos doze, n\u00e3o estava com eles quando Jesus veio.&nbsp;<sup>25<\/sup>Os outros disc\u00edpulos contaram-lhe depois: \u201cVimos o Senhor!\u201d Mas Tom\u00e9 disse-lhes: \u201cSe eu n\u00e3o vir a marca dos pregos em suas m\u00e3os, se eu n\u00e3o puser o dedo nas marcas dos pregos e n\u00e3o puser a m\u00e3o no seu lado, n\u00e3o acreditarei\u201d.&nbsp;<sup>26<\/sup>Oito dias depois, encontravam-se os disc\u00edpulos novamente reunidos em casa, e Tom\u00e9 estava com eles. Estando fechadas as portas, Jesus entrou, p\u00f4s-se no meio deles e disse: \u201cA paz esteja convosco\u201d.&nbsp;<sup>27<\/sup>Depois disse a Tom\u00e9: \u201cP\u00f5e o teu dedo aqui e olha as minhas m\u00e3os. Estende a tua m\u00e3o e coloca-a no meu lado. E n\u00e3o sejas incr\u00e9dulo, mas fiel\u201d.&nbsp;<sup>28<\/sup>Tom\u00e9 respondeu: \u201cMeu Senhor e meu Deus!\u201d&nbsp;<sup>29<\/sup>Jesus lhe disse: \u201cAcreditaste porque me viste? Bem-aventurados os que creram sem terem visto!\u201d \u2013 Palavra da salva\u00e7\u00e3o.<\/p>\n\n\n\n<p>Reflex\u00e3o:<\/p>\n\n\n\n<p><em>Tom\u00e9 \u00e9 organizado e calculista, daqueles que n\u00e3o compram sem ver ou apalpar o produto. Fez parte do grupo dos doze ap\u00f3stolos e foi aprendendo de Jesus a adaptar-se \u00e0s circunst\u00e2ncias conforme as necessidades do povo que o cercava. Tom\u00e9 leva a fama de incr\u00e9dulo, talvez por sua forte tend\u00eancia a verificar a realidade. Entretanto, \u00e9 ele quem, diante da evid\u00eancia do Cristo ressuscitado, expressa uma das grandes profiss\u00f5es de f\u00e9, que continua ecoando at\u00e9 hoje nos l\u00e1bios dos que creem: \u201cMeu Senhor e meu Deus!\u201d. E abre a ocasi\u00e3o para Jesus esclarecer como se d\u00e1 o exerc\u00edcio da f\u00e9, isto \u00e9, deve-se acreditar sem ver: \u201cFelizes os que n\u00e3o viram e acreditaram\u201d. N\u00e3o se conhecem as circunst\u00e2ncias da vida de Tom\u00e9 ap\u00f3s Pentecostes. Acredita-se que tenha sido mission\u00e1rio na \u00cdndia, onde sofreu o mart\u00edrio.<\/em><\/p>\n","protected":false},"excerpt":{"rendered":"<p>V\u00f3s sois o meu Deus e eu vos dou gra\u00e7as; v\u00f3s sois o meu Deus e eu vos exalto: eu vos dou gra\u00e7as porque sois o meu salvador (Sl 117,28). Tom\u00e9 foi um&#8230;<\/p>\n","protected":false},"author":2,"featured_media":20525,"comment_status":"open","ping_status":"open","sticky":false,"template":"","format":"standard","meta":[],"categories":[7],"tags":[],"_links":{"self":[{"href":"https:\/\/www.salvatorianas.org.br\/blog\/wp-json\/wp\/v2\/posts\/20524"}],"collection":[{"href":"https:\/\/www.salvatorianas.org.br\/blog\/wp-json\/wp\/v2\/posts"}],"about":[{"href":"https:\/\/www.salvatorianas.org.br\/blog\/wp-json\/wp\/v2\/types\/post"}],"author":[{"embeddable":true,"href":"https:\/\/www.salvatorianas.org.br\/blog\/wp-json\/wp\/v2\/users\/2"}],"replies":[{"embeddable":true,"href":"https:\/\/www.salvatorianas.org.br\/blog\/wp-json\/wp\/v2\/comments?post=20524"}],"version-history":[{"count":1,"href":"https:\/\/www.salvatorianas.org.br\/blog\/wp-json\/wp\/v2\/posts\/20524\/revisions"}],"predecessor-version":[{"id":20526,"href":"https:\/\/www.salvatorianas.org.br\/blog\/wp-json\/wp\/v2\/posts\/20524\/revisions\/20526"}],"wp:featuredmedia":[{"embeddable":true,"href":"https:\/\/www.salvatorianas.org.br\/blog\/wp-json\/wp\/v2\/media\/20525"}],"wp:attachment":[{"href":"https:\/\/www.salvatorianas.org.br\/blog\/wp-json\/wp\/v2\/media?parent=20524"}],"wp:term":[{"taxonomy":"category","embeddable":true,"href":"https:\/\/www.salvatorianas.org.br\/blog\/wp-json\/wp\/v2\/categories?post=20524"},{"taxonomy":"post_tag","embeddable":true,"href":"https:\/\/www.salvatorianas.org.br\/blog\/wp-json\/wp\/v2\/tags?post=20524"}],"curies":[{"name":"wp","href":"https:\/\/api.w.org\/{rel}","templated":true}]}}