{"id":20519,"date":"2023-07-01T01:05:00","date_gmt":"2023-07-01T01:05:00","guid":{"rendered":"https:\/\/www.salvatorianas.org.br\/blog\/?p=20519"},"modified":"2023-06-30T19:34:09","modified_gmt":"2023-06-30T19:34:09","slug":"20519-2","status":"publish","type":"post","link":"https:\/\/www.salvatorianas.org.br\/blog\/20519-2\/","title":{"rendered":""},"content":{"rendered":"\n<p>O Senhor \u00e9 a for\u00e7a de seu povo, fortaleza e salva\u00e7\u00e3o do seu ungido. Salvai, Senhor, vosso povo, aben\u00e7oai vossa heran\u00e7a e governai para sempre os vossos servos (Sl 27,8s).<\/p>\n\n\n\n<p><em>O poder divino se manifesta em nosso favor quando menos imaginamos. O pr\u00f3prio Deus nos desafia: \u201cExiste alguma coisa imposs\u00edvel para o Senhor?\u201d Renovemos, pois, nossa f\u00e9 naquele que toma nossas dores e sempre se lembra de nos mostrar sua bondade.<\/em><\/p>\n\n\n\n<p>Primeira Leitura:&nbsp;<strong>G\u00eanesis 18,1-15<\/strong><\/p>\n\n\n\n<p>Leitura do livro do G\u00eanesis \u2013 Naqueles dias,&nbsp;<sup>1<\/sup>o Senhor apareceu a Abra\u00e3o junto ao carvalho de Mambr\u00e9 quando ele estava sentado \u00e0 entrada da sua tenda, no maior calor do dia.&nbsp;<sup>2<\/sup>Levantando os olhos, Abra\u00e3o viu tr\u00eas homens de p\u00e9, perto dele. Assim que os viu, correu ao seu encontro e prostrou-se por terra.&nbsp;<sup>3<\/sup>E disse: \u201cMeu Senhor, se ganhei tua amizade, pe\u00e7o-te que n\u00e3o prossigas viagem sem parar junto a mim, teu servo.&nbsp;<sup>4<\/sup>Mandarei trazer um pouco de \u00e1gua para vos lavar os p\u00e9s, e descansareis debaixo da \u00e1rvore.&nbsp;<sup>5<\/sup>Farei servir um pouco de p\u00e3o para refazerdes vossas for\u00e7as antes de continuar a viagem. Pois foi para isso mesmo que vos aproximastes do vosso servo\u201d. Eles responderam: \u201cFaze como disseste\u201d.&nbsp;<sup>6<\/sup>Abra\u00e3o entrou logo na tenda onde estava Sara e lhe disse: \u201cToma depressa tr\u00eas medidas da mais fina farinha, amassa alguns p\u00e3es e assa-os\u201d.&nbsp;<sup>7<\/sup>Depois, Abra\u00e3o correu at\u00e9 o rebanho, pegou um bezerro dos mais tenros e melhores e deu-o a um criado, para que o preparasse sem demora.&nbsp;<sup>8<\/sup>A seguir, foi buscar coalhada, leite e o bezerro assado e p\u00f4s tudo diante deles. Abra\u00e3o, por\u00e9m, permaneceu de p\u00e9, junto deles, debaixo da \u00e1rvore, enquanto comiam.&nbsp;<sup>9<\/sup>E eles lhe perguntaram: \u201cOnde est\u00e1 Sara, tua mulher?\u201d \u201cEst\u00e1 na tenda\u201d, respondeu ele.&nbsp;<sup>10<\/sup>E um deles disse: \u201cVoltarei sem falta, no ano que vem, por este tempo, e Sara, tua mulher, j\u00e1 ter\u00e1 um filho\u201d. Ouvindo isso, Sara p\u00f4s-se a rir, da entrada da tenda, que estava atr\u00e1s dele.&nbsp;<sup>11<\/sup>Abra\u00e3o e Sara j\u00e1 eram velhos, muito avan\u00e7ados em idade, e para ela j\u00e1 havia cessado o per\u00edodo regular das mulheres.&nbsp;<sup>12<\/sup>Por isso, Sara se p\u00f4s a rir em seu \u00edntimo, dizendo: \u201cAcabada como estou, terei ainda tal prazer, sendo meu marido j\u00e1 velho?\u201d&nbsp;<sup>13<\/sup>E o Senhor disse a Abra\u00e3o: \u201cPor que riu Sara, dizendo consigo mesma: \u2018Acaso ainda terei um filho, sendo t\u00e3o velha?\u2019&nbsp;<sup>14<\/sup>Existe alguma coisa imposs\u00edvel para o Senhor? No ano que vem, voltarei por este tempo, e Sara j\u00e1 ter\u00e1 um filho\u201d.&nbsp;<sup>15<\/sup>Sara protestou, dizendo: \u201cEu n\u00e3o ri\u201d, pois estava com medo. Mas ele insistiu: \u201cSim, tu riste\u201d. \u2013 Palavra do Senhor.<\/p>\n\n\n\n<p>Salmo Responsorial:&nbsp;<strong>Lc 1<\/strong><\/p>\n\n\n\n<p><em><strong>O Senhor se lembrou de mostrar sua bondade.<\/strong><\/em><\/p>\n\n\n\n<p>1. A minha alma engrandece ao Senhor,&nbsp;\/&nbsp;e se alegrou o meu esp\u00edrito em Deus, meu salvador.&nbsp;\u2013 R.<\/p>\n\n\n\n<p>2. Pois ele viu a pequenez de sua serva,&nbsp;\/&nbsp;eis que agora as gera\u00e7\u00f5es h\u00e3o de chamar-me de bendita.&nbsp;\/&nbsp;O Poderoso fez por mim maravilhas&nbsp;\/&nbsp;e santo \u00e9 o seu nome!&nbsp;\u2013 R.<\/p>\n\n\n\n<p>3. Seu amor, de gera\u00e7\u00e3o em gera\u00e7\u00e3o,&nbsp;\/&nbsp;chega a todos os que o respeitam.&nbsp;\/&nbsp;De bens saciou os famintos&nbsp;\/&nbsp;e despediu, sem nada, os ricos.&nbsp;\u2013 R.<\/p>\n\n\n\n<p>4. Acolheu Israel, seu servidor,&nbsp;\/&nbsp;fiel ao seu amor,&nbsp;\/&nbsp;como havia prometido aos nossos pais,&nbsp;\/&nbsp;em favor de Abra\u00e3o e de seus filhos para sempre.&nbsp;\u2013 R.<\/p>\n\n\n\n<p>Evangelho:&nbsp;<strong>Mateus 8,5-17<\/strong><\/p>\n\n\n\n<p><strong><em>Aleluia, aleluia, aleluia.<\/em><\/strong><\/p>\n\n\n\n<p><strong>O Cristo tomou sobre si nossas dores,&nbsp;\/&nbsp;carregou em seu corpo as nossas fraquezas (Mt 8,17).&nbsp;\u2013 R.<\/strong><\/p>\n\n\n\n<p>Proclama\u00e7\u00e3o do Evangelho de Jesus Cristo segundo Mateus \u2013 Naquele tempo,&nbsp;<sup>5<\/sup>quando Jesus entrou em Cafarnaum, um oficial romano aproximou-se dele, suplicando:&nbsp;<sup>6<\/sup>\u201cSenhor, o meu empregado est\u00e1 de cama, l\u00e1 em casa, sofrendo terrivelmente com uma paralisia\u201d.&nbsp;<sup>7<\/sup>Jesus respondeu: \u201cVou cur\u00e1-lo\u201d.&nbsp;<sup>8<\/sup>O oficial disse: \u201cSenhor, eu n\u00e3o sou digno de que entres em minha casa. Dize uma s\u00f3 palavra e o meu empregado ficar\u00e1 curado.&nbsp;<sup>9<\/sup>Pois eu tamb\u00e9m sou subordinado e tenho soldados debaixo de minhas ordens. E digo a um: \u2018Vai!\u2019, e ele vai; e a outro: \u2018Vem!\u2019, e ele vem; e digo ao meu escravo: \u2018Faze isto!\u2019, e ele faz\u201d.&nbsp;<sup>10<\/sup>Quando ouviu isso, Jesus ficou admirado e disse aos que o seguiam: \u201cEm verdade vos digo, nunca encontrei em Israel algu\u00e9m que tivesse tanta f\u00e9.&nbsp;<sup>11<\/sup>Eu vos digo, muitos vir\u00e3o do oriente e do ocidente e se sentar\u00e3o \u00e0 mesa no Reino dos C\u00e9us, junto com Abra\u00e3o, Isaac e Jac\u00f3,&nbsp;<sup>12<\/sup>enquanto os herdeiros do Reino ser\u00e3o jogados para fora, nas trevas, onde haver\u00e1 choro e ranger de dentes\u201d.&nbsp;<sup>13<\/sup>Ent\u00e3o, Jesus disse ao oficial: \u201cVai! E seja feito como tu creste\u201d. E naquela mesma hora o empregado ficou curado.&nbsp;<sup>14<\/sup>Entrando Jesus na casa de Pedro, viu a sogra dele deitada e com febre.&nbsp;<sup>15<\/sup>Tocou-lhe a m\u00e3o, e a febre a deixou. Ela se levantou e p\u00f4s-se a servi-lo.&nbsp;<sup>16<\/sup>Quando caiu a tarde, levaram a Jesus muitas pessoas possu\u00eddas pelo dem\u00f4nio. Ele expulsou os esp\u00edritos com sua palavra e curou todos os doentes,&nbsp;<sup>17<\/sup>para que se cumprisse o que foi dito pelo profeta Isa\u00edas: \u201dEle tomou as nossas dores e carregou as nossas enfermidades\u201d. \u2013 Palavra da salva\u00e7\u00e3o.<\/p>\n\n\n\n<p>Reflex\u00e3o:<\/p>\n\n\n\n<p><em>Centuri\u00e3o, em cuja casa um judeu observante da Lei n\u00e3o podia entrar, era o chefe de cem soldados a servi\u00e7o dos romanos. Um deles aproxima-se de Jesus e lhe pede a cura de seu empregado. Jesus diz que ir\u00e1 \u00e0 casa dele. Por\u00e9m, constatando o alto grau de f\u00e9 do centuri\u00e3o, Jesus o elogia. Destaca-o como figura exemplar para todos os povos: \u201cEm Israel n\u00e3o encontrei ningu\u00e9m que tivesse tanta f\u00e9\u201d. Jesus segue fazendo prod\u00edgios: cura a sogra de Pedro e, ao entardecer, cura todos os doentes que lhe s\u00e3o apresentados, al\u00e9m de expulsar muitos dem\u00f4nios. O Reino de Deus se manifesta concretamente em Jesus, que \u201cassumiu nossas fraquezas e carregou nossas doen\u00e7as\u201d.<\/em><\/p>\n","protected":false},"excerpt":{"rendered":"<p>O Senhor \u00e9 a for\u00e7a de seu povo, fortaleza e salva\u00e7\u00e3o do seu ungido. Salvai, Senhor, vosso povo, aben\u00e7oai vossa heran\u00e7a e governai para sempre os vossos servos (Sl 27,8s). O poder divino&#8230;<\/p>\n","protected":false},"author":2,"featured_media":20520,"comment_status":"open","ping_status":"open","sticky":false,"template":"","format":"standard","meta":[],"categories":[7],"tags":[],"_links":{"self":[{"href":"https:\/\/www.salvatorianas.org.br\/blog\/wp-json\/wp\/v2\/posts\/20519"}],"collection":[{"href":"https:\/\/www.salvatorianas.org.br\/blog\/wp-json\/wp\/v2\/posts"}],"about":[{"href":"https:\/\/www.salvatorianas.org.br\/blog\/wp-json\/wp\/v2\/types\/post"}],"author":[{"embeddable":true,"href":"https:\/\/www.salvatorianas.org.br\/blog\/wp-json\/wp\/v2\/users\/2"}],"replies":[{"embeddable":true,"href":"https:\/\/www.salvatorianas.org.br\/blog\/wp-json\/wp\/v2\/comments?post=20519"}],"version-history":[{"count":2,"href":"https:\/\/www.salvatorianas.org.br\/blog\/wp-json\/wp\/v2\/posts\/20519\/revisions"}],"predecessor-version":[{"id":20523,"href":"https:\/\/www.salvatorianas.org.br\/blog\/wp-json\/wp\/v2\/posts\/20519\/revisions\/20523"}],"wp:featuredmedia":[{"embeddable":true,"href":"https:\/\/www.salvatorianas.org.br\/blog\/wp-json\/wp\/v2\/media\/20520"}],"wp:attachment":[{"href":"https:\/\/www.salvatorianas.org.br\/blog\/wp-json\/wp\/v2\/media?parent=20519"}],"wp:term":[{"taxonomy":"category","embeddable":true,"href":"https:\/\/www.salvatorianas.org.br\/blog\/wp-json\/wp\/v2\/categories?post=20519"},{"taxonomy":"post_tag","embeddable":true,"href":"https:\/\/www.salvatorianas.org.br\/blog\/wp-json\/wp\/v2\/tags?post=20519"}],"curies":[{"name":"wp","href":"https:\/\/api.w.org\/{rel}","templated":true}]}}