{"id":20515,"date":"2023-06-30T01:05:00","date_gmt":"2023-06-30T01:05:00","guid":{"rendered":"https:\/\/www.salvatorianas.org.br\/blog\/?p=20515"},"modified":"2023-06-29T20:17:18","modified_gmt":"2023-06-29T20:17:18","slug":"sexta-feira-30-de-junho-de-2023-12a-semana-do-tempo-comum-ano-impar-i","status":"publish","type":"post","link":"https:\/\/www.salvatorianas.org.br\/blog\/sexta-feira-30-de-junho-de-2023-12a-semana-do-tempo-comum-ano-impar-i\/","title":{"rendered":"Sexta-feira, 30 de Junho de 2023 12\u00aa Semana do Tempo Comum, Ano \u00cdmpar (I)"},"content":{"rendered":"\n<p>O Senhor \u00e9 a for\u00e7a de seu povo, fortaleza e salva\u00e7\u00e3o do seu ungido. Salvai, Senhor, vosso povo, aben\u00e7oai vossa heran\u00e7a e governai para sempre os vossos servos (Sl 27,8s).<\/p>\n\n\n\n<p><em>Em todos os tempos, Deus se comunica com o ser humano por meio de sinais. Jesus tamb\u00e9m nos favoreceu com os sacramentos, sinais da gra\u00e7a divina. Proponhamo-nos alimentar a f\u00e9 mediante intensa vida sacramental, principalmente pela celebra\u00e7\u00e3o eucar\u00edstica.<\/em><\/p>\n\n\n\n<p>Primeira Leitura:&nbsp;<strong>G\u00eanesis 17,1.9-10.15-22<\/strong><\/p>\n\n\n\n<p>Leitura do livro do G\u00eanesis \u2013&nbsp;<sup>1<\/sup>Abr\u00e3o tinha noventa e nove anos de idade quando o Senhor lhe apareceu e lhe disse: \u201cEu sou o Deus poderoso. Anda na minha presen\u00e7a e s\u00ea perfeito\u201d.&nbsp;<sup>9<\/sup>Deus disse ainda a Abra\u00e3o: \u201cGuarda a minha alian\u00e7a, tu e a tua descend\u00eancia para sempre.&nbsp;<sup>10<\/sup>Esta \u00e9 a minha alian\u00e7a que devereis observar, alian\u00e7a entre mim e v\u00f3s e tua descend\u00eancia futura: todo homem entre v\u00f3s dever\u00e1 ser circuncidado\u201d.&nbsp;<sup>15<\/sup>Deus disse tamb\u00e9m a Abra\u00e3o: \u201cQuanto \u00e0 tua mulher, Sarai, j\u00e1 n\u00e3o a chamar\u00e1s Sarai, mas Sara.&nbsp;<sup>16<\/sup>Eu a aben\u00e7oarei e tamb\u00e9m dela te darei um filho. Vou aben\u00e7o\u00e1-la, e ela ser\u00e1 m\u00e3e de na\u00e7\u00f5es, e reis de povos dela sair\u00e3o\u201d.&nbsp;<sup>17<\/sup>Abra\u00e3o prostrou-se com o rosto em terra e p\u00f4s-se a rir, dizendo consigo mesmo: \u201cSer\u00e1 que um homem de cem anos vai ter um filho e que, aos noventa anos, Sara vai dar \u00e0 luz?\u201d&nbsp;<sup>18<\/sup>E, dirigindo-se a Deus, disse: \u201cSe ao menos Ismael pudesse viver em tua presen\u00e7a\u201d.&nbsp;<sup>19<\/sup>Deus, por\u00e9m, disse: \u201cNa verdade, \u00e9 Sara, tua mulher, que te dar\u00e1 um filho, a quem chamar\u00e1s Isaac. Com ele estabelecerei a minha alian\u00e7a, uma alian\u00e7a perp\u00e9tua para a sua descend\u00eancia.&nbsp;<sup>20<\/sup>Atendo ao teu pedido, tamb\u00e9m, a respeito de Ismael. Eu o aben\u00e7oarei e tornarei fecundo e extremamente numeroso. Ser\u00e1 pai de doze pr\u00edncipes e farei dele uma grande na\u00e7\u00e3o.&nbsp;<sup>21<\/sup>Mas, quanto \u00e0 minha alian\u00e7a, eu a estabelecerei com Isaac, o filho que Sara te dar\u00e1 no ano que vem, por este tempo\u201d.&nbsp;<sup>22<\/sup>Tendo acabado de falar com Abra\u00e3o, Deus se retirou. \u2013 Palavra do Senhor.<\/p>\n\n\n\n<p>Salmo Responsorial:&nbsp;<strong>127(128)<\/strong><\/p>\n\n\n\n<p><em><strong>Ser\u00e1 assim aben\u00e7oado todo aquele&nbsp;\/&nbsp;que respeita o Senhor.<\/strong><\/em><\/p>\n\n\n\n<p>1. Feliz \u00e9s tu se temes o Senhor&nbsp;\/&nbsp;e trilhas seus caminhos!&nbsp;\/&nbsp;Do trabalho de tuas m\u00e3os h\u00e1s de viver,&nbsp;\/&nbsp;ser\u00e1s feliz, tudo ir\u00e1 bem!&nbsp;\u2013 R.<\/p>\n\n\n\n<p>2. A tua esposa \u00e9 uma videira bem fecunda&nbsp;\/&nbsp;no cora\u00e7\u00e3o da tua casa;&nbsp;\/&nbsp;os teus filhos s\u00e3o rebentos de oliveira&nbsp;\/&nbsp;ao redor de tua mesa.&nbsp;\u2013 R.<\/p>\n\n\n\n<p>3. Ser\u00e1 assim aben\u00e7oado todo homem&nbsp;\/&nbsp;que teme o Senhor.&nbsp;\/&nbsp;O Senhor te aben\u00e7oe de Si\u00e3o&nbsp;\/&nbsp;cada dia de tua vida.&nbsp;\u2013 R.<\/p>\n\n\n\n<p>Evangelho:&nbsp;<strong>Mateus 8,1-4<\/strong><\/p>\n\n\n\n<p><strong><em>Aleluia, aleluia, aleluia.<\/em><\/strong><\/p>\n\n\n\n<p><strong>O Cristo tomou sobre si nossas dores,&nbsp;\/&nbsp;carregou em seu corpo as nossas fraquezas (Mt 8,17).&nbsp;\u2013 R.<\/strong><\/p>\n\n\n\n<p>Proclama\u00e7\u00e3o do Evangelho de Jesus Cristo segundo Mateus \u2013&nbsp;<sup>1<\/sup>Tendo Jesus descido do monte, numerosas multid\u00f5es o seguiam.&nbsp;<sup>2<\/sup>Eis que um leproso se aproximou e se ajoelhou diante dele, dizendo: \u201cSenhor, se queres, tu tens o poder de me purificar\u201d.&nbsp;<sup>3<\/sup>Jesus estendeu a m\u00e3o, tocou nele e disse: \u201cEu quero, fica limpo\u201d. No mesmo instante, o homem ficou curado da lepra.&nbsp;<sup>4<\/sup>Ent\u00e3o Jesus lhe disse: \u201cOlha, n\u00e3o digas nada a ningu\u00e9m, mas vai mostrar-te ao sacerdote e faze a oferta que Mois\u00e9s ordenou, para servir de testemunho para eles\u201d. \u2013 Palavra da salva\u00e7\u00e3o.<\/p>\n\n\n\n<p>Reflex\u00e3o:<\/p>\n\n\n\n<p><em>Poucos vers\u00edculos, por\u00e9m densos de conte\u00fado. Jesus causa uma reviravolta na sociedade do seu tempo. Os leprosos carregavam o peso da marginaliza\u00e7\u00e3o religiosa e social. Por sua condi\u00e7\u00e3o de impuros, e conforme o que se ensinava na sinagoga, eles pensavam estar exclu\u00eddos do acesso ao Reino de Deus. Um desses infelizes percebe em Jesus a predile\u00e7\u00e3o pelos abandonados, a manifesta\u00e7\u00e3o da bondade de Deus, o cumprimento da promessa de liberta\u00e7\u00e3o dos oprimidos. Rompe a barreira e encurta a dist\u00e2ncia que o separa do Mestre, que lhe favorece a aproxima\u00e7\u00e3o e lhe atende o pedido: \u201cEstendeu a m\u00e3o e, tocando nele, Jesus disse: \u2018Eu quero. Fique purificado&#8217;\u201d. Em torno de Jesus fervilha a vida, o mal se retrai, irrompe o mundo novo: \u00e9 o encontro da miseric\u00f3rdia de Deus com a f\u00e9 do ser humano.<\/em><\/p>\n","protected":false},"excerpt":{"rendered":"<p>O Senhor \u00e9 a for\u00e7a de seu povo, fortaleza e salva\u00e7\u00e3o do seu ungido. Salvai, Senhor, vosso povo, aben\u00e7oai vossa heran\u00e7a e governai para sempre os vossos servos (Sl 27,8s). Em todos os&#8230;<\/p>\n","protected":false},"author":2,"featured_media":20516,"comment_status":"open","ping_status":"open","sticky":false,"template":"","format":"standard","meta":[],"categories":[7,1],"tags":[],"_links":{"self":[{"href":"https:\/\/www.salvatorianas.org.br\/blog\/wp-json\/wp\/v2\/posts\/20515"}],"collection":[{"href":"https:\/\/www.salvatorianas.org.br\/blog\/wp-json\/wp\/v2\/posts"}],"about":[{"href":"https:\/\/www.salvatorianas.org.br\/blog\/wp-json\/wp\/v2\/types\/post"}],"author":[{"embeddable":true,"href":"https:\/\/www.salvatorianas.org.br\/blog\/wp-json\/wp\/v2\/users\/2"}],"replies":[{"embeddable":true,"href":"https:\/\/www.salvatorianas.org.br\/blog\/wp-json\/wp\/v2\/comments?post=20515"}],"version-history":[{"count":1,"href":"https:\/\/www.salvatorianas.org.br\/blog\/wp-json\/wp\/v2\/posts\/20515\/revisions"}],"predecessor-version":[{"id":20517,"href":"https:\/\/www.salvatorianas.org.br\/blog\/wp-json\/wp\/v2\/posts\/20515\/revisions\/20517"}],"wp:featuredmedia":[{"embeddable":true,"href":"https:\/\/www.salvatorianas.org.br\/blog\/wp-json\/wp\/v2\/media\/20516"}],"wp:attachment":[{"href":"https:\/\/www.salvatorianas.org.br\/blog\/wp-json\/wp\/v2\/media?parent=20515"}],"wp:term":[{"taxonomy":"category","embeddable":true,"href":"https:\/\/www.salvatorianas.org.br\/blog\/wp-json\/wp\/v2\/categories?post=20515"},{"taxonomy":"post_tag","embeddable":true,"href":"https:\/\/www.salvatorianas.org.br\/blog\/wp-json\/wp\/v2\/tags?post=20515"}],"curies":[{"name":"wp","href":"https:\/\/api.w.org\/{rel}","templated":true}]}}