{"id":20511,"date":"2023-06-29T01:05:00","date_gmt":"2023-06-29T01:05:00","guid":{"rendered":"https:\/\/www.salvatorianas.org.br\/blog\/?p=20511"},"modified":"2023-06-28T17:04:37","modified_gmt":"2023-06-28T17:04:37","slug":"quinta-feira-29-de-junho-de-2023-12a-semana-do-tempo-comum-ano-impar-i","status":"publish","type":"post","link":"https:\/\/www.salvatorianas.org.br\/blog\/quinta-feira-29-de-junho-de-2023-12a-semana-do-tempo-comum-ano-impar-i\/","title":{"rendered":"Quinta-feira, 29 de Junho de 2023 12\u00aa Semana do Tempo Comum, Ano \u00cdmpar (I)"},"content":{"rendered":"\n<p>O Senhor \u00e9 a for\u00e7a de seu povo, fortaleza e salva\u00e7\u00e3o do seu ungido. Salvai, Senhor, vosso povo, aben\u00e7oai vossa heran\u00e7a e governai para sempre os vossos servos (Sl 27,8s).<\/p>\n\n\n\n<p><em>Deus tem projetos importantes para todos, mas nem sempre a pessoa est\u00e1 atenta aos sinais dos tempos, pelos quais Ele se manifesta, ent\u00e3o acaba atropelando e distorcendo os planos divinos. Esta liturgia nos ajude a viver em sintonia com a vontade e a Palavra do Senhor.<\/em><\/p>\n\n\n\n<p>Primeira Leitura:&nbsp;<strong>G\u00eanesis 16,1-12.15-16 ou 6-12.15-16<\/strong><\/p>\n\n\n\n<p><strong>[A forma breve est\u00e1 entre colchetes.]<\/strong><\/p>\n\n\n\n<p>Leitura do livro do G\u00eanesis \u2013&nbsp;<sup>1<\/sup>Sarai, a mulher de Abr\u00e3o, n\u00e3o lhe dera filhos. Mas, tendo uma escrava eg\u00edpcia, chamada Agar,&nbsp;<sup>2<\/sup>Sarai disse a Abr\u00e3o: \u201cEis que o Senhor me fez est\u00e9ril. Une-te, pois, \u00e0 minha escrava para ver se, por ela, posso ter filhos\u201d. Abr\u00e3o atendeu ao pedido de Sarai.&nbsp;<sup>3<\/sup>Depois de Abr\u00e3o ter morado dez anos em Cana\u00e3, Sarai, sua esposa, tomou sua escrava eg\u00edpcia, Agar, e deu-a como mulher ao seu marido, Abr\u00e3o.&nbsp;<sup>4<\/sup>Abr\u00e3o uniu-se a Agar e ela concebeu. Percebendo-se gr\u00e1vida, come\u00e7ou a olhar com desprezo a sua senhora.&nbsp;<sup>5<\/sup>Sarai disse a Abr\u00e3o: \u201cTu \u00e9s respons\u00e1vel pela inj\u00faria que estou sofrendo. Fui eu mesma que coloquei minha escrava em teus bra\u00e7os, e ela, apenas ficou gr\u00e1vida, p\u00f4s-se a desprezar-me. O Senhor ser\u00e1 juiz entre mim e ti\u201d.&nbsp;<sup>6<\/sup>Abr\u00e3o respondeu a Sarai: \u201cOlha, a escrava \u00e9 tua; faze dela o que bem entenderes\u201d. E&nbsp;<strong>[<\/strong>Sarai maltratou-a tanto, que ela fugiu.&nbsp;<sup>7<\/sup>Um anjo do Senhor, encontrando-a junto \u00e0 fonte do deserto, no caminho de Sur, disse-lhe:&nbsp;<sup>8<\/sup>\u201cAgar, escrava de Sarai, de onde vens e para onde vais?\u201d Ela respondeu: \u201cEstou fugindo de Sarai, minha senhora\u201d.&nbsp;<sup>9<\/sup>E o anjo do Senhor lhe disse: \u201cVolta para a tua senhora e s\u00ea submissa a ela\u201d.&nbsp;<sup>10<\/sup>E acrescentou: \u201cMultiplicarei a tua descend\u00eancia de tal forma, que n\u00e3o se poder\u00e1 contar\u201d.&nbsp;<sup>11<\/sup>Disse, ainda, o anjo do Senhor: \u201cOlha, est\u00e1s gr\u00e1vida e dar\u00e1s \u00e0 luz um filho e o chamar\u00e1s Ismael, porque o Senhor te ouviu na tua afli\u00e7\u00e3o.&nbsp;<sup>12<\/sup>Ele ser\u00e1 indom\u00e1vel como um jumento selvagem, sua m\u00e3o se levantar\u00e1 contra todos, e a m\u00e3o de todos contra ele. E ele viver\u00e1 separado de todos os seus irm\u00e3os\u201d.&nbsp;<sup>15<\/sup>Agar deu \u00e0 luz o filho de Abr\u00e3o; e ele p\u00f4s o nome de Ismael ao filho que Agar lhe deu.&nbsp;<sup>16<\/sup>Abr\u00e3o tinha oitenta e seis anos quando Agar deu \u00e0 luz Ismael.<strong>]<\/strong>&nbsp;\u2013 Palavra do Senhor.<\/p>\n\n\n\n<p>Salmo Responsorial:&nbsp;<strong>105(106)<\/strong><\/p>\n\n\n\n<p><em><strong>Dai gra\u00e7as ao Senhor, porque ele \u00e9 bom.<\/strong><\/em><\/p>\n\n\n\n<p>1. Dai gra\u00e7as ao Senhor, porque ele \u00e9 bom,&nbsp;\/&nbsp;porque eterna \u00e9 a sua miseric\u00f3rdia!&nbsp;\/&nbsp;Quem contar\u00e1 os grandes feitos do Senhor?&nbsp;\/&nbsp;Quem cantar\u00e1 todo o louvor que ele merece?&nbsp;\u2013 R.<\/p>\n\n\n\n<p>2. Felizes os que guardam seus preceitos&nbsp;\/&nbsp;e praticam a justi\u00e7a em todo o tempo!&nbsp;\/&nbsp;Lembrai-vos, \u00f3 Senhor, de mim, lembrai-vos,&nbsp;\/&nbsp;pelo amor que demonstrais ao vosso povo!&nbsp;\u2013 R.<\/p>\n\n\n\n<p>3. Visitai-me com a vossa salva\u00e7\u00e3o,&nbsp;\/&nbsp;para que eu veja o bem-estar do vosso povo,&nbsp;\/&nbsp;e exulte na alegria dos eleitos,&nbsp;\/&nbsp;e me glorie com os que s\u00e3o vossa heran\u00e7a.&nbsp;\u2013 R.<\/p>\n\n\n\n<p>Evangelho:&nbsp;<strong>Mateus 7,21-29<\/strong><\/p>\n\n\n\n<p><strong><em>Aleluia, aleluia, aleluia.<\/em><\/strong><\/p>\n\n\n\n<p><strong>Quem me ama realmente guardar\u00e1 minha palavra&nbsp;\/&nbsp;e meu Pai o amar\u00e1, e a ele n\u00f3s viremos (Jo 14,23).&nbsp;\u2013 R.<\/strong><\/p>\n\n\n\n<p>Proclama\u00e7\u00e3o do Evangelho de Jesus Cristo segundo Mateus \u2013 Naquele tempo, disse Jesus aos seus disc\u00edpulos:&nbsp;<sup>21<\/sup>\u201cNem todo aquele que me diz: \u2018Senhor, Senhor\u2019, entrar\u00e1 no Reino dos C\u00e9us, mas o que p\u00f5e em pr\u00e1tica a vontade de meu Pai que est\u00e1 nos c\u00e9us.&nbsp;<sup>22<\/sup>Naquele dia, muitos v\u00e3o me dizer: \u2018Senhor, Senhor, n\u00e3o foi em teu nome que profetizamos? N\u00e3o foi em teu nome que expulsamos dem\u00f4nios? E n\u00e3o foi em teu nome que fizemos muitos milagres?\u2019&nbsp;<sup>23<\/sup>Ent\u00e3o eu lhes direi publicamente: jamais vos conheci. Afastai-vos de mim, v\u00f3s que praticais o mal.&nbsp;<sup>24<\/sup>Portanto, quem ouve estas minhas palavras e as p\u00f5e em pr\u00e1tica \u00e9 como um homem prudente, que construiu sua casa sobre a rocha.&nbsp;<sup>25<\/sup>Caiu a chuva, vieram as enchentes, os ventos deram contra a casa, mas a casa n\u00e3o caiu, porque estava constru\u00edda sobre a rocha.&nbsp;<sup>26<\/sup>Por outro lado, quem ouve estas minhas palavras e n\u00e3o as p\u00f5e em pr\u00e1tica \u00e9 como um homem sem ju\u00edzo, que construiu sua casa sobre a areia.&nbsp;<sup>27<\/sup>Caiu a chuva, vieram as enchentes, os ventos sopraram e deram contra a casa, e a casa caiu, e sua ru\u00edna foi completa!\u201d&nbsp;<sup>28<\/sup>Quando Jesus acabou de dizer essas palavras, as multid\u00f5es ficaram admiradas com seu ensinamento.&nbsp;<sup>29<\/sup>De fato, ele as ensinava como quem tem autoridade, e n\u00e3o como os mestres da Lei. \u2013 Palavra da salva\u00e7\u00e3o.<\/p>\n\n\n\n<p>Reflex\u00e3o:<\/p>\n\n\n\n<p><em>Na conclus\u00e3o do serm\u00e3o da montanha, Jesus nos estimula a p\u00f4r em pr\u00e1tica todos os seus ensinamentos e deixa claro que o aut\u00eantico herdeiro do Reino \u00e9 quem cumpre a vontade de Deus. O voto de aprova\u00e7\u00e3o depende das obras boas realizadas para a gl\u00f3ria de Deus e o bem do pr\u00f3ximo. Outros sinais, mesmo extraordin\u00e1rios e sob invoca\u00e7\u00e3o do nome do Senhor, se n\u00e3o forem acompanhados da sinceridade de cora\u00e7\u00e3o, mas realizados por motivos desonestos, ser\u00e3o reprovados \u201cnaquele dia\u201d, momento de prestar contas. N\u00e3o basta ficar s\u00f3 rezando e repetindo o nome de Deus sem arrega\u00e7ar as mangas e partir para a pr\u00e1tica da justi\u00e7a. Quem fizer a vontade do Pai celeste, revelada por Jesus nos Evangelhos, esse estar\u00e1 edificando sua vida sobre a rocha inabal\u00e1vel, que \u00e9 o pr\u00f3prio Cristo.<\/em><\/p>\n","protected":false},"excerpt":{"rendered":"<p>O Senhor \u00e9 a for\u00e7a de seu povo, fortaleza e salva\u00e7\u00e3o do seu ungido. Salvai, Senhor, vosso povo, aben\u00e7oai vossa heran\u00e7a e governai para sempre os vossos servos (Sl 27,8s). Deus tem projetos&#8230;<\/p>\n","protected":false},"author":2,"featured_media":20512,"comment_status":"open","ping_status":"open","sticky":false,"template":"","format":"standard","meta":[],"categories":[7],"tags":[],"_links":{"self":[{"href":"https:\/\/www.salvatorianas.org.br\/blog\/wp-json\/wp\/v2\/posts\/20511"}],"collection":[{"href":"https:\/\/www.salvatorianas.org.br\/blog\/wp-json\/wp\/v2\/posts"}],"about":[{"href":"https:\/\/www.salvatorianas.org.br\/blog\/wp-json\/wp\/v2\/types\/post"}],"author":[{"embeddable":true,"href":"https:\/\/www.salvatorianas.org.br\/blog\/wp-json\/wp\/v2\/users\/2"}],"replies":[{"embeddable":true,"href":"https:\/\/www.salvatorianas.org.br\/blog\/wp-json\/wp\/v2\/comments?post=20511"}],"version-history":[{"count":1,"href":"https:\/\/www.salvatorianas.org.br\/blog\/wp-json\/wp\/v2\/posts\/20511\/revisions"}],"predecessor-version":[{"id":20513,"href":"https:\/\/www.salvatorianas.org.br\/blog\/wp-json\/wp\/v2\/posts\/20511\/revisions\/20513"}],"wp:featuredmedia":[{"embeddable":true,"href":"https:\/\/www.salvatorianas.org.br\/blog\/wp-json\/wp\/v2\/media\/20512"}],"wp:attachment":[{"href":"https:\/\/www.salvatorianas.org.br\/blog\/wp-json\/wp\/v2\/media?parent=20511"}],"wp:term":[{"taxonomy":"category","embeddable":true,"href":"https:\/\/www.salvatorianas.org.br\/blog\/wp-json\/wp\/v2\/categories?post=20511"},{"taxonomy":"post_tag","embeddable":true,"href":"https:\/\/www.salvatorianas.org.br\/blog\/wp-json\/wp\/v2\/tags?post=20511"}],"curies":[{"name":"wp","href":"https:\/\/api.w.org\/{rel}","templated":true}]}}