{"id":20508,"date":"2023-06-28T17:02:13","date_gmt":"2023-06-28T17:02:13","guid":{"rendered":"https:\/\/www.salvatorianas.org.br\/blog\/?p=20508"},"modified":"2023-06-28T17:02:14","modified_gmt":"2023-06-28T17:02:14","slug":"quarta-feira-28-de-junho-de-2023-santo-irineu-bispo-e-martir-memoria-12a-semana-do-tempo-comum","status":"publish","type":"post","link":"https:\/\/www.salvatorianas.org.br\/blog\/quarta-feira-28-de-junho-de-2023-santo-irineu-bispo-e-martir-memoria-12a-semana-do-tempo-comum\/","title":{"rendered":"Quarta-feira, 28 de Junho de 2023 Santo Irineu, bispo e m\u00e1rtir, Mem\u00f3ria 12\u00aa Semana do Tempo Comum"},"content":{"rendered":"\n<p>Farei surgir um sacerdote fiel, que agir\u00e1 segundo o meu cora\u00e7\u00e3o e a minha vontade, diz o Senhor (1Sm 2,35).<\/p>\n\n\n\n<p><em>Irineu nasceu em Esmirna, na atual Turquia, por volta do ano 130. Bispo e doutor da Igreja, foi um dos mais importantes escritores de seu tempo. Empenhou-se pelo an\u00fancio do Evangelho na G\u00e1lia e lutou contra as heresias, promovendo a uni\u00e3o entre as Igrejas. Disc\u00edpulo de S\u00e3o Policarpo, que conviveu com o ap\u00f3stolo S\u00e3o Jo\u00e3o, \u00e9 considerado por isso o \u00faltimo \u201chomem apost\u00f3lico\u201d. Sofreu o mart\u00edrio no ano 202. Seu testemunho nos encoraje a promover a paz entre os irm\u00e3os e irm\u00e3s.<\/em><\/p>\n\n\n\n<p>Primeira Leitura:&nbsp;<strong>G\u00eanesis 15,1-12.17-18<\/strong><\/p>\n\n\n\n<p>Leitura do livro do G\u00eanesis \u2013 Naqueles dias,&nbsp;<sup>1<\/sup>o Senhor falou a Abr\u00e3o, dizendo: \u201cN\u00e3o temas, Abr\u00e3o! Eu sou o teu protetor e tua recompensa ser\u00e1 muito grande\u201d.&nbsp;<sup>2<\/sup>Abr\u00e3o respondeu: \u201cSenhor Deus, que me dar\u00e1s? Eu me vou desta vida sem filhos e o herdeiro de minha casa ser\u00e1 Eliezer de Damasco\u201d.&nbsp;<sup>3<\/sup>E acrescentou: \u201cComo n\u00e3o me deste descend\u00eancia, um servo nascido em minha casa ser\u00e1 meu herdeiro\u201d.&nbsp;<sup>4<\/sup>Ent\u00e3o, o Senhor falou-lhe nestes termos: \u201cO teu herdeiro n\u00e3o ser\u00e1 esse, mas um dos teus descendentes \u00e9 que ser\u00e1 o herdeiro\u201d.&nbsp;<sup>5<\/sup>E, conduzindo-o para fora, disse-lhe: \u201cOlha para o c\u00e9u e conta as estrelas se fores capaz!\u201d E acrescentou: \u201cAssim ser\u00e1 a tua descend\u00eancia\u201d.&nbsp;<sup>6<\/sup>Abr\u00e3o teve f\u00e9 no Senhor, que considerou isso como justi\u00e7a.&nbsp;<sup>7<\/sup>E lhe disse: \u201cEu sou o Senhor que te fez sair de Ur dos caldeus para te dar em possess\u00e3o esta terra\u201d.&nbsp;<sup>8<\/sup>Abr\u00e3o lhe perguntou: \u201cSenhor Deus, como poderei saber que vou possu\u00ed-la?\u201d&nbsp;<sup>9<\/sup>E o Senhor lhe disse: \u201cTraze-me uma novilha de tr\u00eas anos, uma cabra de tr\u00eas anos, um carneiro de tr\u00eas anos, al\u00e9m de uma rola e de uma pombinha\u201d.&nbsp;<sup>10<\/sup>Abr\u00e3o trouxe tudo e dividiu os animais pelo meio, mas n\u00e3o as aves, colocando as respectivas partes uma frente \u00e0 outra.&nbsp;<sup>11<\/sup>Aves de rapina se precipitaram sobre os cad\u00e1veres, mas Abr\u00e3o as enxotou.&nbsp;<sup>12<\/sup>Quando o sol j\u00e1 se ia pondo, caiu um sono profundo sobre Abr\u00e3o e ele foi tomado de grande e misterioso terror.&nbsp;<sup>17<\/sup>Quando o sol se p\u00f4s e escureceu, apareceu um braseiro fumegante e uma tocha de fogo, que passaram por entre os animais divididos.&nbsp;<sup>18<\/sup>Naquele dia o Senhor fez alian\u00e7a com Abr\u00e3o, dizendo: \u201cAos teus descendentes darei esta terra, desde o rio do Egito at\u00e9 o grande rio, o Eufrates\u201d. \u2013 Palavra do Senhor.<\/p>\n\n\n\n<p>Salmo Responsorial:&nbsp;<strong>104(105)<\/strong><\/p>\n\n\n\n<p><em><strong>O Senhor se lembra sempre da Alian\u00e7a.<\/strong><\/em><\/p>\n\n\n\n<p>1. Dai gra\u00e7as ao Senhor, gritai seu nome,&nbsp;\/&nbsp;anunciai entre as na\u00e7\u00f5es seus grandes feitos!&nbsp;\/&nbsp;Cantai, entoai salmos para ele,&nbsp;\/&nbsp;publicai todas as suas maravilhas!&nbsp;\u2013 R.<\/p>\n\n\n\n<p>2. Gloriai-vos em seu nome, que \u00e9 santo,&nbsp;\/&nbsp;exulte o cora\u00e7\u00e3o que busca a Deus!&nbsp;\/&nbsp;Procurai o Senhor Deus e seu poder,&nbsp;\/&nbsp;buscai constantemente a sua face!&nbsp;\u2013 R.<\/p>\n\n\n\n<p>3. Descendentes de Abra\u00e3o, seu servidor,&nbsp;\/&nbsp;e filhos de Jac\u00f3, seu escolhido,&nbsp;\/&nbsp;ele mesmo, o Senhor, \u00e9 nosso Deus,&nbsp;\/&nbsp;vigoram suas leis em toda a terra.&nbsp;\u2013 R.<\/p>\n\n\n\n<p>4. Ele sempre se recorda da Alian\u00e7a,&nbsp;\/&nbsp;promulgada a incont\u00e1veis gera\u00e7\u00f5es;&nbsp;\/&nbsp;da Alian\u00e7a que ele fez com Abra\u00e3o&nbsp;\/&nbsp;e do seu santo juramento a Isaac.&nbsp;\u2013 R.<\/p>\n\n\n\n<p>Evangelho:&nbsp;<strong>Mateus 7,15-20<\/strong><\/p>\n\n\n\n<p><strong><em>Aleluia, aleluia, aleluia.<\/em><\/strong><\/p>\n\n\n\n<p><strong>Ficai em mim e eu em v\u00f3s ficarei, diz Jesus;&nbsp;\/&nbsp;quem em mim permanece h\u00e1 de dar muito fruto (Jo 15,4s).&nbsp;\u2013 R.<\/strong><\/p>\n\n\n\n<p>Proclama\u00e7\u00e3o do Evangelho de Jesus Cristo segundo Mateus \u2013 Naquele tempo, disse Jesus aos seus disc\u00edpulos:&nbsp;<sup>15<\/sup>\u201cCuidado com os falsos profetas: eles v\u00eam at\u00e9 v\u00f3s vestidos com peles de ovelha, mas por dentro s\u00e3o lobos ferozes.&nbsp;<sup>16<\/sup>V\u00f3s os conhecereis pelos seus frutos. Por acaso se colhem uvas de espinheiros ou figos de urtigas?&nbsp;<sup>17<\/sup>Assim, toda \u00e1rvore boa produz frutos bons e toda \u00e1rvore m\u00e1 produz frutos maus.&nbsp;<sup>18<\/sup>Uma \u00e1rvore boa n\u00e3o pode dar frutos maus, nem uma \u00e1rvore m\u00e1 pode produzir frutos bons.&nbsp;<sup>19<\/sup>Toda \u00e1rvore que n\u00e3o d\u00e1 bons frutos \u00e9 cortada e jogada no fogo.&nbsp;<sup>20<\/sup>Portanto, pelos seus frutos v\u00f3s os conhecereis\u201d. \u2013 Palavra da salva\u00e7\u00e3o.<\/p>\n\n\n\n<p>Reflex\u00e3o:<\/p>\n\n\n\n<p><em>No Antigo Testamento, os falsos profetas eram o tormento dos verdadeiros profetas de Deus. Prometiam o que n\u00e3o podiam dar; eram complacentes com os v\u00edcios humanos, em vez de corrigi-los. N\u00e3o faltar\u00e3o, nas comunidades crist\u00e3s, os falsos profetas contra os quais Jesus previne seus disc\u00edpulos (cf. Mt 24,11). S\u00e3o pessoas mal-intencionadas. \u00c9 necess\u00e1rio cada um ficar atento aos \u201cfrutos\u201d que elas produzem. Se forem gente do bem, far\u00e3o obras boas. Se n\u00e3o, ser\u00e3o como bal\u00f5es portadores de vento! A advert\u00eancia de Jesus atinge, antes de tudo, as lideran\u00e7as religiosas: sua vida \u00e9 reflexo daquilo que pregam? Mas \u00e9 um apelo a todos os crist\u00e3os: mais que uma doutrina que se deve conhecer, o cristianismo \u00e9 uma forma de vida; ent\u00e3o cabe aqui a pergunta: quais s\u00e3o os frutos que estou produzindo para o Reino de Deus?<\/em><\/p>\n","protected":false},"excerpt":{"rendered":"<p>Farei surgir um sacerdote fiel, que agir\u00e1 segundo o meu cora\u00e7\u00e3o e a minha vontade, diz o Senhor (1Sm 2,35). Irineu nasceu em Esmirna, na atual Turquia, por volta do ano 130. Bispo&#8230;<\/p>\n","protected":false},"author":2,"featured_media":20509,"comment_status":"open","ping_status":"open","sticky":false,"template":"","format":"standard","meta":[],"categories":[7],"tags":[],"_links":{"self":[{"href":"https:\/\/www.salvatorianas.org.br\/blog\/wp-json\/wp\/v2\/posts\/20508"}],"collection":[{"href":"https:\/\/www.salvatorianas.org.br\/blog\/wp-json\/wp\/v2\/posts"}],"about":[{"href":"https:\/\/www.salvatorianas.org.br\/blog\/wp-json\/wp\/v2\/types\/post"}],"author":[{"embeddable":true,"href":"https:\/\/www.salvatorianas.org.br\/blog\/wp-json\/wp\/v2\/users\/2"}],"replies":[{"embeddable":true,"href":"https:\/\/www.salvatorianas.org.br\/blog\/wp-json\/wp\/v2\/comments?post=20508"}],"version-history":[{"count":1,"href":"https:\/\/www.salvatorianas.org.br\/blog\/wp-json\/wp\/v2\/posts\/20508\/revisions"}],"predecessor-version":[{"id":20510,"href":"https:\/\/www.salvatorianas.org.br\/blog\/wp-json\/wp\/v2\/posts\/20508\/revisions\/20510"}],"wp:featuredmedia":[{"embeddable":true,"href":"https:\/\/www.salvatorianas.org.br\/blog\/wp-json\/wp\/v2\/media\/20509"}],"wp:attachment":[{"href":"https:\/\/www.salvatorianas.org.br\/blog\/wp-json\/wp\/v2\/media?parent=20508"}],"wp:term":[{"taxonomy":"category","embeddable":true,"href":"https:\/\/www.salvatorianas.org.br\/blog\/wp-json\/wp\/v2\/categories?post=20508"},{"taxonomy":"post_tag","embeddable":true,"href":"https:\/\/www.salvatorianas.org.br\/blog\/wp-json\/wp\/v2\/tags?post=20508"}],"curies":[{"name":"wp","href":"https:\/\/api.w.org\/{rel}","templated":true}]}}