{"id":20505,"date":"2023-06-27T01:05:00","date_gmt":"2023-06-27T01:05:00","guid":{"rendered":"https:\/\/www.salvatorianas.org.br\/blog\/?p=20505"},"modified":"2023-06-26T20:32:43","modified_gmt":"2023-06-26T20:32:43","slug":"terca-feira-27-de-junho-de-2023-12a-semana-do-tempo-comum-ano-impar-i","status":"publish","type":"post","link":"https:\/\/www.salvatorianas.org.br\/blog\/terca-feira-27-de-junho-de-2023-12a-semana-do-tempo-comum-ano-impar-i\/","title":{"rendered":"Ter\u00e7a-feira, 27 de Junho de 2023 12\u00aa Semana do Tempo Comum, Ano \u00cdmpar (I)"},"content":{"rendered":"\n<p>O Senhor \u00e9 a for\u00e7a de seu povo, fortaleza e salva\u00e7\u00e3o do seu ungido. Salvai, Senhor, vosso povo, aben\u00e7oai vossa heran\u00e7a e governai para sempre os vossos servos (Sl 27,8s).<\/p>\n\n\n\n<p><em>Mediante o di\u00e1logo e a compreens\u00e3o m\u00fatua \u2013 \u201csomos irm\u00e3os\u201d, diz Abr\u00e3o a L\u00f3 -, as fam\u00edlias resolvem seus problemas. Esta liturgia nos inspire a trilhar sempre o caminho estreito do bom senso e da fraternidade para melhorar nossa conviv\u00eancia em fam\u00edlia e na sociedade.<\/em><\/p>\n\n\n\n<p>Primeira Leitura:&nbsp;<strong>G\u00eanesis 13,2.5-18<\/strong><\/p>\n\n\n\n<p>Leitura do livro do G\u00eanesis \u2013&nbsp;<sup>2<\/sup>Abr\u00e3o era muito rico em rebanhos, prata e ouro.&nbsp;<sup>5<\/sup>L\u00f3, que acompanhava Abr\u00e3o, tamb\u00e9m tinha ovelhas, gado e tendas.&nbsp;<sup>6<\/sup>A regi\u00e3o j\u00e1 n\u00e3o bastava para os dois, pois seus rebanhos eram demasiado numerosos para poderem morar juntos.&nbsp;<sup>7<\/sup>Surgiram disc\u00f3rdias entre os pastores que cuidavam da cria\u00e7\u00e3o de Abr\u00e3o e os pastores de L\u00f3. Naquele tempo, os cananeus e os ferezeus ainda habitavam naquela terra.&nbsp;<sup>8<\/sup>Abr\u00e3o disse a L\u00f3: \u201cN\u00e3o deve haver disc\u00f3rdia entre n\u00f3s e entre os nossos pastores, pois somos irm\u00e3os.&nbsp;<sup>9<\/sup>Est\u00e1s vendo toda esta terra diante de ti? Pois bem, pe\u00e7o-te, separa-te de mim. Se fores para a esquerda, eu irei para a direita; se fores para a direita, eu irei para a esquerda\u201d.&nbsp;<sup>10<\/sup>Levantando os olhos, L\u00f3 viu que toda a regi\u00e3o em torno do Jord\u00e3o era por toda parte irrigada \u2013 isso antes que o Senhor destru\u00edsse Sodoma e Gomorra -, era como um jardim do Senhor e como o Egito, at\u00e9 a altura de Segor.&nbsp;<sup>11<\/sup>L\u00f3 escolheu, ent\u00e3o, para si a regi\u00e3o em torno do Jord\u00e3o e foi para oriente. Foi assim que os dois se separaram um do outro.&nbsp;<sup>12<\/sup>Abr\u00e3o habitou na terra de Cana\u00e3, enquanto L\u00f3 se estabeleceu nas cidades pr\u00f3ximas do Jord\u00e3o e armou suas tendas at\u00e9 Sodoma.&nbsp;<sup>13<\/sup>Ora, os habitantes de Sodoma eram p\u00e9ssimos e grandes pecadores diante do Senhor.&nbsp;<sup>14<\/sup>E o Senhor disse a Abr\u00e3o, depois que L\u00f3 se separou dele: \u201cErgue os olhos e, do lugar onde est\u00e1s, olha para o norte e para o sul, para o oriente e para o ocidente:&nbsp;<sup>15<\/sup>toda essa terra que est\u00e1s vendo, eu a darei a ti e \u00e0 tua descend\u00eancia para sempre.&nbsp;<sup>16<\/sup>Tornarei tua descend\u00eancia t\u00e3o numerosa como o p\u00f3 da terra. Se algu\u00e9m puder contar os gr\u00e3os do p\u00f3 da terra, ent\u00e3o poder\u00e1 contar a tua descend\u00eancia.&nbsp;<sup>17<\/sup>Levanta-te e percorre este pa\u00eds de ponta a ponta, porque \u00e9 a ti que o darei\u201d.&nbsp;<sup>18<\/sup>Tendo desarmado suas tendas, Abr\u00e3o foi morar junto ao carvalho de Mambr\u00e9, que est\u00e1 em Hebron, e ali construiu um altar ao Senhor. \u2013 Palavra do Senhor.<\/p>\n\n\n\n<p>Salmo Responsorial:&nbsp;<strong>14(15)<\/strong><\/p>\n\n\n\n<p><strong>Senhor, quem morar\u00e1 em vosso monte santo?<\/strong><\/p>\n\n\n\n<p>1. \u201cSenhor, quem morar\u00e1 em vossa casa?\u201d&nbsp;\u2020&nbsp;\u00c9 aquele que caminha sem pecado&nbsp;\/&nbsp;e pratica a justi\u00e7a fielmente;&nbsp;\/&nbsp;que pensa a verdade no seu \u00edntimo&nbsp;\/&nbsp;e n\u00e3o solta em cal\u00fanias sua l\u00edngua.&nbsp;\u2013 R.<\/p>\n\n\n\n<p>2. Que em nada prejudica o seu irm\u00e3o&nbsp;\/&nbsp;nem cobre de insultos seu vizinho;&nbsp;\/&nbsp;que n\u00e3o d\u00e1 valor algum ao homem \u00edmpio,&nbsp;\/&nbsp;mas honra os que respeitam o Senhor.&nbsp;\u2013 R.<\/p>\n\n\n\n<p>3. N\u00e3o empresta o seu dinheiro com usura&nbsp;\u2020&nbsp;nem se deixa subornar contra o inocente.&nbsp;\/&nbsp;Jamais vacilar\u00e1 quem vive assim!&nbsp;\u2013&nbsp;R.<\/p>\n\n\n\n<p>Evangelho:&nbsp;<strong>Mateus 7,6.12-14<\/strong><\/p>\n\n\n\n<p><strong><em>Aleluia, aleluia, aleluia.<\/em><\/strong><\/p>\n\n\n\n<p><strong>Eu sou a luz do mundo;&nbsp;\/&nbsp;aquele que me segue&nbsp;\/&nbsp;n\u00e3o caminha entre as trevas,&nbsp;\/&nbsp;mas ter\u00e1 a luz da vida (Jo 8,12).&nbsp;\u2013 R.<\/strong><\/p>\n\n\n\n<p>Proclama\u00e7\u00e3o do Evangelho de Jesus Cristo segundo Mateus \u2013 Naquele tempo, disse Jesus aos seus disc\u00edpulos:&nbsp;<sup>6<\/sup>\u201cN\u00e3o deis aos c\u00e3es as coisas santas nem atireis vossas p\u00e9rolas aos porcos, para que eles n\u00e3o as pisem com os p\u00e9s e, voltando-se contra v\u00f3s, vos despedacem.&nbsp;<sup>12<\/sup>Tudo quanto quereis que os outros vos fa\u00e7am, fazei tamb\u00e9m a eles. Nisto consiste a Lei e os Profetas.&nbsp;<sup>13<\/sup>Entrai pela porta estreita, porque larga \u00e9 a porta e espa\u00e7oso \u00e9 o caminho que leva \u00e0 perdi\u00e7\u00e3o, e muitos s\u00e3o os que entram por ele!&nbsp;<sup>14<\/sup>Como \u00e9 estreita a porta e apertado o caminho que leva \u00e0 vida! E s\u00e3o poucos os que o encontram!\u201d \u2013 Palavra da salva\u00e7\u00e3o.<\/p>\n\n\n\n<p>Reflex\u00e3o:<\/p>\n\n\n\n<p><em>N\u00e3o \u00e9 prudente falar de Deus e do seu projeto de vida e liberta\u00e7\u00e3o a pessoas que se julgam autossuficientes, que desprezam a religi\u00e3o e seus s\u00edmbolos sagrados. Seria desperd\u00edcio total. As coisas sagradas, dentre elas a Palavra de Deus, devem ser oferecidas a quem tem o cora\u00e7\u00e3o aberto para acolh\u00ea-las com respeito. Jesus retoma a m\u00e1xima chamada \u201cregra de ouro\u201d. Coloca-a em chave positiva: fazer aos outros o que desejar\u00edamos que nos fizessem. Para praticar essa norma em todos os momentos, temos de prestar aten\u00e7\u00e3o \u00e0 realidade do outro, colocar-nos no seu lugar, enfim, sair de n\u00f3s mesmos. A caridade aqui \u00e9 entendida como atitude de amor sem limite, sem esperar retribui\u00e7\u00e3o. Isso faz parte do \u201ccaminho estreito\u201d pelo qual se supera o ego\u00edsmo e se alcan\u00e7a a salva\u00e7\u00e3o.<\/em><\/p>\n","protected":false},"excerpt":{"rendered":"<p>O Senhor \u00e9 a for\u00e7a de seu povo, fortaleza e salva\u00e7\u00e3o do seu ungido. Salvai, Senhor, vosso povo, aben\u00e7oai vossa heran\u00e7a e governai para sempre os vossos servos (Sl 27,8s). Mediante o di\u00e1logo&#8230;<\/p>\n","protected":false},"author":2,"featured_media":20506,"comment_status":"open","ping_status":"open","sticky":false,"template":"","format":"standard","meta":[],"categories":[7,1],"tags":[],"_links":{"self":[{"href":"https:\/\/www.salvatorianas.org.br\/blog\/wp-json\/wp\/v2\/posts\/20505"}],"collection":[{"href":"https:\/\/www.salvatorianas.org.br\/blog\/wp-json\/wp\/v2\/posts"}],"about":[{"href":"https:\/\/www.salvatorianas.org.br\/blog\/wp-json\/wp\/v2\/types\/post"}],"author":[{"embeddable":true,"href":"https:\/\/www.salvatorianas.org.br\/blog\/wp-json\/wp\/v2\/users\/2"}],"replies":[{"embeddable":true,"href":"https:\/\/www.salvatorianas.org.br\/blog\/wp-json\/wp\/v2\/comments?post=20505"}],"version-history":[{"count":1,"href":"https:\/\/www.salvatorianas.org.br\/blog\/wp-json\/wp\/v2\/posts\/20505\/revisions"}],"predecessor-version":[{"id":20507,"href":"https:\/\/www.salvatorianas.org.br\/blog\/wp-json\/wp\/v2\/posts\/20505\/revisions\/20507"}],"wp:featuredmedia":[{"embeddable":true,"href":"https:\/\/www.salvatorianas.org.br\/blog\/wp-json\/wp\/v2\/media\/20506"}],"wp:attachment":[{"href":"https:\/\/www.salvatorianas.org.br\/blog\/wp-json\/wp\/v2\/media?parent=20505"}],"wp:term":[{"taxonomy":"category","embeddable":true,"href":"https:\/\/www.salvatorianas.org.br\/blog\/wp-json\/wp\/v2\/categories?post=20505"},{"taxonomy":"post_tag","embeddable":true,"href":"https:\/\/www.salvatorianas.org.br\/blog\/wp-json\/wp\/v2\/tags?post=20505"}],"curies":[{"name":"wp","href":"https:\/\/api.w.org\/{rel}","templated":true}]}}