{"id":20501,"date":"2023-06-26T01:05:00","date_gmt":"2023-06-26T01:05:00","guid":{"rendered":"https:\/\/www.salvatorianas.org.br\/blog\/?p=20501"},"modified":"2023-06-23T19:48:25","modified_gmt":"2023-06-23T19:48:25","slug":"segunda-feira-26-de-junho-de-2023-12a-semana-do-tempo-comum-ano-impar-i","status":"publish","type":"post","link":"https:\/\/www.salvatorianas.org.br\/blog\/segunda-feira-26-de-junho-de-2023-12a-semana-do-tempo-comum-ano-impar-i\/","title":{"rendered":"Segunda-feira, 26 de Junho de 2023 12\u00aa Semana do Tempo Comum, Ano \u00cdmpar (I)"},"content":{"rendered":"\n<p>O Senhor \u00e9 a for\u00e7a de seu povo, fortaleza e salva\u00e7\u00e3o do seu ungido. Salvai, Senhor, vosso povo, aben\u00e7oai vossa heran\u00e7a e governai para sempre os vossos servos (Sl 27,8s).<\/p>\n\n\n\n<p><em>Deus faz hist\u00f3ria com seu povo. Escolhe um l\u00edder, aben\u00e7oa-o e o faz partir, garantindo-lhe que nele \u201cser\u00e3o aben\u00e7oadas todas as fam\u00edlias da terra\u201d. Com um olhar claro para os sinais dos tempos, deixemo-nos conduzir pelo Senhor, que conta conosco para seguir construindo a hist\u00f3ria da humanidade.<\/em><\/p>\n\n\n\n<p>Primeira Leitura:&nbsp;<strong>G\u00eanesis 12,1-9<\/strong><\/p>\n\n\n\n<p>Leitura do livro do G\u00eanesis \u2013 Naqueles dias,&nbsp;<sup>1<\/sup>o Senhor disse a Abr\u00e3o: \u201cSai da tua terra, da tua fam\u00edlia e da casa do teu pai e vai para a terra que eu te vou mostrar.&nbsp;<sup>2<\/sup>Farei de ti um grande povo e te aben\u00e7oarei: engrandecerei o teu nome, de modo que ele se torne uma b\u00ean\u00e7\u00e3o.&nbsp;<sup>3<\/sup>Aben\u00e7oarei os que te aben\u00e7oarem e amaldi\u00e7oarei os que te amaldi\u00e7oarem; em ti ser\u00e3o aben\u00e7oadas todas as fam\u00edlias da terra!\u201d&nbsp;<sup>4<\/sup>E Abr\u00e3o partiu, como o Senhor lhe havia dito, e L\u00f3 foi com ele. Tinha Abr\u00e3o setenta e cinco anos quando partiu de Har\u00e3.&nbsp;<sup>5<\/sup>Ele levou consigo sua mulher Sarai, seu sobrinho L\u00f3 e todos os bens que possu\u00edam, bem como todos os escravos que haviam adquirido em Har\u00e3. Partiram rumo \u00e0 terra de Cana\u00e3 e ali chegaram.&nbsp;<sup>6<\/sup>Abr\u00e3o atravessou o pa\u00eds at\u00e9 o santu\u00e1rio de Siqu\u00e9m, at\u00e9 o carvalho de Mor\u00e9. Os cananeus estavam ent\u00e3o naquela terra.&nbsp;<sup>7<\/sup>O Senhor apareceu a Abr\u00e3o e lhe disse: \u201cDarei esta terra \u00e0 tua descend\u00eancia\u201d. Abr\u00e3o ergueu ali um altar ao Senhor, que lhe tinha aparecido.&nbsp;<sup>8<\/sup>De l\u00e1, deslocou-se em dire\u00e7\u00e3o ao monte que estava a oriente de Betel, onde armou sua tenda, com Betel a ocidente e Hai a oriente. Ali construiu tamb\u00e9m um altar ao Senhor e invocou o seu nome.&nbsp;<sup>9<\/sup>Depois, de acampamento em acampamento, Abr\u00e3o foi at\u00e9 o Negueb. \u2013 Palavra do Senhor.<\/p>\n\n\n\n<p>Salmo Responsorial:&nbsp;<strong>32(33)<\/strong><\/p>\n\n\n\n<p><strong>Feliz o povo que o Senhor escolheu por sua heran\u00e7a!<\/strong><\/p>\n\n\n\n<p>1. Feliz o povo cujo Deus \u00e9 o Senhor&nbsp;\/&nbsp;e a na\u00e7\u00e3o que escolheu por sua heran\u00e7a!&nbsp;\/&nbsp;Dos altos c\u00e9us o Senhor olha e observa;&nbsp;\/&nbsp;ele se inclina para olhar todos os homens.&nbsp;\u2013 R.<\/p>\n\n\n\n<p>2. Mas o Senhor pousa o olhar sobre os que o temem&nbsp;\/&nbsp;e que confiam, esperando em seu amor,&nbsp;\/&nbsp;para da morte libertar as suas vidas&nbsp;\/&nbsp;e aliment\u00e1-los quando \u00e9 tempo de pen\u00faria.&nbsp;\u2013 R.<\/p>\n\n\n\n<p>3. No Senhor n\u00f3s esperamos confiantes,&nbsp;\/&nbsp;porque ele \u00e9 nosso aux\u00edlio e prote\u00e7\u00e3o!&nbsp;\/&nbsp;Sobre n\u00f3s venha, Senhor, a vossa gra\u00e7a,&nbsp;\/&nbsp;da mesma forma que em v\u00f3s n\u00f3s esperamos!&nbsp;\u2013 R.<\/p>\n\n\n\n<p>Evangelho:&nbsp;<strong>Mateus 7,1-5<\/strong><\/p>\n\n\n\n<p><strong><em>Aleluia, aleluia, aleluia.<\/em><\/strong><\/p>\n\n\n\n<p><strong>A Palavra do Senhor \u00e9 viva e eficaz:&nbsp;\/&nbsp;ela julga os pensamentos e as inten\u00e7\u00f5es do cora\u00e7\u00e3o (Hb 4,12).&nbsp;\u2013 R.<\/strong><\/p>\n\n\n\n<p>Proclama\u00e7\u00e3o do Evangelho de Jesus Cristo segundo Mateus \u2013 Naquele tempo, disse Jesus aos seus disc\u00edpulos:&nbsp;<sup>1<\/sup>\u201cN\u00e3o julgueis e n\u00e3o sereis julgados.&nbsp;<sup>2<\/sup>Pois v\u00f3s sereis julgados com o mesmo julgamento com que julgardes; e sereis medidos com a mesma medida com que medirdes.&nbsp;<sup>3<\/sup>Por que observas o cisco no olho do teu irm\u00e3o e n\u00e3o prestas aten\u00e7\u00e3o \u00e0 trave que est\u00e1 no teu pr\u00f3prio olho?&nbsp;<sup>4<\/sup>Ou como podes dizer ao teu irm\u00e3o: \u2018deixa-me tirar o cisco do teu olho\u2019, quando tu mesmo tens uma trave no teu?&nbsp;<sup>5<\/sup>Hip\u00f3crita, tira primeiro a trave do teu pr\u00f3prio olho e ent\u00e3o enxergar\u00e1s bem para tirar o cisco do olho do teu irm\u00e3o\u201d. \u2013 Palavra da salva\u00e7\u00e3o.<\/p>\n\n\n\n<p>Reflex\u00e3o:<\/p>\n\n\n\n<p><em>Jesus se posiciona contra o julgamento arrogante. Trata-se do julgamento que despreza e condena. Emitir ju\u00edzo sobre algu\u00e9m \u00e9, no m\u00ednimo, imprudente. Primeiro, porque toda pessoa \u00e9 um mist\u00e9rio; n\u00e3o est\u00e1 em nosso poder conhecer-lhe o interior, o que pensa e o que sente. Segundo, porque mesmo que sejamos testemunhas oculares de suas atitudes, corremos o risco de interpret\u00e1-las erroneamente, n\u00e3o raro movidos por preconceito ou m\u00e1-f\u00e9. N\u00e3o fomos criados para condenar, e sim para amar. Eis por que Jesus nos deixa um recado sensato e mais que oportuno: \u201cTire primeiro a trave de seu olho, e ent\u00e3o voc\u00ea ver\u00e1 bem para tirar o cisco do olho de seu irm\u00e3o\u201d. Tarefa para a vida inteira, j\u00e1 que corrigir os pr\u00f3prios defeitos n\u00e3o \u00e9 f\u00e1cil nem autom\u00e1tico: requer intenso e perseverante trabalho espiritual.<\/em><\/p>\n","protected":false},"excerpt":{"rendered":"<p>O Senhor \u00e9 a for\u00e7a de seu povo, fortaleza e salva\u00e7\u00e3o do seu ungido. Salvai, Senhor, vosso povo, aben\u00e7oai vossa heran\u00e7a e governai para sempre os vossos servos (Sl 27,8s). Deus faz hist\u00f3ria&#8230;<\/p>\n","protected":false},"author":2,"featured_media":20503,"comment_status":"open","ping_status":"open","sticky":false,"template":"","format":"standard","meta":[],"categories":[7,1],"tags":[],"_links":{"self":[{"href":"https:\/\/www.salvatorianas.org.br\/blog\/wp-json\/wp\/v2\/posts\/20501"}],"collection":[{"href":"https:\/\/www.salvatorianas.org.br\/blog\/wp-json\/wp\/v2\/posts"}],"about":[{"href":"https:\/\/www.salvatorianas.org.br\/blog\/wp-json\/wp\/v2\/types\/post"}],"author":[{"embeddable":true,"href":"https:\/\/www.salvatorianas.org.br\/blog\/wp-json\/wp\/v2\/users\/2"}],"replies":[{"embeddable":true,"href":"https:\/\/www.salvatorianas.org.br\/blog\/wp-json\/wp\/v2\/comments?post=20501"}],"version-history":[{"count":1,"href":"https:\/\/www.salvatorianas.org.br\/blog\/wp-json\/wp\/v2\/posts\/20501\/revisions"}],"predecessor-version":[{"id":20504,"href":"https:\/\/www.salvatorianas.org.br\/blog\/wp-json\/wp\/v2\/posts\/20501\/revisions\/20504"}],"wp:featuredmedia":[{"embeddable":true,"href":"https:\/\/www.salvatorianas.org.br\/blog\/wp-json\/wp\/v2\/media\/20503"}],"wp:attachment":[{"href":"https:\/\/www.salvatorianas.org.br\/blog\/wp-json\/wp\/v2\/media?parent=20501"}],"wp:term":[{"taxonomy":"category","embeddable":true,"href":"https:\/\/www.salvatorianas.org.br\/blog\/wp-json\/wp\/v2\/categories?post=20501"},{"taxonomy":"post_tag","embeddable":true,"href":"https:\/\/www.salvatorianas.org.br\/blog\/wp-json\/wp\/v2\/tags?post=20501"}],"curies":[{"name":"wp","href":"https:\/\/api.w.org\/{rel}","templated":true}]}}