{"id":20498,"date":"2023-06-25T01:05:00","date_gmt":"2023-06-25T01:05:00","guid":{"rendered":"https:\/\/www.salvatorianas.org.br\/blog\/?p=20498"},"modified":"2023-06-23T19:46:29","modified_gmt":"2023-06-23T19:46:29","slug":"12o-domingo-do-tempo-comum-ano-a","status":"publish","type":"post","link":"https:\/\/www.salvatorianas.org.br\/blog\/12o-domingo-do-tempo-comum-ano-a\/","title":{"rendered":"12\u00ba Domingo do Tempo Comum, Ano A"},"content":{"rendered":"\n<p>Ele ser\u00e1 grande diante do Senhor; estar\u00e1 cheio do Esp\u00edrito Santo desde o seio materno, e muitos se alegrar\u00e3o com seu nascimento (Lc 1,15.14).<\/p>\n\n\n\n<p><em>No plano divino da salva\u00e7\u00e3o, Jo\u00e3o Batista \u00e9 escolhido por Deus para ligar o Antigo ao Novo Testamento. Ele vem preparar os caminhos para o Messias prestes a chegar. Abramos o cora\u00e7\u00e3o para acolher \u201co maior dos profetas\u201d, com seus s\u00f3lidos ensinamentos e corajoso testemunho de vida.<\/em><\/p>\n\n\n\n<p>Primeira Leitura:&nbsp;<strong>Jeremias 1,4-10<\/strong><\/p>\n\n\n\n<p>Leitura do livro do profeta Jeremias \u2013 Nos dias de Josias,&nbsp;<sup>4<\/sup>foi-me dirigida a palavra do Senhor, dizendo:&nbsp;<sup>5<\/sup>\u201cAntes de formar-te no ventre materno, eu te conheci; antes de sa\u00edres do seio de tua m\u00e3e, eu te consagrei e te fiz profeta das na\u00e7\u00f5es\u201d.&nbsp;<sup>6<\/sup>Disse eu: \u201cAh! Senhor Deus, eu n\u00e3o sei falar, sou muito novo\u201d.&nbsp;<sup>7<\/sup>Disse-me o Senhor: \u201cN\u00e3o digas que \u00e9s muito novo; a todos a quem eu te enviar, ir\u00e1s, e tudo que eu te mandar dizer, dir\u00e1s.&nbsp;<sup>8<\/sup>N\u00e3o tenhas medo deles, pois estou contigo para defender-te\u201d, diz o Senhor.&nbsp;<sup>9<\/sup>O Senhor estendeu a m\u00e3o, tocou-me a boca e disse-me: \u201cEis que ponho minhas palavras em tua boca.&nbsp;<sup>10<\/sup>Eu te constitu\u00ed hoje sobre povos e reinos com poder para extirpar e destruir, devastar e derrubar, construir e plantar\u201d. \u2013 Palavra do Senhor.<\/p>\n\n\n\n<p>Salmo Responsorial:&nbsp;<strong>70(71)<\/strong><\/p>\n\n\n\n<p><em><strong>Desde o seio maternal, sois meu amparo.<\/strong><\/em><\/p>\n\n\n\n<p>1. Eu procuro meu ref\u00fagio em v\u00f3s, Senhor,&nbsp;\/&nbsp;que eu n\u00e3o seja envergonhado para sempre!&nbsp;\/&nbsp;Porque sois justo, defendei-me e libertai-me!&nbsp;\/&nbsp;Escutai a minha voz, vinde salvar-me!&nbsp;\u2013 R.<\/p>\n\n\n\n<p>2. Sede uma rocha protetora para mim,&nbsp;\/&nbsp;um abrigo bem seguro que me salve!&nbsp;\/&nbsp;Porque sois a minha for\u00e7a e meu amparo,&nbsp;\u2020&nbsp;o meu ref\u00fagio, prote\u00e7\u00e3o e seguran\u00e7a!&nbsp;\/&nbsp;Libertai-me, \u00f3 meu Deus, das m\u00e3os do \u00edmpio.&nbsp;\u2013 R.<\/p>\n\n\n\n<p>3. Porque sois, \u00f3 Senhor Deus, minha esperan\u00e7a,&nbsp;\/&nbsp;em v\u00f3s confio desde a minha juventude!&nbsp;\/&nbsp;Sois meu apoio desde antes que eu nascesse,&nbsp;\/&nbsp;desde o seio maternal, o meu amparo.&nbsp;\u2013 R.<\/p>\n\n\n\n<p>4. Minha boca anunciar\u00e1 todos os dias&nbsp;\/&nbsp;vossa justi\u00e7a e vossas gra\u00e7as incont\u00e1veis.&nbsp;\/&nbsp;V\u00f3s me ensinastes desde a minha juventude,&nbsp;\/&nbsp;e at\u00e9 hoje canto as vossas maravilhas.&nbsp;\u2013 R.<\/p>\n\n\n\n<p>Segunda Leitura:&nbsp;<strong>1 Pedro 1,8-12<\/strong><\/p>\n\n\n\n<p>Leitura da primeira carta de S\u00e3o Pedro \u2013 Car\u00edssimos,&nbsp;<sup>8<\/sup>sem ter visto o Senhor, v\u00f3s o amais. Sem o ver ainda, nele acreditais. Isso ser\u00e1 para v\u00f3s fonte de alegria indiz\u00edvel e gloriosa,&nbsp;<sup>9<\/sup>pois obtereis aquilo em que acreditais: a vossa salva\u00e7\u00e3o.&nbsp;<sup>10<\/sup>Essa salva\u00e7\u00e3o tem sido objeto das investiga\u00e7\u00f5es e medita\u00e7\u00f5es dos profetas. Eles profetizaram a respeito da gra\u00e7a que vos estava destinada.&nbsp;<sup>11<\/sup>Procuraram saber a que \u00e9poca e a que circunst\u00e2ncias se referia o Esp\u00edrito de Cristo, que estava neles, ao anunciar com anteced\u00eancia os sofrimentos de Cristo e a gl\u00f3ria consequente.&nbsp;<sup>12<\/sup>Foi-lhes revelado que, n\u00e3o para si mesmos, mas para v\u00f3s, estavam ministrando essas coisas, que agora s\u00e3o anunciadas a v\u00f3s por aqueles que vos pregam o Evangelho em virtude do Esp\u00edrito Santo, enviado do c\u00e9u; revela\u00e7\u00f5es essas, que at\u00e9 os anjos desejam contemplar! \u2013 Palavra do Senhor.<\/p>\n\n\n\n<p>Evangelho:&nbsp;<strong>Lucas 1,5-17<\/strong><\/p>\n\n\n\n<p><strong><em>Aleluia<\/em><em>, aleluia, aleluia.<\/em><\/strong><\/p>\n\n\n\n<p><strong>Jo\u00e3o veio dar testemunho da luz,&nbsp;\/&nbsp;a fim de preparar um povo bem-disposto para a vinda do Senhor (Jo 1,7; Lc 1,17).&nbsp;\u2013 R.<\/strong><\/p>\n\n\n\n<p>Proclama\u00e7\u00e3o do Evangelho de Jesus Cristo segundo Lucas \u2013&nbsp;<sup>5<\/sup>Nos dias de Herodes, rei da Judeia, vivia um sacerdote chamado Zacarias, do grupo de Abia. Sua esposa era descendente de Aar\u00e3o e chamava-se Isabel.&nbsp;<sup>6<\/sup>Ambos eram justos diante de Deus e obedeciam fielmente a todos os mandamentos e ordens do Senhor.&nbsp;<sup>7<\/sup>N\u00e3o tinham filhos, porque Isabel era est\u00e9ril, e os dois j\u00e1 eram de idade avan\u00e7ada.&nbsp;<sup>8<\/sup>Em certa ocasi\u00e3o, Zacarias estava exercendo as fun\u00e7\u00f5es sacerdotais no templo, pois era a vez do seu grupo.&nbsp;<sup>9<\/sup>Conforme o costume dos sacerdotes, ele foi sorteado para entrar no santu\u00e1rio e fazer a oferta do incenso.&nbsp;<sup>10<\/sup>Toda a assembleia do povo estava do lado de fora rezando, enquanto o incenso estava sendo oferecido.&nbsp;<sup>11<\/sup>Ent\u00e3o, apareceu-lhe o anjo do Senhor, de p\u00e9, \u00e0 direita do altar do incenso.&nbsp;<sup>12<\/sup>Ao v\u00ea-lo, Zacarias ficou perturbado, e o temor apoderou-se dele.&nbsp;<sup>13<\/sup>Mas o anjo disse: \u201cN\u00e3o tenhas medo, Zacarias, porque Deus ouviu tua s\u00faplica. Tua esposa, Isabel, vai ter um filho, e tu lhe dar\u00e1s o nome de Jo\u00e3o.&nbsp;<sup>14<\/sup>Tu ficar\u00e1s alegre e feliz, e muita gente se alegrar\u00e1 com o nascimento do menino,&nbsp;<sup>15<\/sup>porque ele vai ser grande diante do Senhor. N\u00e3o beber\u00e1 vinho nem bebida fermentada e, desde o ventre materno, ficar\u00e1 repleto do Esp\u00edrito Santo.&nbsp;<sup>16<\/sup>Ele reconduzir\u00e1 muitos do povo de Israel ao Senhor seu Deus.&nbsp;<sup>17<\/sup>E h\u00e1 de caminhar \u00e0 frente deles, com o esp\u00edrito e o poder de Elias, a fim de converter os cora\u00e7\u00f5es dos pais aos filhos e os rebeldes \u00e0 sabedoria dos justos, preparando para o Senhor um povo bem-disposto\u201d. \u2013 Palavra da salva\u00e7\u00e3o.<\/p>\n","protected":false},"excerpt":{"rendered":"<p>Ele ser\u00e1 grande diante do Senhor; estar\u00e1 cheio do Esp\u00edrito Santo desde o seio materno, e muitos se alegrar\u00e3o com seu nascimento (Lc 1,15.14). No plano divino da salva\u00e7\u00e3o, Jo\u00e3o Batista \u00e9 escolhido&#8230;<\/p>\n","protected":false},"author":2,"featured_media":20499,"comment_status":"open","ping_status":"open","sticky":false,"template":"","format":"standard","meta":[],"categories":[7],"tags":[],"_links":{"self":[{"href":"https:\/\/www.salvatorianas.org.br\/blog\/wp-json\/wp\/v2\/posts\/20498"}],"collection":[{"href":"https:\/\/www.salvatorianas.org.br\/blog\/wp-json\/wp\/v2\/posts"}],"about":[{"href":"https:\/\/www.salvatorianas.org.br\/blog\/wp-json\/wp\/v2\/types\/post"}],"author":[{"embeddable":true,"href":"https:\/\/www.salvatorianas.org.br\/blog\/wp-json\/wp\/v2\/users\/2"}],"replies":[{"embeddable":true,"href":"https:\/\/www.salvatorianas.org.br\/blog\/wp-json\/wp\/v2\/comments?post=20498"}],"version-history":[{"count":1,"href":"https:\/\/www.salvatorianas.org.br\/blog\/wp-json\/wp\/v2\/posts\/20498\/revisions"}],"predecessor-version":[{"id":20500,"href":"https:\/\/www.salvatorianas.org.br\/blog\/wp-json\/wp\/v2\/posts\/20498\/revisions\/20500"}],"wp:featuredmedia":[{"embeddable":true,"href":"https:\/\/www.salvatorianas.org.br\/blog\/wp-json\/wp\/v2\/media\/20499"}],"wp:attachment":[{"href":"https:\/\/www.salvatorianas.org.br\/blog\/wp-json\/wp\/v2\/media?parent=20498"}],"wp:term":[{"taxonomy":"category","embeddable":true,"href":"https:\/\/www.salvatorianas.org.br\/blog\/wp-json\/wp\/v2\/categories?post=20498"},{"taxonomy":"post_tag","embeddable":true,"href":"https:\/\/www.salvatorianas.org.br\/blog\/wp-json\/wp\/v2\/tags?post=20498"}],"curies":[{"name":"wp","href":"https:\/\/api.w.org\/{rel}","templated":true}]}}