{"id":20493,"date":"2023-06-24T01:05:00","date_gmt":"2023-06-24T01:05:00","guid":{"rendered":"https:\/\/www.salvatorianas.org.br\/blog\/?p=20493"},"modified":"2023-06-22T19:32:48","modified_gmt":"2023-06-22T19:32:48","slug":"natividade-de-sao-joao-batista-solenidade-ano-a-11a-semana-do-tempo-comum","status":"publish","type":"post","link":"https:\/\/www.salvatorianas.org.br\/blog\/natividade-de-sao-joao-batista-solenidade-ano-a-11a-semana-do-tempo-comum\/","title":{"rendered":"Natividade de S\u00e3o Jo\u00e3o Batista, Solenidade, Ano A 11\u00aa Semana do Tempo Comum"},"content":{"rendered":"\n<p>Houve um homem enviado por Deus: o seu nome era Jo\u00e3o. Veio dar testemunho da luz e preparar para o Senhor um povo bem-disposto a receb\u00ea-lo (Jo 1,6s; Lc 1,17).<\/p>\n\n\n\n<p><em>O culto a S\u00e3o Jo\u00e3o Batista remonta aos primeiros s\u00e9culos do cristianismo. Jo\u00e3o \u00e9 filho de Zacarias, o mudo, e de Isabel, a est\u00e9ril. A celebra\u00e7\u00e3o de hoje \u00e9, junto com as do nascimento de Jesus e de Maria, a \u00fanica festa lit\u00fargica que a Igreja dedica ao nascimento de um santo. No plano divino da salva\u00e7\u00e3o, o Batista \u00e9 enviado para endireitar os caminhos do Senhor. A seu exemplo, sejamos, pela coer\u00eancia entre f\u00e9 e vida, aut\u00eanticos anunciadores do Reino no meio em que vivemos.<\/em><\/p>\n\n\n\n<p>Primeira Leitura:&nbsp;<strong>Isa\u00edas 49,1-6<\/strong><\/p>\n\n\n\n<p>Leitura do livro do profeta Isa\u00edas \u2013&nbsp;<sup>1<\/sup>Na\u00e7\u00f5es marinhas, ouvi-me; povos distantes, prestai aten\u00e7\u00e3o: o Senhor chamou-me antes de eu nascer, desde o ventre de minha m\u00e3e ele tinha na mente o meu nome;&nbsp;<sup>2<\/sup>fez de minha palavra uma espada afiada, protegeu-me \u00e0 sombra de sua m\u00e3o e fez de mim uma flecha agu\u00e7ada, escondida em sua aljava,&nbsp;<sup>3<\/sup>e disse-me: \u201cTu \u00e9s o meu servo, Israel, em quem serei glorificado\u201d.&nbsp;<sup>4<\/sup>E eu disse: \u201cTrabalhei em v\u00e3o, gastei minhas for\u00e7as sem fruto, inutilmente; entretanto o Senhor me far\u00e1 justi\u00e7a e o meu Deus me dar\u00e1 recompensa\u201d.&nbsp;<sup>5<\/sup>E, agora, diz-me o Senhor \u2013 ele que me preparou desde o nascimento para ser seu servo \u2013&nbsp; que eu recupere Jac\u00f3 para ele e fa\u00e7a Israel unir-se a ele; aos olhos do Senhor, esta \u00e9 a minha gl\u00f3ria.&nbsp;<sup>6<\/sup>Disse ele: \u201cN\u00e3o basta seres meu servo para restaurar as tribos de Jac\u00f3 e reconduzir os remanescentes de Israel: eu te farei luz das na\u00e7\u00f5es, para que minha salva\u00e7\u00e3o chegue at\u00e9 os confins da terra\u201d. \u2013 Palavra do Senhor.<\/p>\n\n\n\n<p>Salmo Responsorial:&nbsp;<strong>138(139)<\/strong><\/p>\n\n\n\n<p><em><strong>Eu vos louvo e vos dou gra\u00e7as, \u00f3 Senhor,&nbsp;\/&nbsp;porque de modo admir\u00e1vel me formastes!<\/strong><\/em><\/p>\n\n\n\n<p>1. Senhor, v\u00f3s me sondais e conheceis,&nbsp;\u2020&nbsp;sabeis quando me sento ou me levanto;&nbsp;\/&nbsp;de longe penetrais meus pensamentos;&nbsp;\/&nbsp;percebeis quando me deito e quando eu ando,&nbsp;\/&nbsp;os meus caminhos vos s\u00e3o todos conhecidos.&nbsp;\u2013 R.<\/p>\n\n\n\n<p>2. Fostes v\u00f3s que me formastes as entranhas,&nbsp;\/&nbsp;e no seio de minha m\u00e3e v\u00f3s me tecestes.&nbsp;\/&nbsp;Eu vos louvo e vos dou gra\u00e7as, \u00f3 Senhor,&nbsp;\/&nbsp;porque de modo admir\u00e1vel me formastes!&nbsp;\u2013 R.<\/p>\n\n\n\n<p>3. At\u00e9 o mais \u00edntimo, Senhor, me conheceis;&nbsp;\/&nbsp;nem uma sequer de minhas fibras ignor\u00e1veis&nbsp;\/&nbsp;quando eu era modelado ocultamente,&nbsp;\/&nbsp;era formado nas entranhas subterr\u00e2neas.&nbsp;\u2013 R.<\/p>\n\n\n\n<p>Segunda Leitura:&nbsp;<strong>Atos 13,22-26<\/strong><\/p>\n\n\n\n<p>Leitura dos Atos dos Ap\u00f3stolos \u2013 Naqueles dias, Paulo disse:&nbsp;<sup>22<\/sup>\u201cDeus fez surgir Davi como rei e assim testemunhou a seu respeito: \u2018Encontrei Davi, filho de Jess\u00e9, homem segundo o meu cora\u00e7\u00e3o, que vai fazer em tudo a minha vontade\u2019.&nbsp;<sup>23<\/sup>Conforme prometera, da descend\u00eancia de Davi Deus fez surgir para Israel um Salvador, que \u00e9 Jesus.&nbsp;<sup>24<\/sup>Antes que ele chegasse, Jo\u00e3o pregou um batismo de convers\u00e3o para todo o povo de Israel.&nbsp;<sup>25<\/sup>Estando para terminar sua miss\u00e3o, Jo\u00e3o declarou: \u2018Eu n\u00e3o sou aquele que pensais que eu seja! Mas vede, depois de mim vem aquele do qual nem mere\u00e7o desamarrar as sand\u00e1lias\u2019.&nbsp;<sup>26<\/sup>Irm\u00e3os, descendentes de Abra\u00e3o, e todos v\u00f3s que temeis a Deus, a n\u00f3s foi enviada essa mensagem de salva\u00e7\u00e3o\u201d. \u2013 Palavra do Senhor.<\/p>\n\n\n\n<p>Evangelho:&nbsp;<strong>Lucas 1,57-66.80<\/strong><\/p>\n\n\n\n<p><strong><em>Aleluia<\/em><em>, aleluia, aleluia.<\/em><\/strong><\/p>\n\n\n\n<p><strong>Ser\u00e1s chamado, \u00f3 menino, o profeta do Alt\u00edssimo:&nbsp;\/&nbsp;ir\u00e1s diante do Senhor, preparando-lhe os caminhos (Lc 1,76).&nbsp;\u2013 R.<\/strong><\/p>\n\n\n\n<p>Proclama\u00e7\u00e3o do Evangelho de Jesus Cristo segundo Lucas \u2013&nbsp;<sup>57<\/sup>Completou-se o tempo da gravidez de Isabel, e ela deu \u00e0 luz um filho.&nbsp;<sup>58<\/sup>Os vizinhos e parentes ouviram dizer como o Senhor tinha sido misericordioso para com Isabel e alegraram-se com ela.&nbsp;<sup>59<\/sup>No oitavo dia, foram circuncidar o menino e queriam dar-lhe o nome de seu pai, Zacarias.&nbsp;<sup>60<\/sup>A m\u00e3e, por\u00e9m, disse: \u201cN\u00e3o! Ele vai chamar-se Jo\u00e3o\u201d.&nbsp;<sup>61<\/sup>Os outros disseram: \u201cN\u00e3o existe nenhum parente teu com esse nome!\u201d&nbsp;<sup>62<\/sup>Ent\u00e3o fizeram sinais ao pai, perguntando como ele queria que o menino se chamasse.&nbsp;<sup>63<\/sup>Zacarias pediu uma tabuinha e escreveu: \u201cJo\u00e3o \u00e9 o seu nome\u201d. E todos ficaram admirados.&nbsp;<sup>64<\/sup>No mesmo instante, a boca de Zacarias se abriu, sua l\u00edngua se soltou e ele come\u00e7ou a louvar a Deus.&nbsp;<sup>65<\/sup>Todos os vizinhos ficaram com medo, e a not\u00edcia espalhou-se por toda a regi\u00e3o montanhosa da Judeia.&nbsp;<sup>66<\/sup>E todos os que ouviam a not\u00edcia ficavam pensando: \u201cO que vir\u00e1 a ser este menino?\u201d De fato, a m\u00e3o do Senhor estava com ele.&nbsp;<sup>80<\/sup>E o menino crescia e se fortalecia em esp\u00edrito. Ele vivia nos lugares desertos, at\u00e9 o dia em que se apresentou publicamente a Israel. \u2013 Palavra da salva\u00e7\u00e3o.<\/p>\n\n\n\n<p>Reflex\u00e3o:<\/p>\n\n\n\n<p><em>O culto a S\u00e3o Jo\u00e3o Batista remonta aos primeiros s\u00e9culos do cristianismo. Jo\u00e3o, denominado Batista, \u00e9 filho de Zacarias, o mudo, e de Isabel, a est\u00e9ril. Seu nascimento anuncia a chegada dos tempos messi\u00e2nicos, em que a esterilidade se torna fecunda e o mutismo se faz exuber\u00e2ncia prof\u00e9tica. Todos os vizinhos perguntavam: \u201cO que esse menino vai ser?\u201d. Zacarias eleva seu c\u00e2ntico de reconhecimento, profetizando a grande miss\u00e3o de Jo\u00e3o: \u201cE tu, menino, ser\u00e1s chamado profeta do Alt\u00edssimo, pois ir\u00e1s \u00e0 frente do Senhor para preparar os caminhos dele, e para dar a seu povo o conhecimento da salva\u00e7\u00e3o, mediante o perd\u00e3o dos pecados\u201d (Lc 1,76-77). Segundo avalia\u00e7\u00e3o do pr\u00f3prio Jesus, Jo\u00e3o \u00e9 o maior dos profetas de Israel: \u201cEntre os nascidos de mulher, n\u00e3o apareceu ningu\u00e9m maior do que Jo\u00e3o Batista\u201d (Mt 11,11).<\/em><\/p>\n","protected":false},"excerpt":{"rendered":"<p>Houve um homem enviado por Deus: o seu nome era Jo\u00e3o. Veio dar testemunho da luz e preparar para o Senhor um povo bem-disposto a receb\u00ea-lo (Jo 1,6s; Lc 1,17). O culto a&#8230;<\/p>\n","protected":false},"author":2,"featured_media":20494,"comment_status":"open","ping_status":"open","sticky":false,"template":"","format":"standard","meta":[],"categories":[7],"tags":[],"_links":{"self":[{"href":"https:\/\/www.salvatorianas.org.br\/blog\/wp-json\/wp\/v2\/posts\/20493"}],"collection":[{"href":"https:\/\/www.salvatorianas.org.br\/blog\/wp-json\/wp\/v2\/posts"}],"about":[{"href":"https:\/\/www.salvatorianas.org.br\/blog\/wp-json\/wp\/v2\/types\/post"}],"author":[{"embeddable":true,"href":"https:\/\/www.salvatorianas.org.br\/blog\/wp-json\/wp\/v2\/users\/2"}],"replies":[{"embeddable":true,"href":"https:\/\/www.salvatorianas.org.br\/blog\/wp-json\/wp\/v2\/comments?post=20493"}],"version-history":[{"count":1,"href":"https:\/\/www.salvatorianas.org.br\/blog\/wp-json\/wp\/v2\/posts\/20493\/revisions"}],"predecessor-version":[{"id":20495,"href":"https:\/\/www.salvatorianas.org.br\/blog\/wp-json\/wp\/v2\/posts\/20493\/revisions\/20495"}],"wp:featuredmedia":[{"embeddable":true,"href":"https:\/\/www.salvatorianas.org.br\/blog\/wp-json\/wp\/v2\/media\/20494"}],"wp:attachment":[{"href":"https:\/\/www.salvatorianas.org.br\/blog\/wp-json\/wp\/v2\/media?parent=20493"}],"wp:term":[{"taxonomy":"category","embeddable":true,"href":"https:\/\/www.salvatorianas.org.br\/blog\/wp-json\/wp\/v2\/categories?post=20493"},{"taxonomy":"post_tag","embeddable":true,"href":"https:\/\/www.salvatorianas.org.br\/blog\/wp-json\/wp\/v2\/tags?post=20493"}],"curies":[{"name":"wp","href":"https:\/\/api.w.org\/{rel}","templated":true}]}}