{"id":20490,"date":"2023-06-23T01:06:00","date_gmt":"2023-06-23T01:06:00","guid":{"rendered":"https:\/\/www.salvatorianas.org.br\/blog\/?p=20490"},"modified":"2023-06-22T19:30:57","modified_gmt":"2023-06-22T19:30:57","slug":"11a-semana-do-tempo-comum-ano-impar-i-3","status":"publish","type":"post","link":"https:\/\/www.salvatorianas.org.br\/blog\/11a-semana-do-tempo-comum-ano-impar-i-3\/","title":{"rendered":"11\u00aa Semana do Tempo Comum, Ano \u00cdmpar (I)"},"content":{"rendered":"\n<p>Ouvi, Senhor, a voz do meu apelo, tende compaix\u00e3o de mim e atendei-me; v\u00f3s sois meu protetor, n\u00e3o me deixeis; n\u00e3o me abandoneis, \u00f3 Deus, meu salvador! (Sl 26,7.9)<\/p>\n\n\n\n<p><em>O Evangelho n\u00e3o \u00e9 um conto de fadas, e quem o anuncia muitas vezes se torna um inc\u00f4modo, \u00e9 rejeitado e mal interpretado. Do evangelizador exige-se um \u201colhar sadio\u201d, coerente e firme para propor aos outros aut\u00eantica mudan\u00e7a de vida. Rezemos pelos que, na Igreja, t\u00eam a miss\u00e3o de evangelizar.<\/em><\/p>\n\n\n\n<p>Primeira Leitura:&nbsp;<strong>2 Cor\u00edntios 11,18.21-30<\/strong><\/p>\n\n\n\n<p>Leitura da segunda carta de S\u00e3o Paulo aos Cor\u00edntios \u2013 Irm\u00e3os,&nbsp;<sup>18<\/sup>j\u00e1 que muitos se gloriam segundo a carne, eu tamb\u00e9m me gloriarei.&nbsp;<sup>21<\/sup>O que outros ousam dizer em vantagem pr\u00f3pria, eu tamb\u00e9m o digo a meu respeito, embora fale como insensato.&nbsp;<sup>22<\/sup>S\u00e3o hebreus? Eu tamb\u00e9m. S\u00e3o israelitas? Eu tamb\u00e9m. S\u00e3o da descend\u00eancia de Abra\u00e3o? Eu tamb\u00e9m.&nbsp;<sup>23<\/sup>S\u00e3o servos de Cristo? Como menos sensato, digo: eu ainda mais. De fato, muito mais do que eles: pelos trabalhos, pelas pris\u00f5es, pelos a\u00e7oites sem conta. Muitas vezes, vi-me em perigo de morte.&nbsp;<sup>24<\/sup>Cinco vezes, recebi dos judeus quarenta a\u00e7oites menos um.&nbsp;<sup>25<\/sup>Tr\u00eas vezes, fui batido com varas. Uma vez, fui apedrejado. Tr\u00eas vezes, naufraguei. Passei uma noite e um dia no alto-mar.&nbsp;<sup>26<\/sup>Fiz in\u00fameras viagens, com in\u00fameros perigos: perigos de rios, perigos de ladr\u00f5es, perigos da parte de meus compatriotas, perigos da parte dos pag\u00e3os, perigos na cidade, perigos em lugares desertos, perigos no mar, perigos por parte de falsos irm\u00e3os.&nbsp;<sup>27<\/sup>Trabalhos e fadigas, in\u00fameras vig\u00edlias, fome e sede, frequentes jejuns, frio e nudez!&nbsp;<sup>28<\/sup>E sem falar de outras coisas, a minha preocupa\u00e7\u00e3o de cada dia, a solicitude por todas as Igrejas!&nbsp;<sup>29<\/sup>Quem \u00e9 fraco, que eu tamb\u00e9m n\u00e3o seja fraco com ele? Quem \u00e9 escandalizado, que eu n\u00e3o fique ardendo de indigna\u00e7\u00e3o?&nbsp;<sup>30<\/sup>Se \u00e9 preciso gloriar-se, \u00e9 de minhas fraquezas que me gloriarei! \u2013 Palavra do Senhor.<\/p>\n\n\n\n<p>Salmo Responsorial:&nbsp;<strong>33(34)<\/strong><\/p>\n\n\n\n<p><em><strong>O Senhor liberta os justos de todas as ang\u00fastias!<\/strong><\/em><\/p>\n\n\n\n<p>1. Bendirei o Senhor Deus em todo o tempo,&nbsp;\/&nbsp;seu louvor estar\u00e1 sempre em minha boca.&nbsp;\/&nbsp;Minha alma se gloria no Senhor;&nbsp;\/&nbsp;que ou\u00e7am os humildes e se alegrem!&nbsp;\u2013 R.<\/p>\n\n\n\n<p>2. Comigo engrandecei ao Senhor Deus,&nbsp;\/&nbsp;exaltemos todos juntos o seu nome!&nbsp;\/&nbsp;Todas as vezes que o busquei, ele me ouviu&nbsp;\/&nbsp;e de todos os temores me livrou.&nbsp;\u2013 R.<\/p>\n\n\n\n<p>3. Contemplai a sua face e alegrai-vos,&nbsp;\/&nbsp;e vosso rosto n\u00e3o se cubra de vergonha!&nbsp;\/&nbsp;Este infeliz gritou a Deus e foi ouvido,&nbsp;\/&nbsp;e o Senhor o libertou de toda ang\u00fastia.&nbsp;\u2013 R.<\/p>\n\n\n\n<p>Evangelho:&nbsp;<strong>Mateus 6,19-23<\/strong><\/p>\n\n\n\n<p><strong><em>Aleluia, aleluia, aleluia.<\/em><\/strong><\/p>\n\n\n\n<p><strong>Felizes os humildes de esp\u00edrito,&nbsp;\/&nbsp;porque deles \u00e9 o Reino dos C\u00e9us (Mt 5,3).&nbsp;\u2013 R.<\/strong><\/p>\n\n\n\n<p>Proclama\u00e7\u00e3o do Evangelho de Jesus Cristo segundo Mateus \u2013 Naquele tempo, disse Jesus aos seus disc\u00edpulos:&nbsp;<sup>19<\/sup>\u201cN\u00e3o junteis tesouros aqui na terra, onde a tra\u00e7a e a ferrugem destroem e os ladr\u00f5es assaltam e roubam.&nbsp;<sup>20<\/sup>Ao contr\u00e1rio, juntai para v\u00f3s tesouros no c\u00e9u, onde nem a tra\u00e7a e a ferrugem destroem nem os ladr\u00f5es assaltam e roubam.&nbsp;<sup>21<\/sup>Porque onde est\u00e1 o teu tesouro, a\u00ed estar\u00e1 tamb\u00e9m o teu cora\u00e7\u00e3o.&nbsp;<sup>22<\/sup>O olho \u00e9 a l\u00e2mpada do corpo. Se o teu olho \u00e9 sadio, todo o teu corpo ficar\u00e1 iluminado.&nbsp;<sup>23<\/sup>Se o teu olho est\u00e1 doente, todo o teu corpo ficar\u00e1 na escurid\u00e3o. Ora, se a luz que existe em ti \u00e9 escurid\u00e3o, como ser\u00e1 grande a escurid\u00e3o\u201d. \u2013 Palavra da salva\u00e7\u00e3o.<\/p>\n\n\n\n<p>Reflex\u00e3o:<\/p>\n\n\n\n<p><em>Na atual sociedade de consumo, somos continuamente estimulados a comprar, vender, negociar. Se n\u00e3o tivermos crit\u00e9rios para selecionar o que \u00e9 realmente importante, seremos arrebatados por um turbilh\u00e3o incontrol\u00e1vel de ofertas e promessas de lucro. Possuir, armazenar, ficar rico, ter sucesso s\u00e3o assuntos frequentes de ricos e pobres! Os disc\u00edpulos do Reino, Jesus previne contra a cobi\u00e7a. Acumular riquezas na terra \u00e9 frustrar-se: elas t\u00eam curta dura\u00e7\u00e3o. Prudente e s\u00e1bio \u00e9 quem ajunta \u201ctesouros no c\u00e9u\u201d (boas obras). O olho bom indica a pessoa generosa; o olho mau indica a pessoa mesquinha, ego\u00edsta. O ego\u00edsmo e a avareza empurram a pessoa para a escurid\u00e3o total. Se todos tivermos um olhar generoso, haver\u00e1 partilha e ningu\u00e9m morrer\u00e1 de fome.<\/em><\/p>\n","protected":false},"excerpt":{"rendered":"<p>Ouvi, Senhor, a voz do meu apelo, tende compaix\u00e3o de mim e atendei-me; v\u00f3s sois meu protetor, n\u00e3o me deixeis; n\u00e3o me abandoneis, \u00f3 Deus, meu salvador! (Sl 26,7.9) O Evangelho n\u00e3o \u00e9&#8230;<\/p>\n","protected":false},"author":2,"featured_media":20491,"comment_status":"open","ping_status":"open","sticky":false,"template":"","format":"standard","meta":[],"categories":[7],"tags":[],"_links":{"self":[{"href":"https:\/\/www.salvatorianas.org.br\/blog\/wp-json\/wp\/v2\/posts\/20490"}],"collection":[{"href":"https:\/\/www.salvatorianas.org.br\/blog\/wp-json\/wp\/v2\/posts"}],"about":[{"href":"https:\/\/www.salvatorianas.org.br\/blog\/wp-json\/wp\/v2\/types\/post"}],"author":[{"embeddable":true,"href":"https:\/\/www.salvatorianas.org.br\/blog\/wp-json\/wp\/v2\/users\/2"}],"replies":[{"embeddable":true,"href":"https:\/\/www.salvatorianas.org.br\/blog\/wp-json\/wp\/v2\/comments?post=20490"}],"version-history":[{"count":1,"href":"https:\/\/www.salvatorianas.org.br\/blog\/wp-json\/wp\/v2\/posts\/20490\/revisions"}],"predecessor-version":[{"id":20492,"href":"https:\/\/www.salvatorianas.org.br\/blog\/wp-json\/wp\/v2\/posts\/20490\/revisions\/20492"}],"wp:featuredmedia":[{"embeddable":true,"href":"https:\/\/www.salvatorianas.org.br\/blog\/wp-json\/wp\/v2\/media\/20491"}],"wp:attachment":[{"href":"https:\/\/www.salvatorianas.org.br\/blog\/wp-json\/wp\/v2\/media?parent=20490"}],"wp:term":[{"taxonomy":"category","embeddable":true,"href":"https:\/\/www.salvatorianas.org.br\/blog\/wp-json\/wp\/v2\/categories?post=20490"},{"taxonomy":"post_tag","embeddable":true,"href":"https:\/\/www.salvatorianas.org.br\/blog\/wp-json\/wp\/v2\/tags?post=20490"}],"curies":[{"name":"wp","href":"https:\/\/api.w.org\/{rel}","templated":true}]}}