{"id":20485,"date":"2023-06-22T01:05:00","date_gmt":"2023-06-22T01:05:00","guid":{"rendered":"https:\/\/www.salvatorianas.org.br\/blog\/?p=20485"},"modified":"2023-06-21T20:32:29","modified_gmt":"2023-06-21T20:32:29","slug":"11a-semana-do-tempo-comum-ano-impar-i-2","status":"publish","type":"post","link":"https:\/\/www.salvatorianas.org.br\/blog\/11a-semana-do-tempo-comum-ano-impar-i-2\/","title":{"rendered":"11\u00aa Semana do Tempo Comum, Ano \u00cdmpar (I)"},"content":{"rendered":"\n<p>Ouvi, Senhor, a voz do meu apelo, tende compaix\u00e3o de mim e atendei-me; v\u00f3s sois meu protetor, n\u00e3o me deixeis; n\u00e3o me abandoneis, \u00f3 Deus, meu salvador! (Sl 26,7.9)<\/p>\n\n\n\n<p><em>\u00c9 poss\u00edvel haver crist\u00e3os que se deixem seduzir por falsos l\u00edderes, empenhados em pregar \u201coutro Jesus\u201d e prometer \u201coutro Esp\u00edrito\u201d. Consolidemos nossa f\u00e9 sobre os valores do Evangelho e professemos nossa fidelidade ao Senhor Jesus, que nos revela a face de um Deus que \u00e9 Pai.<\/em><\/p>\n\n\n\n<p>Primeira Leitura:&nbsp;<strong>2 Cor\u00edntios 11,1-11<\/strong><\/p>\n\n\n\n<p>Leitura da segunda carta de S\u00e3o Paulo aos Cor\u00edntios \u2013 Irm\u00e3os,&nbsp;<sup>1<\/sup>oxal\u00e1 pud\u00e9sseis suportar um pouco de insensatez da minha parte. Na verdade, v\u00f3s me suportais.&nbsp;<sup>2<\/sup>Sinto por v\u00f3s um amor ciumento, semelhante ao amor que Deus vos tem. Fui eu que vos desposei a um \u00fanico esposo, apresentando-vos a Cristo como virgem pura.&nbsp;<sup>3<\/sup>Por\u00e9m, receio que, como Eva foi enganada pela esperteza da serpente, tamb\u00e9m vossos pensamentos se corrompam, afastando-se da simplicidade e pureza devidas a Cristo.&nbsp;<sup>4<\/sup>De fato, se aparece algu\u00e9m pregando outro Jesus, que n\u00f3s n\u00e3o pregamos, ou prometendo um outro Esp\u00edrito, que n\u00e3o recebestes, ou anunciando um outro Evangelho, que n\u00e3o acolhestes, v\u00f3s o suportais de bom grado.&nbsp;<sup>5<\/sup>No entanto, entendo que em nada sou inferior a esses \u201csuper-ap\u00f3stolos\u201d!&nbsp;<sup>6<\/sup>Mesmo que eu seja in\u00e1bil na arte de falar, n\u00e3o o sou quanto \u00e0 ci\u00eancia: eu vo-lo tenho demonstrado em tudo e de todas as maneiras.&nbsp;<sup>7<\/sup>Acaso cometi algum pecado pelo fato de vos ter anunciado o Evangelho de Deus gratuitamente, humilhando-me a mim mesmo para vos exaltar?&nbsp;<sup>8<\/sup>Para vos servir, despojei outras Igrejas, delas recebendo o meu sustento.&nbsp;<sup>9<\/sup>E, quando, estando entre v\u00f3s, tive alguma necessidade, n\u00e3o fui pesado a ningu\u00e9m, pois os irm\u00e3os vindos da Maced\u00f4nia supriram as minhas necessidades. Em todas as circunst\u00e2ncias, cuidei \u2013 e cuidarei ainda \u2013 de n\u00e3o ser pesado a v\u00f3s.&nbsp;<sup>10<\/sup>T\u00e3o certo como a verdade de Cristo est\u00e1 em mim, essa minha gl\u00f3ria n\u00e3o me ser\u00e1 arrebatada nas regi\u00f5es da Acaia.&nbsp;<sup>11<\/sup>E por qu\u00ea? Ser\u00e1 porque eu n\u00e3o vos amo? Deus o sabe! \u2013 Palavra do Senhor.<\/p>\n\n\n\n<p>Salmo Responsorial:&nbsp;<strong>110(111)<\/strong><\/p>\n\n\n\n<p><em><strong>Vossas obras, \u00f3 Senhor, s\u00e3o verdade e s\u00e3o justi\u00e7a.<\/strong><\/em><\/p>\n\n\n\n<p>1. Eu agrade\u00e7o a Deus de todo o cora\u00e7\u00e3o,&nbsp;\/&nbsp;junto com todos os seus justos reunidos!&nbsp;\/&nbsp;Que grandiosas s\u00e3o as obras do Senhor,&nbsp;\/&nbsp;elas merecem todo o amor e admira\u00e7\u00e3o!&nbsp;\u2013 R.<\/p>\n\n\n\n<p>2. Que beleza e esplendor s\u00e3o os seus feitos!&nbsp;\/&nbsp;Sua justi\u00e7a permanece eternamente!&nbsp;\/&nbsp;O Senhor bom e clemente nos deixou&nbsp;\/&nbsp;a lembran\u00e7a de suas grandes maravilhas.&nbsp;\u2013 R.<\/p>\n\n\n\n<p>3. Suas obras s\u00e3o verdade e s\u00e3o justi\u00e7a,&nbsp;\/&nbsp;seus preceitos, todos eles, s\u00e3o est\u00e1veis,&nbsp;\/&nbsp;confirmados para sempre e pelos s\u00e9culos,&nbsp;\/&nbsp;realizados na verdade e retid\u00e3o.&nbsp;\u2013 R.<\/p>\n\n\n\n<p>Evangelho:&nbsp;<strong>Mateus 6,7-15<\/strong><\/p>\n\n\n\n<p><strong><em>Aleluia, aleluia, aleluia.<\/em><\/strong><\/p>\n\n\n\n<p><strong>Recebestes um esp\u00edrito de ado\u00e7\u00e3o,&nbsp;\/&nbsp;no qual clamamos Aba! Pai! (Rm 8,15)&nbsp;\u2013 R.<\/strong><\/p>\n\n\n\n<p>Proclama\u00e7\u00e3o do Evangelho de Jesus Cristo segundo Mateus \u2013 Naquele tempo, disse Jesus aos seus disc\u00edpulos:&nbsp;<sup>7<\/sup>\u201cQuando orardes, n\u00e3o useis muitas palavras, como fazem os pag\u00e3os. Eles pensam que ser\u00e3o ouvidos por for\u00e7a das muitas palavras.&nbsp;<sup>8<\/sup>N\u00e3o sejais como eles, pois vosso Pai sabe do que precisais, muito antes que v\u00f3s o pe\u00e7ais.&nbsp;<sup>9<\/sup>V\u00f3s deveis rezar assim: Pai nosso que est\u00e1s nos c\u00e9us, santificado seja o teu nome;&nbsp;<sup>10<\/sup>venha o teu Reino; seja feita a tua vontade, assim na terra como nos c\u00e9us.&nbsp;<sup>11<\/sup>O p\u00e3o nosso de cada dia d\u00e1-nos hoje.&nbsp;<sup>12<\/sup>Perdoa as nossas ofensas, assim como n\u00f3s perdoamos a quem nos tem ofendido.&nbsp;<sup>13<\/sup>E n\u00e3o nos deixes cair em tenta\u00e7\u00e3o, mas livra-nos do mal.&nbsp;<sup>14<\/sup>De fato, se v\u00f3s perdoardes aos homens as faltas que eles cometeram, vosso Pai que est\u00e1 nos c\u00e9us tamb\u00e9m vos perdoar\u00e1.&nbsp;<sup>15<\/sup>Mas, se v\u00f3s n\u00e3o perdoardes aos homens, vosso Pai tamb\u00e9m n\u00e3o perdoar\u00e1 as faltas que v\u00f3s cometestes\u201d. \u2013 Palavra da salva\u00e7\u00e3o.<\/p>\n\n\n\n<p>Reflex\u00e3o:<\/p>\n\n\n\n<p><em>N\u00e3o s\u00e3o as rezas recheadas de palavras que comovem o cora\u00e7\u00e3o de Deus. Isso, ali\u00e1s, o aborrece, pois ele conhece em profundidade a nossa vida e as nossas necessidades. Ao nos ensinar o pai-nosso, Jesus nos convida a entrar no universo da gratuidade e do perd\u00e3o. Come\u00e7a-se adorando ao Pai e pedindo-lhe o principal, que \u00e9 a vinda do seu Reino e o cumprimento de sua vontade. Depois lhe pedimos por nossas necessidades humanas: o p\u00e3o, o perd\u00e3o e a salva\u00e7\u00e3o. Jesus insiste sobre a necessidade de perdoarmos. Deus nos d\u00e1 o seu perd\u00e3o desde que n\u00f3s perdoemos. A palavra \u201cpai\u201d ilumina toda a ora\u00e7\u00e3o do Senhor: \u00e9 a palavra que brotava da profundidade infinita do cora\u00e7\u00e3o do Filho e aflora nos l\u00e1bios dos novos filhos de Deus, que precisam esquecer-se de si mesmos e buscar unicamente o Pai e seu Reino.<\/em><\/p>\n","protected":false},"excerpt":{"rendered":"<p>Ouvi, Senhor, a voz do meu apelo, tende compaix\u00e3o de mim e atendei-me; v\u00f3s sois meu protetor, n\u00e3o me deixeis; n\u00e3o me abandoneis, \u00f3 Deus, meu salvador! (Sl 26,7.9) \u00c9 poss\u00edvel haver crist\u00e3os&#8230;<\/p>\n","protected":false},"author":2,"featured_media":20487,"comment_status":"open","ping_status":"open","sticky":false,"template":"","format":"standard","meta":[],"categories":[7],"tags":[],"_links":{"self":[{"href":"https:\/\/www.salvatorianas.org.br\/blog\/wp-json\/wp\/v2\/posts\/20485"}],"collection":[{"href":"https:\/\/www.salvatorianas.org.br\/blog\/wp-json\/wp\/v2\/posts"}],"about":[{"href":"https:\/\/www.salvatorianas.org.br\/blog\/wp-json\/wp\/v2\/types\/post"}],"author":[{"embeddable":true,"href":"https:\/\/www.salvatorianas.org.br\/blog\/wp-json\/wp\/v2\/users\/2"}],"replies":[{"embeddable":true,"href":"https:\/\/www.salvatorianas.org.br\/blog\/wp-json\/wp\/v2\/comments?post=20485"}],"version-history":[{"count":1,"href":"https:\/\/www.salvatorianas.org.br\/blog\/wp-json\/wp\/v2\/posts\/20485\/revisions"}],"predecessor-version":[{"id":20486,"href":"https:\/\/www.salvatorianas.org.br\/blog\/wp-json\/wp\/v2\/posts\/20485\/revisions\/20486"}],"wp:featuredmedia":[{"embeddable":true,"href":"https:\/\/www.salvatorianas.org.br\/blog\/wp-json\/wp\/v2\/media\/20487"}],"wp:attachment":[{"href":"https:\/\/www.salvatorianas.org.br\/blog\/wp-json\/wp\/v2\/media?parent=20485"}],"wp:term":[{"taxonomy":"category","embeddable":true,"href":"https:\/\/www.salvatorianas.org.br\/blog\/wp-json\/wp\/v2\/categories?post=20485"},{"taxonomy":"post_tag","embeddable":true,"href":"https:\/\/www.salvatorianas.org.br\/blog\/wp-json\/wp\/v2\/tags?post=20485"}],"curies":[{"name":"wp","href":"https:\/\/api.w.org\/{rel}","templated":true}]}}