{"id":2048,"date":"2015-07-03T00:00:00","date_gmt":"2015-07-03T00:00:00","guid":{"rendered":"https:\/\/www.salvatorianas.org.br\/blog\/papa-iniciara-giro-historico-pela-america-latina\/"},"modified":"2015-07-03T00:00:00","modified_gmt":"2015-07-03T00:00:00","slug":"papa-iniciara-giro-historico-pela-america-latina","status":"publish","type":"post","link":"https:\/\/www.salvatorianas.org.br\/blog\/papa-iniciara-giro-historico-pela-america-latina\/","title":{"rendered":"Papa iniciar\u00e1 giro hist\u00f3rico pela Am\u00e9rica Latina"},"content":{"rendered":"<p class=\"bigode\" style=\"text-align: left;\">&nbsp;<\/p>\n<p class=\"bigode\" style=\"text-align: left;\">&nbsp;<\/p>\n<p class=\"bigode\" style=\"text-align: center;\">&nbsp;<\/p>\n<p class=\"thumb\" style=\"text-align: center;\"><a title=\"\" href=\"http:\/\/www.domtotal.com\/img\/noticias\/2015-07\/914460_219643.jpg\" data-lightbox=\"galeria\"><img decoding=\"async\" src=\"http:\/\/domtotal.com\/img\/noticias\/2015-07\/914460_219643.jpg\" alt=\"\" width=\"640\" \/><\/a><\/p>\n<p class=\"thumb\" style=\"text-align: center;\"><a title=\"\" href=\"http:\/\/www.domtotal.com\/img\/noticias\/2015-07\/914460_219643.jpg\" data-lightbox=\"galeria\"><span class=\"legenda\">&#8220;Quero levar a ternura e a car&iacute;cia de Deus (&#8230;) aos que s&atilde;o v&iacute;timas desta cultura de descarte&#8221;, disse Francisco.<\/span><\/a><\/p>\n<p class=\"thumb\">&nbsp;<\/p>\n<p class=\"corpo\">\n<p style=\"text-align: justify;\">O papa Francisco inicia no domingo uma hist&oacute;rica viagem &agrave; Am&eacute;rica Latina, quando visitar&aacute; Equador, Bol&iacute;via e Paraguai, pa&iacute;ses &#8220;perif&eacute;ricos&#8221; marcados pela desigualdade, a pobreza e d&eacute;cadas de opress&atilde;o e humilha&ccedil;&atilde;o.<\/p>\n<p style=\"text-align: justify;\">O primeiro papa jesu&iacute;ta e latino-americano da hist&oacute;ria confirma com esta viagem de oito dias seu desejo de manifestar com gestos concretos sua proximidade e solidariedade com os esquecidos do mundo.<\/p>\n<p style=\"text-align: justify;\">&#8220;Quero levar a ternura e a car&iacute;cia de Deus (&#8230;) aos que s&atilde;o v&iacute;timas desta cultura de descarte&#8221;, declarou o papa em um v&iacute;deo, poucos dias antes de sua partida.<\/p>\n<p style=\"text-align: justify;\">A viagem de Francisco &eacute; de particular import&acirc;ncia porque tamb&eacute;m constitui um ato de reconcilia&ccedil;&atilde;o com a hist&oacute;ria colonial da regi&atilde;o, marcada pelas miss&otilde;es jesu&iacute;tas, fundadas no s&eacute;culo XVII para evangelizar os &iacute;ndios guarani e povos afins.<\/p>\n<p style=\"text-align: justify;\">&#8220;Francisco vem do nosso mundo e vai trazer a reconcilia&ccedil;&atilde;o com a nossa hist&oacute;ria&#8221;, explicou o padre boliviano Ariel Beramendi &agrave; ag&ecirc;ncia de not&iacute;cias cat&oacute;lica I.Media.<\/p>\n<p style=\"text-align: justify;\">&nbsp;<\/p>\n<p style=\"text-align: justify;\"><strong>Pont&iacute;fice com sensibilidade social<\/strong><\/p>\n<p style=\"text-align: justify;\">Francisco se apresenta ao Equador, Bol&iacute;via e Paraguai como um papa diferente, que rompe os esquemas e defende uma agenda social mais do que moral, ap&oacute;s lan&ccedil;ar em maio sua enc&iacute;clica &#8220;Laudato Si&#8221;, sobre a defesa da &#8220;M&atilde;e Terra&#8221;, na qual critica ricos e poderosos e o capitalismo selvagem.<\/p>\n<p style=\"text-align: justify;\">S&atilde;o princ&iacute;pios e valores muito pr&oacute;ximos aos dos povos amer&iacute;ndios desses pa&iacute;ses, com os quais tenta mobilizar o 1,2 bilh&atilde;o de cat&oacute;licos do planeta, a maioria da Am&eacute;rica Latina.<\/p>\n<p style=\"text-align: justify;\">Amea&ccedil;ada por novos movimentos religiosos protestantes, a Igreja de Francisco tamb&eacute;m aprecia o fervor popular que espera manifestar durante as cinco missas campais com ora&ccedil;&otilde;es e c&acirc;nticos em guarani, qu&eacute;chua e amaira.<\/p>\n<p style=\"text-align: justify;\">Cerca de 500.000 h&oacute;stias foram preparadas pelas carmelitas descal&ccedil;as do Paraguai para serem distribu&iacute;das na missa de despedida, que contar&aacute; com a presen&ccedil;a de mais de um milh&atilde;o de peregrinos da Brasil, Argentina e Uruguai.<\/p>\n<p style=\"text-align: justify;\">&nbsp;<\/p>\n<p style=\"text-align: justify;\"><strong>Integra&ccedil;&atilde;o latino-americana<\/strong><\/p>\n<p style=\"text-align: justify;\">&#8220;A integra&ccedil;&atilde;o latino-americana, a uni&atilde;o dos povos, a luta contra a desigualdade ser&aacute; a mensagem do Papa&#8221;, comentou a respons&aacute;vel da Bol&iacute;via junto &agrave; Santa S&eacute;, Erika Farf&aacute;n.<\/p>\n<p style=\"text-align: justify;\">Francisco visitar&aacute; primeiro o Equador, de 6 a 8 de julho, em seguida a Bol&iacute;via, dia 10, e terminar&aacute; sua viagem apost&oacute;lica no Paraguai, retornando em 13 de julho a Roma.<\/p>\n<p style=\"text-align: justify;\">Em todos os tr&ecirc;s pa&iacute;ses, o pont&iacute;fice argentino permanecer&aacute;, em m&eacute;dia, 48 horas, que ser&atilde;o divididas em duas etapas e que incluem Quito e Guayaquil, no Equador, La Paz e Santa Cruz, na Bol&iacute;via, e Assun&ccedil;&atilde;o e Caacup&eacute;, no Paraguai.<\/p>\n<p style=\"text-align: justify;\">Francisco, que completou 78 anos em dezembro, tomar&aacute; nada menos que sete avi&otilde;es e pronunciar&aacute; 22 discursos, em uma das viagens mais &#8220;intensas&#8221; que fez desde que foi eleito Papa, em mar&ccedil;o de 2013.<\/p>\n<p style=\"text-align: justify;\">Ele se reunir&aacute; com os presidentes Rafael Correa (Equador), Evo Morales (Bol&iacute;via) e Horacio Cartes (Paraguai), e com outros l&iacute;deres da regi&atilde;o, incluindo o de Honduras, Juan Orlando Hern&aacute;ndez, e Haiti, Michel Martelly.<\/p>\n<p style=\"text-align: justify;\">Tamb&eacute;m ouvir&aacute; reclama&ccedil;&otilde;es de alguns dos habitantes da gigante favela Ba&ntilde;ado Norte de Assun&ccedil;&atilde;o e visitar&aacute; uma das pris&otilde;es mais violentas do continente, a de Palmasola, na Bol&iacute;via, com 3.000 detentos.<\/p>\n<p style=\"text-align: justify;\">O Papa decidiu locomover-se em um papam&oacute;vel fabricado localmente sobre um jipe para cumprimentar as pessoas, respeitando seu h&aacute;bito de deixar-se tocar e abra&ccedil;ar, apesar dos riscos envolvidos.<\/p>\n<p style=\"text-align: justify;\">O quarto pont&iacute;fice a visitar a Am&eacute;rica Latina, depois de Paulo VI (Col&ocirc;mbia, 1968), Jo&atilde;o Paulo II, que visitou o continente em 18 ocasi&otilde;es, seguido por Bento XVI, que fez apenas duas viagens, chega a pa&iacute;ses que mudaram muito na &uacute;ltima d&eacute;cada.<\/p>\n<p style=\"text-align: justify;\">Em setembro, ele retorna &agrave; Am&eacute;rica, desta vez a Cuba e Estados Unidos, ap&oacute;s sua media&ccedil;&atilde;o hist&oacute;rica para a reconcilia&ccedil;&atilde;o entre os dois pa&iacute;ses e num momento em que seu prest&iacute;gio continua a aumentar entre os cat&oacute;licos em todas as Am&eacute;ricas.<\/p>\n<p style=\"text-align: justify;\">&nbsp;<\/p>\n<p style=\"text-align: justify;\">Fonte: Dom Total<\/p>\n<p style=\"text-align: justify;\">&nbsp;<\/p>\n<p style=\"text-align: justify;\">&nbsp;<\/p><\/p>\n","protected":false},"excerpt":{"rendered":"<p>&nbsp; &nbsp; &nbsp; &#8220;Quero levar a ternura e a car&iacute;cia de Deus (&#8230;) aos que s&atilde;o v&iacute;timas desta cultura de descarte&#8221;, disse Francisco. &nbsp; O papa Francisco inicia no domingo uma hist&oacute;rica viagem&#8230;<\/p>\n","protected":false},"author":1,"featured_media":2178,"comment_status":"open","ping_status":"open","sticky":false,"template":"","format":"standard","meta":[],"categories":[1],"tags":[],"_links":{"self":[{"href":"https:\/\/www.salvatorianas.org.br\/blog\/wp-json\/wp\/v2\/posts\/2048"}],"collection":[{"href":"https:\/\/www.salvatorianas.org.br\/blog\/wp-json\/wp\/v2\/posts"}],"about":[{"href":"https:\/\/www.salvatorianas.org.br\/blog\/wp-json\/wp\/v2\/types\/post"}],"author":[{"embeddable":true,"href":"https:\/\/www.salvatorianas.org.br\/blog\/wp-json\/wp\/v2\/users\/1"}],"replies":[{"embeddable":true,"href":"https:\/\/www.salvatorianas.org.br\/blog\/wp-json\/wp\/v2\/comments?post=2048"}],"version-history":[{"count":0,"href":"https:\/\/www.salvatorianas.org.br\/blog\/wp-json\/wp\/v2\/posts\/2048\/revisions"}],"wp:featuredmedia":[{"embeddable":true,"href":"https:\/\/www.salvatorianas.org.br\/blog\/wp-json\/wp\/v2\/media\/2178"}],"wp:attachment":[{"href":"https:\/\/www.salvatorianas.org.br\/blog\/wp-json\/wp\/v2\/media?parent=2048"}],"wp:term":[{"taxonomy":"category","embeddable":true,"href":"https:\/\/www.salvatorianas.org.br\/blog\/wp-json\/wp\/v2\/categories?post=2048"},{"taxonomy":"post_tag","embeddable":true,"href":"https:\/\/www.salvatorianas.org.br\/blog\/wp-json\/wp\/v2\/tags?post=2048"}],"curies":[{"name":"wp","href":"https:\/\/api.w.org\/{rel}","templated":true}]}}