{"id":20468,"date":"2023-06-20T11:59:03","date_gmt":"2023-06-20T11:59:03","guid":{"rendered":"https:\/\/www.salvatorianas.org.br\/blog\/?p=20468"},"modified":"2023-06-20T11:59:05","modified_gmt":"2023-06-20T11:59:05","slug":"costurando-sonhos","status":"publish","type":"post","link":"https:\/\/www.salvatorianas.org.br\/blog\/costurando-sonhos\/","title":{"rendered":"Costurando Sonhos"},"content":{"rendered":"\n<p>No dia 16 de junho, festa do nascimento do Bem-aventurado Francisco Jordan, no espa\u00e7o do Col\u00e9gio Salvatoriano Maria dos Ap\u00f3stolos, em Fortaleza\/CE deu-se a abertura do Curso de corte e costura para 22 participantes. O curso ter\u00e1 a dura\u00e7\u00e3o de 3 meses com 06 horas semanais de atividades.<\/p>\n\n\n\n<p>Esse projeto visa capacitar mulheres e homens de baixa renda oferecendo curso de corte e costura para contribuir na autossustentabilidade de suas fam\u00edlias; proporcionar condi\u00e7\u00f5es para que no final do curso sejam inseridos no mercado de trabalho; trabalhar a autoestima e a motiva\u00e7\u00e3o para transformar vidas atrav\u00e9s da costura e incentivar e fomentar a pr\u00e1tica da economia solid\u00e1ria.<\/p>\n\n\n\n<p>O projeto conta com recursos vindos da Prov\u00edncia Santa Catarina das Irm\u00e3s Salvatorianas.<\/p>\n\n\n\n<figure class=\"wp-block-image size-large\"><img decoding=\"async\" loading=\"lazy\" width=\"768\" height=\"1024\" src=\"https:\/\/www.salvatorianas.org.br\/blog\/wp-content\/uploads\/2023\/06\/IMG-20230620-WA0008-768x1024.jpg\" alt=\"\" class=\"wp-image-20470\" srcset=\"https:\/\/www.salvatorianas.org.br\/blog\/wp-content\/uploads\/2023\/06\/IMG-20230620-WA0008-768x1024.jpg 768w, https:\/\/www.salvatorianas.org.br\/blog\/wp-content\/uploads\/2023\/06\/IMG-20230620-WA0008-225x300.jpg 225w, https:\/\/www.salvatorianas.org.br\/blog\/wp-content\/uploads\/2023\/06\/IMG-20230620-WA0008-1152x1536.jpg 1152w, https:\/\/www.salvatorianas.org.br\/blog\/wp-content\/uploads\/2023\/06\/IMG-20230620-WA0008.jpg 1200w\" sizes=\"(max-width: 768px) 100vw, 768px\" \/><\/figure>\n\n\n\n<div class=\"wp-block-columns is-layout-flex wp-container-4\">\n<div class=\"wp-block-column is-layout-flow\" style=\"flex-basis:100%\">\n<figure class=\"wp-block-gallery has-nested-images columns-default is-cropped wp-block-gallery-1 is-layout-flex\">\n<figure class=\"wp-block-image size-large\"><img decoding=\"async\" loading=\"lazy\" width=\"768\" height=\"1024\" src=\"https:\/\/www.salvatorianas.org.br\/blog\/wp-content\/uploads\/2023\/06\/IMG-20230620-WA0009-3-768x1024.jpg\" alt=\"\" class=\"wp-image-20475\" srcset=\"https:\/\/www.salvatorianas.org.br\/blog\/wp-content\/uploads\/2023\/06\/IMG-20230620-WA0009-3-768x1024.jpg 768w, https:\/\/www.salvatorianas.org.br\/blog\/wp-content\/uploads\/2023\/06\/IMG-20230620-WA0009-3-225x300.jpg 225w, https:\/\/www.salvatorianas.org.br\/blog\/wp-content\/uploads\/2023\/06\/IMG-20230620-WA0009-3-1152x1536.jpg 1152w, https:\/\/www.salvatorianas.org.br\/blog\/wp-content\/uploads\/2023\/06\/IMG-20230620-WA0009-3.jpg 1200w\" sizes=\"(max-width: 768px) 100vw, 768px\" \/><\/figure>\n<\/figure>\n<\/div>\n<\/div>\n\n\n\n<figure class=\"wp-block-image size-large\"><img decoding=\"async\" loading=\"lazy\" width=\"1024\" height=\"768\" src=\"https:\/\/www.salvatorianas.org.br\/blog\/wp-content\/uploads\/2023\/06\/IMG-20230620-WA0010-1024x768.jpg\" alt=\"\" class=\"wp-image-20476\" srcset=\"https:\/\/www.salvatorianas.org.br\/blog\/wp-content\/uploads\/2023\/06\/IMG-20230620-WA0010-1024x768.jpg 1024w, https:\/\/www.salvatorianas.org.br\/blog\/wp-content\/uploads\/2023\/06\/IMG-20230620-WA0010-300x225.jpg 300w, https:\/\/www.salvatorianas.org.br\/blog\/wp-content\/uploads\/2023\/06\/IMG-20230620-WA0010-768x576.jpg 768w, https:\/\/www.salvatorianas.org.br\/blog\/wp-content\/uploads\/2023\/06\/IMG-20230620-WA0010-1536x1152.jpg 1536w, https:\/\/www.salvatorianas.org.br\/blog\/wp-content\/uploads\/2023\/06\/IMG-20230620-WA0010.jpg 1600w\" sizes=\"(max-width: 1024px) 100vw, 1024px\" \/><\/figure>\n\n\n\n<figure class=\"wp-block-image size-large\"><img decoding=\"async\" loading=\"lazy\" width=\"1024\" height=\"768\" src=\"https:\/\/www.salvatorianas.org.br\/blog\/wp-content\/uploads\/2023\/06\/IMG-20230620-WA0011-1024x768.jpg\" alt=\"\" class=\"wp-image-20477\" srcset=\"https:\/\/www.salvatorianas.org.br\/blog\/wp-content\/uploads\/2023\/06\/IMG-20230620-WA0011-1024x768.jpg 1024w, https:\/\/www.salvatorianas.org.br\/blog\/wp-content\/uploads\/2023\/06\/IMG-20230620-WA0011-300x225.jpg 300w, https:\/\/www.salvatorianas.org.br\/blog\/wp-content\/uploads\/2023\/06\/IMG-20230620-WA0011-768x576.jpg 768w, https:\/\/www.salvatorianas.org.br\/blog\/wp-content\/uploads\/2023\/06\/IMG-20230620-WA0011-1536x1152.jpg 1536w, https:\/\/www.salvatorianas.org.br\/blog\/wp-content\/uploads\/2023\/06\/IMG-20230620-WA0011.jpg 1600w\" sizes=\"(max-width: 1024px) 100vw, 1024px\" \/><\/figure>\n\n\n\n<figure class=\"wp-block-image size-large\"><img decoding=\"async\" loading=\"lazy\" width=\"768\" height=\"1024\" src=\"https:\/\/www.salvatorianas.org.br\/blog\/wp-content\/uploads\/2023\/06\/IMG-20230620-WA0012-768x1024.jpg\" alt=\"\" class=\"wp-image-20478\" srcset=\"https:\/\/www.salvatorianas.org.br\/blog\/wp-content\/uploads\/2023\/06\/IMG-20230620-WA0012-768x1024.jpg 768w, https:\/\/www.salvatorianas.org.br\/blog\/wp-content\/uploads\/2023\/06\/IMG-20230620-WA0012-225x300.jpg 225w, https:\/\/www.salvatorianas.org.br\/blog\/wp-content\/uploads\/2023\/06\/IMG-20230620-WA0012-1152x1536.jpg 1152w, https:\/\/www.salvatorianas.org.br\/blog\/wp-content\/uploads\/2023\/06\/IMG-20230620-WA0012.jpg 1200w\" sizes=\"(max-width: 768px) 100vw, 768px\" \/><\/figure>\n\n\n\n<figure class=\"wp-block-image size-large\"><img decoding=\"async\" loading=\"lazy\" width=\"768\" height=\"1024\" src=\"https:\/\/www.salvatorianas.org.br\/blog\/wp-content\/uploads\/2023\/06\/IMG-20230620-WA0013-768x1024.jpg\" alt=\"\" class=\"wp-image-20479\" srcset=\"https:\/\/www.salvatorianas.org.br\/blog\/wp-content\/uploads\/2023\/06\/IMG-20230620-WA0013-768x1024.jpg 768w, https:\/\/www.salvatorianas.org.br\/blog\/wp-content\/uploads\/2023\/06\/IMG-20230620-WA0013-225x300.jpg 225w, https:\/\/www.salvatorianas.org.br\/blog\/wp-content\/uploads\/2023\/06\/IMG-20230620-WA0013-1152x1536.jpg 1152w, https:\/\/www.salvatorianas.org.br\/blog\/wp-content\/uploads\/2023\/06\/IMG-20230620-WA0013.jpg 1200w\" sizes=\"(max-width: 768px) 100vw, 768px\" \/><\/figure>\n\n\n\n<figure class=\"wp-block-image size-large\"><img decoding=\"async\" loading=\"lazy\" width=\"768\" height=\"1024\" src=\"https:\/\/www.salvatorianas.org.br\/blog\/wp-content\/uploads\/2023\/06\/IMG-20230620-WA0014-1-768x1024.jpg\" alt=\"\" class=\"wp-image-20480\" srcset=\"https:\/\/www.salvatorianas.org.br\/blog\/wp-content\/uploads\/2023\/06\/IMG-20230620-WA0014-1-768x1024.jpg 768w, https:\/\/www.salvatorianas.org.br\/blog\/wp-content\/uploads\/2023\/06\/IMG-20230620-WA0014-1-225x300.jpg 225w, https:\/\/www.salvatorianas.org.br\/blog\/wp-content\/uploads\/2023\/06\/IMG-20230620-WA0014-1-1152x1536.jpg 1152w, https:\/\/www.salvatorianas.org.br\/blog\/wp-content\/uploads\/2023\/06\/IMG-20230620-WA0014-1.jpg 1200w\" sizes=\"(max-width: 768px) 100vw, 768px\" \/><\/figure>\n\n\n\n<div class=\"wp-block-media-text alignwide is-stacked-on-mobile\"><figure class=\"wp-block-media-text__media\"><video controls src=\"https:\/\/www.salvatorianas.org.br\/blog\/wp-content\/uploads\/2023\/06\/Costurando-sonhos.mp4\"><\/video><\/figure><div class=\"wp-block-media-text__content\">\n<p><\/p>\n<\/div><\/div>\n","protected":false},"excerpt":{"rendered":"<p>No dia 16 de junho, festa do nascimento do Bem-aventurado Francisco Jordan, no espa\u00e7o do Col\u00e9gio Salvatoriano Maria dos Ap\u00f3stolos, em Fortaleza\/CE deu-se a abertura do Curso de corte e costura para 22&#8230;<\/p>\n","protected":false},"author":2,"featured_media":20476,"comment_status":"open","ping_status":"open","sticky":false,"template":"","format":"standard","meta":[],"categories":[1],"tags":[],"_links":{"self":[{"href":"https:\/\/www.salvatorianas.org.br\/blog\/wp-json\/wp\/v2\/posts\/20468"}],"collection":[{"href":"https:\/\/www.salvatorianas.org.br\/blog\/wp-json\/wp\/v2\/posts"}],"about":[{"href":"https:\/\/www.salvatorianas.org.br\/blog\/wp-json\/wp\/v2\/types\/post"}],"author":[{"embeddable":true,"href":"https:\/\/www.salvatorianas.org.br\/blog\/wp-json\/wp\/v2\/users\/2"}],"replies":[{"embeddable":true,"href":"https:\/\/www.salvatorianas.org.br\/blog\/wp-json\/wp\/v2\/comments?post=20468"}],"version-history":[{"count":2,"href":"https:\/\/www.salvatorianas.org.br\/blog\/wp-json\/wp\/v2\/posts\/20468\/revisions"}],"predecessor-version":[{"id":20482,"href":"https:\/\/www.salvatorianas.org.br\/blog\/wp-json\/wp\/v2\/posts\/20468\/revisions\/20482"}],"wp:featuredmedia":[{"embeddable":true,"href":"https:\/\/www.salvatorianas.org.br\/blog\/wp-json\/wp\/v2\/media\/20476"}],"wp:attachment":[{"href":"https:\/\/www.salvatorianas.org.br\/blog\/wp-json\/wp\/v2\/media?parent=20468"}],"wp:term":[{"taxonomy":"category","embeddable":true,"href":"https:\/\/www.salvatorianas.org.br\/blog\/wp-json\/wp\/v2\/categories?post=20468"},{"taxonomy":"post_tag","embeddable":true,"href":"https:\/\/www.salvatorianas.org.br\/blog\/wp-json\/wp\/v2\/tags?post=20468"}],"curies":[{"name":"wp","href":"https:\/\/api.w.org\/{rel}","templated":true}]}}