{"id":20464,"date":"2023-06-21T01:05:00","date_gmt":"2023-06-21T01:05:00","guid":{"rendered":"https:\/\/www.salvatorianas.org.br\/blog\/?p=20464"},"modified":"2023-06-19T19:22:20","modified_gmt":"2023-06-19T19:22:20","slug":"sao-luis-gonzaga-religioso-memoria-11a-semana-do-tempo-comum","status":"publish","type":"post","link":"https:\/\/www.salvatorianas.org.br\/blog\/sao-luis-gonzaga-religioso-memoria-11a-semana-do-tempo-comum\/","title":{"rendered":"S\u00e3o Lu\u00eds Gonzaga, religioso, Mem\u00f3ria 11\u00aa Semana do Tempo Comum"},"content":{"rendered":"\n<p>O homem de cora\u00e7\u00e3o puro e m\u00e3os inocentes \u00e9 digno de subir \u00e0 montanha do Senhor e de permanecer em seu santu\u00e1rio (Sl 23,4.3).<\/p>\n\n\n\n<p><em>Lu\u00eds nasceu na It\u00e1lia em 1568 e l\u00e1 faleceu em 1591. Renunciando a todos os t\u00edtulos de nobreza e heran\u00e7as, ingressou na Companhia de Jesus, os Jesu\u00edtas. Dedicou-se com afinco ao estudo e \u00e0 ora\u00e7\u00e3o e prestou servi\u00e7o generoso aos pobres e doentes afetados pela peste. Religioso exemplar, tornou-se modelo e protetor dos jovens. Inspirados por ele, pe\u00e7amos por todos os religiosos, para que perseverem na escuta e na pr\u00e1tica do Evangelho.<\/em><\/p>\n\n\n\n<p>Primeira Leitura:&nbsp;<strong>2 Cor\u00edntios 9,6-11<\/strong><\/p>\n\n\n\n<p>Leitura da segunda carta de S\u00e3o Paulo aos Cor\u00edntios \u2013 Irm\u00e3os,&nbsp;<sup>6<\/sup>\u201cquem semeia pouco colher\u00e1 tamb\u00e9m pouco, e quem semeia com largueza colher\u00e1 tamb\u00e9m com largueza\u201d.&nbsp;<sup>7<\/sup>D\u00ea cada um conforme tiver decidido em seu cora\u00e7\u00e3o, sem pesar nem constrangimento, pois Deus \u201cama quem d\u00e1 com alegria\u201d.&nbsp;<sup>8<\/sup>Deus \u00e9 poderoso para vos cumular de toda sorte de gra\u00e7as, para que, em tudo, tenhais sempre o necess\u00e1rio e ainda tenhais de sobra para toda obra boa,&nbsp;<sup>9<\/sup>como est\u00e1 escrito: \u201cDistribuiu generosamente, deu aos pobres; a sua justi\u00e7a permanece para sempre\u201d.&nbsp;<sup>10<\/sup>Aquele que d\u00e1 a semente ao semeador e lhe dar\u00e1 o p\u00e3o como alimento, ele mesmo multiplicar\u00e1 as vossas sementes e aumentar\u00e1 os frutos da vossa justi\u00e7a.&nbsp;<sup>11<\/sup>Assim, ficareis enriquecidos em tudo e podereis praticar toda esp\u00e9cie de liberalidade, que, atrav\u00e9s de n\u00f3s, resultar\u00e1 em a\u00e7\u00e3o de gra\u00e7as a Deus. \u2013 Palavra do Senhor.<\/p>\n\n\n\n<p>Salmo Responsorial:&nbsp;<strong>111(112)<\/strong><\/p>\n\n\n\n<p><em><strong>Feliz aquele que respeita o Senhor!<\/strong><\/em><\/p>\n\n\n\n<p>1. Feliz o homem que respeita o Senhor&nbsp;\/&nbsp;e que ama com carinho a sua lei!&nbsp;\/&nbsp;Sua descend\u00eancia ser\u00e1 forte sobre a terra,&nbsp;\/&nbsp;aben\u00e7oada a gera\u00e7\u00e3o dos homens retos!&nbsp;\u2013 R.<\/p>\n\n\n\n<p>2. Haver\u00e1 gl\u00f3ria e riqueza em sua casa,&nbsp;\/&nbsp;e permanece para sempre o bem que fez.&nbsp;\/&nbsp;Ele \u00e9 correto, generoso e compassivo,&nbsp;\/&nbsp;como luz brilha nas trevas para os justos.&nbsp;\u2013 R.<\/p>\n\n\n\n<p>3. Ele reparte com os pobres os seus bens,&nbsp;\u2020&nbsp;permanece para sempre o bem que fez,&nbsp;\/&nbsp;e crescer\u00e3o a sua gl\u00f3ria e seu poder.&nbsp;\u2013 R.<\/p>\n\n\n\n<p>Evangelho:&nbsp;<strong>Mateus 6,1-6.16-18<\/strong><\/p>\n\n\n\n<p><strong><em>Aleluia, aleluia, aleluia.<\/em><\/strong><\/p>\n\n\n\n<p><strong>Quem me ama realmente guardar\u00e1 minha palavra&nbsp;\/&nbsp;e meu Pai o amar\u00e1, e a ele n\u00f3s viremos (Jo 14,23).&nbsp;\u2013 R.<\/strong><\/p>\n\n\n\n<p>Proclama\u00e7\u00e3o do Evangelho de Jesus Cristo segundo Mateus \u2013 Naquele tempo, disse Jesus aos seus disc\u00edpulos:&nbsp;<sup>1<\/sup>\u201cFicai atentos para n\u00e3o praticar a vossa justi\u00e7a na frente dos homens, s\u00f3 para serdes vistos por eles. Caso contr\u00e1rio, n\u00e3o recebereis a recompensa do vosso Pai que est\u00e1 nos c\u00e9us.&nbsp;<sup>2<\/sup>Por isso, quando deres esmola, n\u00e3o toques a trombeta diante de ti, como fazem os hip\u00f3critas nas sinagogas e nas ruas, para serem elogiados pelos homens. Em verdade vos digo, eles j\u00e1 receberam a sua recompensa.&nbsp;<sup>3<\/sup>Ao contr\u00e1rio, quando deres esmola, que a tua m\u00e3o esquerda n\u00e3o saiba o que faz a tua m\u00e3o direita,&nbsp;<sup>4<\/sup>de modo que a tua esmola fique oculta. E o teu Pai, que v\u00ea o que est\u00e1 oculto, te dar\u00e1 a recompensa.&nbsp;<sup>5<\/sup>Quando orardes, n\u00e3o sejais como os hip\u00f3critas, que gostam de rezar em p\u00e9, nas sinagogas e nas esquinas das pra\u00e7as, para serem vistos pelos homens. Em verdade vos digo, eles j\u00e1 receberam a sua recompensa.&nbsp;<sup>6<\/sup>Ao contr\u00e1rio, quando tu orares, entra no teu quarto, fecha a porta e reza ao teu Pai que est\u00e1 oculto. E o teu Pai, que v\u00ea o que est\u00e1 escondido, te dar\u00e1 a recompensa.&nbsp;<sup>16<\/sup>Quando jejuardes, n\u00e3o fiqueis com o rosto triste como os hip\u00f3critas. Eles desfiguram o rosto, para que os homens vejam que est\u00e3o jejuando. Em verdade vos digo, eles j\u00e1 receberam a sua recompensa.&nbsp;<sup>17<\/sup>Tu, por\u00e9m, quando jejuares, perfuma a cabe\u00e7a e lava o rosto,&nbsp;<sup>18<\/sup>para que os homens n\u00e3o vejam que tu est\u00e1s jejuando, mas somente teu Pai, que est\u00e1 oculto. E o teu Pai, que v\u00ea o que est\u00e1 escondido, te dar\u00e1 a recompensa\u201d. \u2013 Palavra da salva\u00e7\u00e3o.<\/p>\n\n\n\n<p>Reflex\u00e3o:<\/p>\n\n\n\n<p><em>Chamar a aten\u00e7\u00e3o para as pr\u00f3prias boas obras \u00e9 tend\u00eancia bastante comum entre as pessoas. \u00c9 orgulho e vaidade. Por isso, Jesus nos adverte sobre um perigo real: por tr\u00e1s de muito barulho, pode esconder-se atitude falsa. Como exemplo, ele cita tr\u00eas a\u00e7\u00f5es: dar esmola, orar e jejuar. S\u00e3o coisas valiosas, desde que realizadas com reta inten\u00e7\u00e3o. Perdem sua efic\u00e1cia quando algu\u00e9m as pratica s\u00f3 para receber aplausos. Readquirem valor quando feitas para agradar a Deus, que conhece a intimidade de cada um e pode dar-lhe a devida recompensa. Portanto, pratiquemos as boas obras com discri\u00e7\u00e3o e humildade; desse modo, ficamos com a certeza do olhar ben\u00e9volo de Deus e de sua recompensa. Do contr\u00e1rio, s\u00f3 nos restar\u00e1 acolher dos outros um reconhecimento passageiro e quase sempre mesquinho.<\/em><\/p>\n","protected":false},"excerpt":{"rendered":"<p>O homem de cora\u00e7\u00e3o puro e m\u00e3os inocentes \u00e9 digno de subir \u00e0 montanha do Senhor e de permanecer em seu santu\u00e1rio (Sl 23,4.3). Lu\u00eds nasceu na It\u00e1lia em 1568 e l\u00e1 faleceu&#8230;<\/p>\n","protected":false},"author":2,"featured_media":20465,"comment_status":"open","ping_status":"open","sticky":false,"template":"","format":"standard","meta":[],"categories":[7],"tags":[],"_links":{"self":[{"href":"https:\/\/www.salvatorianas.org.br\/blog\/wp-json\/wp\/v2\/posts\/20464"}],"collection":[{"href":"https:\/\/www.salvatorianas.org.br\/blog\/wp-json\/wp\/v2\/posts"}],"about":[{"href":"https:\/\/www.salvatorianas.org.br\/blog\/wp-json\/wp\/v2\/types\/post"}],"author":[{"embeddable":true,"href":"https:\/\/www.salvatorianas.org.br\/blog\/wp-json\/wp\/v2\/users\/2"}],"replies":[{"embeddable":true,"href":"https:\/\/www.salvatorianas.org.br\/blog\/wp-json\/wp\/v2\/comments?post=20464"}],"version-history":[{"count":1,"href":"https:\/\/www.salvatorianas.org.br\/blog\/wp-json\/wp\/v2\/posts\/20464\/revisions"}],"predecessor-version":[{"id":20466,"href":"https:\/\/www.salvatorianas.org.br\/blog\/wp-json\/wp\/v2\/posts\/20464\/revisions\/20466"}],"wp:featuredmedia":[{"embeddable":true,"href":"https:\/\/www.salvatorianas.org.br\/blog\/wp-json\/wp\/v2\/media\/20465"}],"wp:attachment":[{"href":"https:\/\/www.salvatorianas.org.br\/blog\/wp-json\/wp\/v2\/media?parent=20464"}],"wp:term":[{"taxonomy":"category","embeddable":true,"href":"https:\/\/www.salvatorianas.org.br\/blog\/wp-json\/wp\/v2\/categories?post=20464"},{"taxonomy":"post_tag","embeddable":true,"href":"https:\/\/www.salvatorianas.org.br\/blog\/wp-json\/wp\/v2\/tags?post=20464"}],"curies":[{"name":"wp","href":"https:\/\/api.w.org\/{rel}","templated":true}]}}