{"id":20459,"date":"2023-06-20T01:05:00","date_gmt":"2023-06-20T01:05:00","guid":{"rendered":"https:\/\/www.salvatorianas.org.br\/blog\/?p=20459"},"modified":"2023-06-19T19:20:16","modified_gmt":"2023-06-19T19:20:16","slug":"11a-semana-do-tempo-comum-ano-impar-i","status":"publish","type":"post","link":"https:\/\/www.salvatorianas.org.br\/blog\/11a-semana-do-tempo-comum-ano-impar-i\/","title":{"rendered":"11\u00aa Semana do Tempo Comum, Ano \u00cdmpar (I)"},"content":{"rendered":"\n<p>Ouvi, Senhor, a voz do meu apelo, tende compaix\u00e3o de mim e atendei-me; v\u00f3s sois meu protetor, n\u00e3o me deixeis; n\u00e3o me abandoneis, \u00f3 Deus, meu salvador! (Sl 26,7.9)<\/p>\n\n\n\n<p><em>Modelo e est\u00edmulo para nossa generosidade \u00e9 Jesus Cristo, o qual, \u201cde rico que era, tornou-se pobre\u201d. Jesus n\u00e3o nos deu coisas, mas deu-se a si mesmo por n\u00f3s. Como filhos e filhas que imitam o seu Pai, a liturgia nos convida a partilhar nossos bens espirituais e materiais.<\/em><\/p>\n\n\n\n<p>Primeira Leitura:&nbsp;<strong>2 Cor\u00edntios 8,1-9<\/strong><\/p>\n\n\n\n<p>Leitura da segunda carta de S\u00e3o Paulo aos Cor\u00edntios \u2013&nbsp;<sup>1<\/sup>Irm\u00e3os, queremos levar ao vosso conhecimento a gra\u00e7a de Deus que foi concedida \u00e0s Igrejas da Maced\u00f4nia.&nbsp;<sup>2<\/sup>Com efeito, em meio a grandes tribula\u00e7\u00f5es que as provaram, a sua extraordin\u00e1ria alegria e extrema pobreza transbordaram em tesouros de liberalidade.&nbsp;<sup>3<\/sup>Eu sou testemunha de que esses irm\u00e3os, segundo os seus recursos e mesmo al\u00e9m dos seus recursos, por sua pr\u00f3pria iniciativa&nbsp;<sup>4<\/sup>e com muita insist\u00eancia, nos pediram a gra\u00e7a de participar da coleta em favor dos santos de Jerusal\u00e9m.&nbsp;<sup>5<\/sup>E, indo al\u00e9m de nossas expectativas, colocaram-se logo \u00e0 disposi\u00e7\u00e3o do Senhor e tamb\u00e9m \u00e0 nossa, pela vontade de Deus.&nbsp;<sup>6<\/sup>Por isso solicitamos a Tito que, assim como a iniciou, ele leve a bom termo entre v\u00f3s essa obra de generosidade.&nbsp;<sup>7<\/sup>E, como tendes tudo em abund\u00e2ncia \u2013 f\u00e9, eloqu\u00eancia, ci\u00eancia, zelo para tudo e a caridade de que vos demos o exemplo -, assim tamb\u00e9m procurai ser abundantes nesta obra de generosidade.&nbsp;<sup>8<\/sup>N\u00e3o \u00e9 uma ordem que estou dando; mas \u00e9 para testar a sinceridade da vossa caridade que eu lembro a boa vontade de outros.&nbsp;<sup>9<\/sup>Na verdade, conheceis a generosidade de nosso Senhor Jesus Cristo: de rico que era, tornou-se pobre por causa de v\u00f3s, para que vos torneis ricos por sua pobreza. \u2013 Palavra do Senhor.<\/p>\n\n\n\n<p>Salmo Responsorial:&nbsp;<strong>145(146)<\/strong><\/p>\n\n\n\n<p><em><strong>Bendize, \u00f3 minha alma, ao Senhor!<\/strong><\/em><\/p>\n\n\n\n<p>1. Bendirei ao Senhor toda a vida,&nbsp;\/&nbsp;cantarei ao meu Deus sem cessar!&nbsp;\u2013 R.<\/p>\n\n\n\n<p>2. \u00c9 feliz todo homem que busca&nbsp;\u2020&nbsp;seu aux\u00edlio no Deus de Jac\u00f3&nbsp;\/&nbsp;e que p\u00f5e no Senhor a esperan\u00e7a.&nbsp;\/&nbsp;O Senhor fez o c\u00e9u e a terra,&nbsp;\u2020&nbsp;fez o mar e o que neles existe.&nbsp;\/&nbsp;O Senhor \u00e9 fiel para sempre.&nbsp;\u2013 R.<\/p>\n\n\n\n<p>3. Faz justi\u00e7a aos que s\u00e3o oprimidos;&nbsp;\u2020&nbsp;ele d\u00e1 alimento aos famintos,&nbsp;\/&nbsp;\u00e9 o Senhor quem liberta os cativos.&nbsp;\u2013 R.<\/p>\n\n\n\n<p>4. O Senhor abre os olhos aos cegos,&nbsp;\/&nbsp;o Senhor faz erguer-se o ca\u00eddo,&nbsp;\/&nbsp;o Senhor ama aquele que \u00e9 justo.&nbsp;\/&nbsp;\u00c9 o Senhor quem protege o estrangeiro.&nbsp;\u2013 R.<\/p>\n\n\n\n<p>Evangelho:&nbsp;<strong>Mateus 5,43-48<\/strong><\/p>\n\n\n\n<p><strong><em>Aleluia, aleluia, aleluia.<\/em><\/strong><\/p>\n\n\n\n<p><strong>Eu vos dou novo preceito:&nbsp;\/&nbsp;que uns aos outros vos ameis,&nbsp;\/&nbsp;como eu vos tenho amado (Jo 13,34).&nbsp;\u2013 R.<\/strong><\/p>\n\n\n\n<p>Proclama\u00e7\u00e3o do Evangelho de Jesus Cristo segundo Mateus \u2013 Naquele tempo, disse Jesus aos seus disc\u00edpulos:&nbsp;<sup>43<\/sup>\u201cV\u00f3s ouvistes o que foi dito: \u2018Amar\u00e1s o teu pr\u00f3ximo e odiar\u00e1s o teu inimigo!\u2019&nbsp;<sup>44<\/sup>Eu, por\u00e9m, vos digo: amai os vossos inimigos e rezai por aqueles que vos perseguem!&nbsp;<sup>45<\/sup>Assim vos tornareis filhos do vosso Pai que est\u00e1 nos c\u00e9us, porque ele faz nascer o sol sobre maus e bons e faz cair a chuva sobre justos e injustos.&nbsp;<sup>46<\/sup>Porque, se amais somente aqueles que vos amam, que recompensa tereis? Os cobradores de impostos n\u00e3o fazem a mesma coisa?&nbsp;<sup>47<\/sup>E se saudais somente os vossos irm\u00e3os, o que fazeis de extraordin\u00e1rio? Os pag\u00e3os n\u00e3o fazem a mesma coisa?&nbsp;<sup>48<\/sup>Portanto, sede perfeitos como o vosso Pai celeste \u00e9 perfeito\u201d. \u2013 Palavra da salva\u00e7\u00e3o.<\/p>\n\n\n\n<p>Reflex\u00e3o:<\/p>\n\n\n\n<p><em>O amor de quem cr\u00ea em Jesus n\u00e3o pode ficar limitado a pessoas da mesma fam\u00edlia ou c\u00edrculo de amizade: \u201cSe voc\u00eas cumprimentam apenas seus irm\u00e3os, o que fazem de mais?\u201d. Seria incompleto e estaria muito distante do modelo de amor que \u00e9 o pr\u00f3prio Deus. Seu amor \u00e9 universal; ele n\u00e3o faz distin\u00e7\u00e3o de pessoas, cultura ou credo. Para todos, sem exce\u00e7\u00e3o, Deus oferece os benef\u00edcios do sol, da chuva e de toda a natureza. O crist\u00e3o, \u00e0 semelhan\u00e7a de Cristo, n\u00e3o pode deixar ningu\u00e9m fora do alcance do seu amor, nem mesmo os que se tornam inimigos. Aos que nos perseguem ou que dificultam o nosso caminhar (tamb\u00e9m nas comunidades crist\u00e3s), Jesus recomenda a ora\u00e7\u00e3o: \u201cRezem por aqueles que perseguem voc\u00eas\u201d. Nosso amor deve ser absoluto e universal, semelhante ao amor do pr\u00f3prio Deus.<\/em><\/p>\n","protected":false},"excerpt":{"rendered":"<p>Ouvi, Senhor, a voz do meu apelo, tende compaix\u00e3o de mim e atendei-me; v\u00f3s sois meu protetor, n\u00e3o me deixeis; n\u00e3o me abandoneis, \u00f3 Deus, meu salvador! (Sl 26,7.9) Modelo e est\u00edmulo para&#8230;<\/p>\n","protected":false},"author":2,"featured_media":20460,"comment_status":"open","ping_status":"open","sticky":false,"template":"","format":"standard","meta":[],"categories":[7],"tags":[],"_links":{"self":[{"href":"https:\/\/www.salvatorianas.org.br\/blog\/wp-json\/wp\/v2\/posts\/20459"}],"collection":[{"href":"https:\/\/www.salvatorianas.org.br\/blog\/wp-json\/wp\/v2\/posts"}],"about":[{"href":"https:\/\/www.salvatorianas.org.br\/blog\/wp-json\/wp\/v2\/types\/post"}],"author":[{"embeddable":true,"href":"https:\/\/www.salvatorianas.org.br\/blog\/wp-json\/wp\/v2\/users\/2"}],"replies":[{"embeddable":true,"href":"https:\/\/www.salvatorianas.org.br\/blog\/wp-json\/wp\/v2\/comments?post=20459"}],"version-history":[{"count":1,"href":"https:\/\/www.salvatorianas.org.br\/blog\/wp-json\/wp\/v2\/posts\/20459\/revisions"}],"predecessor-version":[{"id":20461,"href":"https:\/\/www.salvatorianas.org.br\/blog\/wp-json\/wp\/v2\/posts\/20459\/revisions\/20461"}],"wp:featuredmedia":[{"embeddable":true,"href":"https:\/\/www.salvatorianas.org.br\/blog\/wp-json\/wp\/v2\/media\/20460"}],"wp:attachment":[{"href":"https:\/\/www.salvatorianas.org.br\/blog\/wp-json\/wp\/v2\/media?parent=20459"}],"wp:term":[{"taxonomy":"category","embeddable":true,"href":"https:\/\/www.salvatorianas.org.br\/blog\/wp-json\/wp\/v2\/categories?post=20459"},{"taxonomy":"post_tag","embeddable":true,"href":"https:\/\/www.salvatorianas.org.br\/blog\/wp-json\/wp\/v2\/tags?post=20459"}],"curies":[{"name":"wp","href":"https:\/\/api.w.org\/{rel}","templated":true}]}}