{"id":20455,"date":"2023-06-16T12:49:01","date_gmt":"2023-06-16T12:49:01","guid":{"rendered":"https:\/\/www.salvatorianas.org.br\/blog\/?p=20455"},"modified":"2023-06-16T12:49:02","modified_gmt":"2023-06-16T12:49:02","slug":"abc-de-pe-jordan-175-anos","status":"publish","type":"post","link":"https:\/\/www.salvatorianas.org.br\/blog\/abc-de-pe-jordan-175-anos\/","title":{"rendered":"ABC de Pe. Jordan \u2013 175 anos"},"content":{"rendered":"\n<figure class=\"wp-block-image size-large\"><img decoding=\"async\" loading=\"lazy\" width=\"1024\" height=\"493\" src=\"https:\/\/www.salvatorianas.org.br\/blog\/wp-content\/uploads\/2023\/06\/2-1-1024x493.jpg\" alt=\"\" class=\"wp-image-20456\" srcset=\"https:\/\/www.salvatorianas.org.br\/blog\/wp-content\/uploads\/2023\/06\/2-1-1024x493.jpg 1024w, https:\/\/www.salvatorianas.org.br\/blog\/wp-content\/uploads\/2023\/06\/2-1-300x144.jpg 300w, https:\/\/www.salvatorianas.org.br\/blog\/wp-content\/uploads\/2023\/06\/2-1-768x370.jpg 768w, https:\/\/www.salvatorianas.org.br\/blog\/wp-content\/uploads\/2023\/06\/2-1-1536x739.jpg 1536w, https:\/\/www.salvatorianas.org.br\/blog\/wp-content\/uploads\/2023\/06\/2-1.jpg 1600w\" sizes=\"(max-width: 1024px) 100vw, 1024px\" \/><\/figure>\n\n\n\n<p><\/p>\n\n\n\n<p><strong>Refr\u00e3o: Mergulha no oceano do amor de Deus, do amor de Deus!<\/strong><\/p>\n\n\n\n<p><strong>A<\/strong>lian\u00e7a com o Criador<\/p>\n\n\n\n<p><strong>B<\/strong>usca constante da vontade de Deus<\/p>\n\n\n\n<p><strong>C<\/strong>ruz como parte integrante da miss\u00e3o<\/p>\n\n\n\n<p><strong>D<\/strong>ivina Provid\u00eancia, seu escudo<\/p>\n\n\n\n<p><strong>E<\/strong>duca\u00e7\u00e3o crist\u00e3 da juventude<\/p>\n\n\n\n<p><strong>F<\/strong>am\u00edlia Salvatoriana<\/p>\n\n\n\n<p><strong>G<\/strong>l\u00f3ria de Deus \u00e9 a pessoa plena de vida<\/p>\n\n\n\n<p><strong>H<\/strong>umildade<\/p>\n\n\n\n<p><strong>Refr\u00e3o: Todo o teu pensar, todo o teu falar, todo o teu agir, sejam motivados pela luz da f\u00e9<\/strong><\/p>\n\n\n\n<p><strong>I<\/strong>rradiar luz, luzir, alumiar<\/p>\n\n\n\n<p><strong>J<\/strong>uventude, inf\u00e2ncia, pequeninos<\/p>\n\n\n\n<p><strong>K<\/strong>air\u00f3s<\/p>\n\n\n\n<p><strong>L<\/strong>ideran\u00e7as crist\u00e3s<\/p>\n\n\n\n<p><strong>M<\/strong>aria, M\u00e3e do Salvador<\/p>\n\n\n\n<p><strong>N<\/strong>\u00e3o desanimes<\/p>\n\n\n\n<p><strong>O<\/strong>utros vir\u00e3o e lembrados de nossos sofrimentos, continuar\u00e3o a obra<\/p>\n\n\n\n<p><strong>P<\/strong>alavra de Deus<\/p>\n\n\n\n<p><strong>Refr\u00e3o: Seremos respons\u00e1veis por levar o teu nome \u00d3 Cristo Salvador, ajudai-nos em nossa miss\u00e3o.<\/strong><\/p>\n\n\n\n<p><strong>Q<\/strong>uerer e executar<\/p>\n\n\n\n<p><strong>R<\/strong>esili\u00eancia<\/p>\n\n\n\n<p><strong>S<\/strong>aibam que eu os amei intensamente<\/p>\n\n\n\n<p><strong>T<\/strong>estemunho de vida<\/p>\n\n\n\n<p><strong>U<\/strong>niversalidade&#8230; todos&#8230;todos&#8230;todos<\/p>\n\n\n\n<p><strong>V<\/strong>ida Eterna<\/p>\n\n\n\n<p><strong>X<\/strong> da quest\u00e3o: \u201cQue todos conhecem, amem e sirvam ao Salvador\u201d.<\/p>\n\n\n\n<p><strong>Y<\/strong>es! Eis-me aqui Senhor!<\/p>\n\n\n\n<p><strong>Z<\/strong>elo apost\u00f3lico mission\u00e1rio<\/p>\n\n\n\n<p><strong>Refr\u00e3o: N\u00e3o sossegueis, n\u00e3o descanseis at\u00e9 que todos conhe\u00e7am, amem e sirvam a Jesus. N\u00e3o sossegueis, n\u00e3o descanseis, at\u00e9 que todos conhe\u00e7am o Salvador.<\/strong><\/p>\n","protected":false},"excerpt":{"rendered":"<p>Refr\u00e3o: Mergulha no oceano do amor de Deus, do amor de Deus! Alian\u00e7a com o Criador Busca constante da vontade de Deus Cruz como parte integrante da miss\u00e3o Divina Provid\u00eancia, seu escudo Educa\u00e7\u00e3o&#8230;<\/p>\n","protected":false},"author":2,"featured_media":0,"comment_status":"open","ping_status":"open","sticky":false,"template":"","format":"standard","meta":[],"categories":[1],"tags":[],"_links":{"self":[{"href":"https:\/\/www.salvatorianas.org.br\/blog\/wp-json\/wp\/v2\/posts\/20455"}],"collection":[{"href":"https:\/\/www.salvatorianas.org.br\/blog\/wp-json\/wp\/v2\/posts"}],"about":[{"href":"https:\/\/www.salvatorianas.org.br\/blog\/wp-json\/wp\/v2\/types\/post"}],"author":[{"embeddable":true,"href":"https:\/\/www.salvatorianas.org.br\/blog\/wp-json\/wp\/v2\/users\/2"}],"replies":[{"embeddable":true,"href":"https:\/\/www.salvatorianas.org.br\/blog\/wp-json\/wp\/v2\/comments?post=20455"}],"version-history":[{"count":1,"href":"https:\/\/www.salvatorianas.org.br\/blog\/wp-json\/wp\/v2\/posts\/20455\/revisions"}],"predecessor-version":[{"id":20457,"href":"https:\/\/www.salvatorianas.org.br\/blog\/wp-json\/wp\/v2\/posts\/20455\/revisions\/20457"}],"wp:attachment":[{"href":"https:\/\/www.salvatorianas.org.br\/blog\/wp-json\/wp\/v2\/media?parent=20455"}],"wp:term":[{"taxonomy":"category","embeddable":true,"href":"https:\/\/www.salvatorianas.org.br\/blog\/wp-json\/wp\/v2\/categories?post=20455"},{"taxonomy":"post_tag","embeddable":true,"href":"https:\/\/www.salvatorianas.org.br\/blog\/wp-json\/wp\/v2\/tags?post=20455"}],"curies":[{"name":"wp","href":"https:\/\/api.w.org\/{rel}","templated":true}]}}