{"id":20446,"date":"2023-06-19T01:05:00","date_gmt":"2023-06-19T01:05:00","guid":{"rendered":"https:\/\/www.salvatorianas.org.br\/blog\/?p=20446"},"modified":"2023-06-15T17:13:50","modified_gmt":"2023-06-15T17:13:50","slug":"segunda-feira-19-de-junho-de-2023-11a-semana-do-tempo-comum-ano-impar-i","status":"publish","type":"post","link":"https:\/\/www.salvatorianas.org.br\/blog\/segunda-feira-19-de-junho-de-2023-11a-semana-do-tempo-comum-ano-impar-i\/","title":{"rendered":"Segunda-feira, 19 de Junho de 2023 11\u00aa Semana do Tempo Comum, Ano \u00cdmpar (I)"},"content":{"rendered":"\n<p>Ouvi, Senhor, a voz do meu apelo, tende compaix\u00e3o de mim e atendei-me; v\u00f3s sois meu protetor, n\u00e3o me deixeis; n\u00e3o me abandoneis, \u00f3 Deus, meu salvador! (Sl 26,7.9)<\/p>\n\n\n\n<p><em>Ouvindo e seguindo os ensinamentos de Jesus, os mission\u00e1rios entregam-se, de corpo e alma, ao an\u00fancio da Boa-nova e exortam a todos a n\u00e3o receber em v\u00e3o a gra\u00e7a de Deus, j\u00e1 que \u201c\u00e9 agora o momento favor\u00e1vel, \u00e9 agora o dia da salva\u00e7\u00e3o\u201d.<\/em><\/p>\n\n\n\n<p>Primeira Leitura:&nbsp;<strong>2 Cor\u00edntios 6,1-10<\/strong><\/p>\n\n\n\n<p>Leitura da segunda carta de S\u00e3o Paulo aos Cor\u00edntios \u2013 Irm\u00e3os,&nbsp;<sup>1<\/sup>como colaboradores de Cristo, n\u00f3s vos exortamos a n\u00e3o receberdes em v\u00e3o a gra\u00e7a de Deus,&nbsp;<sup>2<\/sup>pois ele diz: \u201cNo momento favor\u00e1vel, eu te ouvi e, no dia da salva\u00e7\u00e3o, eu te socorri\u201d. \u00c9 agora o momento favor\u00e1vel, \u00e9 agora o dia da salva\u00e7\u00e3o.&nbsp;<sup>3<\/sup>N\u00e3o damos a ningu\u00e9m nenhum motivo de esc\u00e2ndalo, para que o nosso minist\u00e9rio n\u00e3o seja desacreditado.&nbsp;<sup>4<\/sup>Mas em tudo nos recomendamos como ministros de Deus, com muita paci\u00eancia, em tribula\u00e7\u00f5es, em necessidades, em ang\u00fastias,&nbsp;<sup>5<\/sup>em a\u00e7oites, em pris\u00f5es, em tumultos, em fadigas, em ins\u00f4nias, em jejuns,&nbsp;<sup>6<\/sup>em castidade, em compreens\u00e3o, em longanimidade, em bondade, no Esp\u00edrito Santo, em amor sincero,&nbsp;<sup>7<\/sup>em palavras verdadeiras, no poder de Deus, em armas de justi\u00e7a, ofensivas e defensivas,&nbsp;<sup>8<\/sup>em honra e desonra, em m\u00e1 ou boa fama; considerados sedutores, sendo, por\u00e9m, verazes;&nbsp;<sup>9<\/sup>como desconhecidos, sendo, por\u00e9m, bem conhecidos; como moribundos, embora vivamos; como castigados, mas n\u00e3o mortos;&nbsp;<sup>10<\/sup>como aflitos, mas sempre alegres; como pobres, mas enriquecendo muitos; como quem nada possui, mas tendo tudo. \u2013 Palavra do Senhor.<\/p>\n\n\n\n<p>Salmo Responsorial:&nbsp;<strong>97(98)<\/strong><\/p>\n\n\n\n<p><em><strong>O Senhor fez conhecer a salva\u00e7\u00e3o.<\/strong><\/em><\/p>\n\n\n\n<p>1. Cantai ao Senhor Deus um canto novo,&nbsp;\/&nbsp;porque ele fez prod\u00edgios!&nbsp;\/&nbsp;Sua m\u00e3o e o seu bra\u00e7o forte e santo&nbsp;\/&nbsp;alcan\u00e7aram-lhe a vit\u00f3ria.&nbsp;\u2013 R.<\/p>\n\n\n\n<p>2. O Senhor fez conhecer a salva\u00e7\u00e3o&nbsp;\/&nbsp;e, \u00e0s na\u00e7\u00f5es, sua justi\u00e7a;&nbsp;\/&nbsp;recordou o seu amor sempre fiel&nbsp;\/&nbsp;pela casa de Israel.&nbsp;\u2013 R.<\/p>\n\n\n\n<p>3. Os confins do universo contemplaram&nbsp;\/&nbsp;a salva\u00e7\u00e3o do nosso Deus.&nbsp;\/&nbsp;Aclamai o Senhor Deus, \u00f3 terra inteira,&nbsp;\/&nbsp;alegrai-vos e exultai!&nbsp;\u2013 R.<\/p>\n\n\n\n<p>Evangelho:&nbsp;<strong>Mateus 5,38-42<\/strong><\/p>\n\n\n\n<p><strong><em>Aleluia, aleluia, aleluia.<\/em><\/strong><\/p>\n\n\n\n<p><strong>Vossa Palavra \u00e9 uma luz para os meus passos&nbsp;\/&nbsp;e uma l\u00e2mpada luzente em meu caminho (Sl 118,105).&nbsp;\u2013 R.<\/strong><\/p>\n\n\n\n<p>Proclama\u00e7\u00e3o do Evangelho de Jesus Cristo segundo Mateus \u2013 Naquele tempo, disse Jesus aos seus disc\u00edpulos:&nbsp;<sup>38<\/sup>\u201cOuvistes o que foi dito: \u2018Olho por olho e dente por dente!\u2019&nbsp;<sup>39<\/sup>Eu, por\u00e9m, vos digo: n\u00e3o enfrenteis quem \u00e9 malvado! Pelo contr\u00e1rio, se algu\u00e9m te d\u00e1 um tapa na face direita, oferece-lhe tamb\u00e9m a esquerda!&nbsp;<sup>40<\/sup>Se algu\u00e9m quiser abrir um processo para tomar a tua t\u00fanica, d\u00e1-lhe tamb\u00e9m o manto!&nbsp;<sup>41<\/sup>Se algu\u00e9m te for\u00e7ar a andar um quil\u00f4metro, caminha dois com ele!&nbsp;<sup>42<\/sup>D\u00e1 a quem te pedir e n\u00e3o vires as costas a quem te pede emprestado\u201d. \u2013 Palavra da salva\u00e7\u00e3o.<\/p>\n\n\n\n<p>Reflex\u00e3o:<\/p>\n\n\n\n<p><em>\u201cOlho por olho, dente por dente.\u201d Essa regra, na sua origem, era uma tentativa de p\u00f4r freio \u00e0 onda de viol\u00eancia. Era a lei da vingan\u00e7a que estava presente n\u00e3o s\u00f3 no Antigo Testamento, mas predomina at\u00e9 hoje nas rela\u00e7\u00f5es pessoais, sociais e pol\u00edticas, onde o Evangelho ainda n\u00e3o penetrou profundamente. Mas o crist\u00e3o segue uma l\u00f3gica diferente: \u00e9 chamado a quebrar a espiral do \u00f3dio, respondendo ao mal com o bem. O direito \u00e0 vingan\u00e7a (lei antiga) cedeu lugar \u00e0 lei da miseric\u00f3rdia. Para n\u00e3o responder com a mesma moeda, o disc\u00edpulo de Cristo deve se dispor a fazer gestos radicais de toler\u00e2ncia e compreens\u00e3o. Uma das bem-aventuran\u00e7as refor\u00e7a nosso anseio de criar um mundo novo, em que as rela\u00e7\u00f5es humanas estejam de fato assentadas sobre o amor: \u201cFelizes os mansos, porque herdar\u00e3o a terra!\u201d.<\/em><\/p>\n","protected":false},"excerpt":{"rendered":"<p>Ouvi, Senhor, a voz do meu apelo, tende compaix\u00e3o de mim e atendei-me; v\u00f3s sois meu protetor, n\u00e3o me deixeis; n\u00e3o me abandoneis, \u00f3 Deus, meu salvador! (Sl 26,7.9) Ouvindo e seguindo os&#8230;<\/p>\n","protected":false},"author":2,"featured_media":20448,"comment_status":"open","ping_status":"open","sticky":false,"template":"","format":"standard","meta":[],"categories":[7],"tags":[],"_links":{"self":[{"href":"https:\/\/www.salvatorianas.org.br\/blog\/wp-json\/wp\/v2\/posts\/20446"}],"collection":[{"href":"https:\/\/www.salvatorianas.org.br\/blog\/wp-json\/wp\/v2\/posts"}],"about":[{"href":"https:\/\/www.salvatorianas.org.br\/blog\/wp-json\/wp\/v2\/types\/post"}],"author":[{"embeddable":true,"href":"https:\/\/www.salvatorianas.org.br\/blog\/wp-json\/wp\/v2\/users\/2"}],"replies":[{"embeddable":true,"href":"https:\/\/www.salvatorianas.org.br\/blog\/wp-json\/wp\/v2\/comments?post=20446"}],"version-history":[{"count":1,"href":"https:\/\/www.salvatorianas.org.br\/blog\/wp-json\/wp\/v2\/posts\/20446\/revisions"}],"predecessor-version":[{"id":20449,"href":"https:\/\/www.salvatorianas.org.br\/blog\/wp-json\/wp\/v2\/posts\/20446\/revisions\/20449"}],"wp:featuredmedia":[{"embeddable":true,"href":"https:\/\/www.salvatorianas.org.br\/blog\/wp-json\/wp\/v2\/media\/20448"}],"wp:attachment":[{"href":"https:\/\/www.salvatorianas.org.br\/blog\/wp-json\/wp\/v2\/media?parent=20446"}],"wp:term":[{"taxonomy":"category","embeddable":true,"href":"https:\/\/www.salvatorianas.org.br\/blog\/wp-json\/wp\/v2\/categories?post=20446"},{"taxonomy":"post_tag","embeddable":true,"href":"https:\/\/www.salvatorianas.org.br\/blog\/wp-json\/wp\/v2\/tags?post=20446"}],"curies":[{"name":"wp","href":"https:\/\/api.w.org\/{rel}","templated":true}]}}