{"id":20443,"date":"2023-06-18T01:05:00","date_gmt":"2023-06-18T01:05:00","guid":{"rendered":"https:\/\/www.salvatorianas.org.br\/blog\/?p=20443"},"modified":"2023-06-15T17:08:54","modified_gmt":"2023-06-15T17:08:54","slug":"11o-domingo-do-tempo-comum-ano-a","status":"publish","type":"post","link":"https:\/\/www.salvatorianas.org.br\/blog\/11o-domingo-do-tempo-comum-ano-a\/","title":{"rendered":"11\u00ba Domingo do Tempo Comum, Ano A"},"content":{"rendered":"\n<p>Ouvi, Senhor, a voz do meu apelo, tende compaix\u00e3o de mim e atendei-me; v\u00f3s sois meu protetor, n\u00e3o me deixeis; n\u00e3o me abandoneis, \u00f3 Deus, meu salvador! (Sl 26,7.9)<\/p>\n\n\n\n<p><em>A messe \u00e9 grande, mas poucos s\u00e3o os oper\u00e1rios; por isso, Jesus nos chama a nos unirmos a ele na miss\u00e3o. Como povo reconciliado por Cristo e disposto a guardar a alian\u00e7a feita com Deus, celebremos nosso compromisso com o Reino, o projeto amoroso do Pai, que deseja uma sociedade curada dos males que degradam a vida humana.<\/em><\/p>\n\n\n\n<p>Primeira Leitura:&nbsp;<strong>\u00caxodo 19,2-6<\/strong><\/p>\n\n\n\n<p>Leitura do livro do \u00caxodo \u2013 Naqueles dias, os israelitas,&nbsp;<sup>2<\/sup>partindo de Rafidim, chegaram ao deserto do Sinai, onde acamparam. Israel armou a\u00ed suas tendas, defronte da montanha.&nbsp;<sup>3<\/sup>Mois\u00e9s, ent\u00e3o, subiu ao encontro de Deus. O Senhor chamou-o do alto da montanha e disse: \u201cAssim dever\u00e1s falar \u00e0 casa de Jac\u00f3 e anunciar aos filhos de Israel:&nbsp;<sup>4<\/sup>Vistes o que fiz aos eg\u00edpcios e como vos levei sobre asas de \u00e1guia e vos trouxe a mim.&nbsp;<sup>5<\/sup>Portanto, se ouvirdes a minha voz e guardardes a minha alian\u00e7a, sereis para mim a por\u00e7\u00e3o escolhida dentre todos os povos, porque minha \u00e9 toda a terra.&nbsp;<sup>6<\/sup>E v\u00f3s sereis para mim um reino de sacerdotes e uma na\u00e7\u00e3o santa\u201d. \u2013 Palavra do Senhor.<\/p>\n\n\n\n<p>Salmo Responsorial:&nbsp;<strong>99(100)<\/strong><\/p>\n\n\n\n<p><em><strong>N\u00f3s somos o povo e o rebanho do Senhor.<\/strong><\/em><\/p>\n\n\n\n<p>1. Aclamai o Senhor, \u00f3 terra inteira,&nbsp;\u2020&nbsp;servi ao Senhor com alegria,&nbsp;\/&nbsp;ide a ele, cantando jubilosos!&nbsp;\u2013 R.<\/p>\n\n\n\n<p>2. Sabei que o Senhor, s\u00f3 ele, \u00e9 Deus,&nbsp;\u2020&nbsp;ele mesmo nos fez, e somos seus,&nbsp;\/&nbsp;n\u00f3s somos seu povo e seu rebanho.&nbsp;\u2013 R.<\/p>\n\n\n\n<p>3. Sim, \u00e9 bom o Senhor e nosso Deus,&nbsp;\u2020&nbsp;sua bondade perdura para sempre,&nbsp;\/&nbsp;seu amor \u00e9 fiel eternamente!&nbsp;\u2013 R.<\/p>\n\n\n\n<p>Segunda Leitura:&nbsp;<strong>Romanos 5,6-11<\/strong><\/p>\n\n\n\n<p>Leitura da carta de S\u00e3o Paulo aos Romanos \u2013 Irm\u00e3os,&nbsp;<sup>6<\/sup>quando \u00e9ramos ainda fracos, Cristo morreu pelos \u00edmpios, no tempo marcado.&nbsp;<sup>7<\/sup>Dificilmente algu\u00e9m morrer\u00e1 por um justo; por uma pessoa muito boa, talvez algu\u00e9m se anime a morrer.&nbsp;<sup>8<\/sup>Pois bem, a prova de que Deus nos ama \u00e9 que Cristo morreu por n\u00f3s quando \u00e9ramos ainda pecadores.&nbsp;<sup>9<\/sup>Muito mais agora, que j\u00e1 estamos justificados pelo sangue de Cristo, seremos salvos da ira por ele.&nbsp;<sup>10<\/sup>Quando \u00e9ramos inimigos de Deus, fomos reconciliados com ele pela morte do seu Filho; quanto mais agora, estando j\u00e1 reconciliados, seremos salvos por sua vida!&nbsp;<sup>11<\/sup>Ainda mais, n\u00f3s nos gloriamos em Deus por nosso Senhor Jesus Cristo. \u00c9 por ele que, j\u00e1 desde o tempo presente, recebemos a reconcilia\u00e7\u00e3o. \u2013 Palavra do Senhor.<\/p>\n\n\n\n<p>Evangelho:&nbsp;<strong>Mateus 9,36-10,8<\/strong><\/p>\n\n\n\n<p><strong><em>Aleluia, aleluia, aleluia.<\/em><\/strong><\/p>\n\n\n\n<p><strong>O Reino do C\u00e9u est\u00e1 perto!&nbsp;\/&nbsp;Convertei-vos, irm\u00e3os, \u00e9 preciso!&nbsp;\/&nbsp;Crede todos no Evangelho! (Mc 1,15)&nbsp;\u2013 R.<\/strong><\/p>\n\n\n\n<p>Proclama\u00e7\u00e3o do Evangelho de Jesus Cristo segundo Mateus \u2013 Naquele tempo,&nbsp;<sup>36<\/sup>vendo Jesus as multid\u00f5es, compadeceu-se delas, porque estavam cansadas e abatidas como ovelhas que n\u00e3o t\u00eam pastor. Ent\u00e3o disse a seus disc\u00edpulos:&nbsp;<sup>37<\/sup>\u201cA messe \u00e9 grande, mas os trabalhadores s\u00e3o poucos.&nbsp;<sup>38<\/sup>Pedi, pois, ao dono da messe que envie trabalhadores para a sua colheita!\u201d&nbsp;<sup>10,1<\/sup>Jesus chamou os doze disc\u00edpulos e deu-lhes poder para expulsarem os esp\u00edritos maus e para curarem todo tipo de doen\u00e7a e enfermidade.&nbsp;<sup>2<\/sup>Estes s\u00e3o os nomes dos doze ap\u00f3stolos: primeiro, Sim\u00e3o, chamado Pedro, e Andr\u00e9, seu irm\u00e3o; Tiago, filho de Zebedeu, e seu irm\u00e3o Jo\u00e3o;&nbsp;<sup>3<\/sup>Filipe e Bartolomeu; Tom\u00e9 e Mateus, o cobrador de impostos; Tiago, filho de Alfeu, e Tadeu;&nbsp;<sup>4<\/sup>Sim\u00e3o, o zelota, e Judas Iscariotes, que foi o traidor de Jesus.&nbsp;<sup>5<\/sup>Jesus enviou esses Doze com as seguintes recomenda\u00e7\u00f5es: \u201cN\u00e3o deveis ir aonde moram os pag\u00e3os nem entrar nas cidades dos samaritanos!&nbsp;<sup>6<\/sup>Ide, antes, \u00e0s ovelhas perdidas da casa de Israel!&nbsp;<sup>7<\/sup>Em vosso caminho, anunciai: \u2018O Reino dos C\u00e9us est\u00e1 pr\u00f3ximo\u2019.&nbsp;<sup>8<\/sup>Curai os doentes, ressuscitai os mortos, purificai os leprosos, expulsai os dem\u00f4nios. De gra\u00e7a recebestes, de gra\u00e7a deveis dar!\u201d \u2013 Palavra da salva\u00e7\u00e3o.<\/p>\n\n\n\n<p>Reflex\u00e3o:<\/p>\n\n\n\n<p><em>Jesus tem, diante de si, um panorama pesado: uma multid\u00e3o de pessoas tristes, abatidas, famintas, como ovelhas abandonadas. Relembra para elas a passagem do profeta Ezequiel (cf. Ez 34): Deus, indignado com o descaso das autoridades, cuidar\u00e1 pessoalmente das ovelhas. Deus as livrar\u00e1 das na\u00e7\u00f5es (poder estrangeiro) e prover\u00e1 alimento, justi\u00e7a, seguran\u00e7a, for\u00e7a e um pastor, o pr\u00f3prio Deus, descendente de Davi. E Jesus sabe que a tarefa \u00e9 enorme e os trabalhadores do Reino s\u00e3o poucos. A solu\u00e7\u00e3o est\u00e1 na ora\u00e7\u00e3o. Lan\u00e7a por isso um apelo v\u00e1lido para todos os tempos: \u201cPe\u00e7am ao Senhor da colheita que envie trabalhadores\u201d. Jesus chama os doze ap\u00f3stolos e os dota de sua mesma autoridade: dever\u00e3o percorrer o mundo, transformando as rela\u00e7\u00f5es humanas, estabelecendo o reinado do Deus libertador.<\/em><\/p>\n","protected":false},"excerpt":{"rendered":"<p>Ouvi, Senhor, a voz do meu apelo, tende compaix\u00e3o de mim e atendei-me; v\u00f3s sois meu protetor, n\u00e3o me deixeis; n\u00e3o me abandoneis, \u00f3 Deus, meu salvador! (Sl 26,7.9) A messe \u00e9 grande,&#8230;<\/p>\n","protected":false},"author":2,"featured_media":20444,"comment_status":"open","ping_status":"open","sticky":false,"template":"","format":"standard","meta":[],"categories":[7],"tags":[],"_links":{"self":[{"href":"https:\/\/www.salvatorianas.org.br\/blog\/wp-json\/wp\/v2\/posts\/20443"}],"collection":[{"href":"https:\/\/www.salvatorianas.org.br\/blog\/wp-json\/wp\/v2\/posts"}],"about":[{"href":"https:\/\/www.salvatorianas.org.br\/blog\/wp-json\/wp\/v2\/types\/post"}],"author":[{"embeddable":true,"href":"https:\/\/www.salvatorianas.org.br\/blog\/wp-json\/wp\/v2\/users\/2"}],"replies":[{"embeddable":true,"href":"https:\/\/www.salvatorianas.org.br\/blog\/wp-json\/wp\/v2\/comments?post=20443"}],"version-history":[{"count":1,"href":"https:\/\/www.salvatorianas.org.br\/blog\/wp-json\/wp\/v2\/posts\/20443\/revisions"}],"predecessor-version":[{"id":20445,"href":"https:\/\/www.salvatorianas.org.br\/blog\/wp-json\/wp\/v2\/posts\/20443\/revisions\/20445"}],"wp:featuredmedia":[{"embeddable":true,"href":"https:\/\/www.salvatorianas.org.br\/blog\/wp-json\/wp\/v2\/media\/20444"}],"wp:attachment":[{"href":"https:\/\/www.salvatorianas.org.br\/blog\/wp-json\/wp\/v2\/media?parent=20443"}],"wp:term":[{"taxonomy":"category","embeddable":true,"href":"https:\/\/www.salvatorianas.org.br\/blog\/wp-json\/wp\/v2\/categories?post=20443"},{"taxonomy":"post_tag","embeddable":true,"href":"https:\/\/www.salvatorianas.org.br\/blog\/wp-json\/wp\/v2\/tags?post=20443"}],"curies":[{"name":"wp","href":"https:\/\/api.w.org\/{rel}","templated":true}]}}