{"id":20439,"date":"2023-06-17T01:05:00","date_gmt":"2023-06-17T01:05:00","guid":{"rendered":"https:\/\/www.salvatorianas.org.br\/blog\/?p=20439"},"modified":"2023-06-15T17:05:49","modified_gmt":"2023-06-15T17:05:49","slug":"imaculado-coracao-de-maria-memoria-10a-semana-do-tempo-comum","status":"publish","type":"post","link":"https:\/\/www.salvatorianas.org.br\/blog\/imaculado-coracao-de-maria-memoria-10a-semana-do-tempo-comum\/","title":{"rendered":"Imaculado Cora\u00e7\u00e3o de Maria, Mem\u00f3ria 10\u00aa Semana do Tempo Comum"},"content":{"rendered":"\n<p>Meu cora\u00e7\u00e3o exulta porque me salvais. Cantarei ao Senhor pelo bem que me fez (Sl 12,6).<\/p>\n\n\n\n<p><em>A mem\u00f3ria lit\u00fargica do Imaculado Cora\u00e7\u00e3o de Maria foi estendida pelo papa Pio 12, no s\u00e9culo 20, a toda a Igreja, a fim de obter a intercess\u00e3o da Virgem Sant\u00edssima pela paz no mundo. Em seu Cora\u00e7\u00e3o sem m\u00e1cula, experimentamos a miseric\u00f3rdia de Deus, que nos ama e perdoa com total predile\u00e7\u00e3o. A exemplo de Maria, nossa M\u00e3e, estejamos sempre dispon\u00edveis para colaborar, com total dedica\u00e7\u00e3o, no an\u00fancio do Reino.<\/em><\/p>\n\n\n\n<p>Primeira Leitura:&nbsp;<strong>Isa\u00edas 61,9-11<\/strong><\/p>\n\n\n\n<p>Leitura do livro do profeta Isa\u00edas \u2013&nbsp;<sup>9<\/sup>A descend\u00eancia do meu povo ser\u00e1 conhecida entre as na\u00e7\u00f5es, e seus filhos se fixar\u00e3o no meio dos povos; quem os vir h\u00e1 de reconhec\u00ea-los como descendentes aben\u00e7oados por Deus.&nbsp;<sup>10<\/sup>Exulto de alegria no Senhor e minha alma regozija-se em meu Deus; ele me vestiu com as vestes da salva\u00e7\u00e3o, envolveu-me com o manto da justi\u00e7a e adornou-me como um noivo com sua coroa ou uma noiva com suas joias.&nbsp;<sup>11<\/sup>Assim como a terra faz brotar a planta e o jardim faz germinar a semente, assim o Senhor Deus far\u00e1 germinar a justi\u00e7a e a sua gl\u00f3ria diante de todas as na\u00e7\u00f5es. \u2013 Palavra do Senhor.<\/p>\n\n\n\n<p>Salmo Responsorial:&nbsp;<strong>1Sm 2<\/strong><\/p>\n\n\n\n<p><em><strong>Meu cora\u00e7\u00e3o se regozija no Senhor.<\/strong><\/em><\/p>\n\n\n\n<p>1. Exulta no Senhor meu cora\u00e7\u00e3o&nbsp;\/&nbsp;e se eleva a minha fronte no meu Deus;&nbsp;\/&nbsp;minha boca desafia os meus rivais&nbsp;\/&nbsp;porque me alegro com a vossa salva\u00e7\u00e3o.&nbsp;\u2013 R.<\/p>\n\n\n\n<p>2. O arco dos fortes foi dobrado, foi quebrado,&nbsp;\/&nbsp;mas os fracos se vestiram de vigor.&nbsp;\/&nbsp;Os saciados se empregaram por um p\u00e3o,&nbsp;\/&nbsp;mas os pobres e os famintos se fartaram.&nbsp;\/&nbsp;Muitas vezes deu \u00e0 luz a que era est\u00e9ril,&nbsp;\/&nbsp;mas a m\u00e3e de muitos filhos definhou.&nbsp;\u2013 R.<\/p>\n\n\n\n<p>3. \u00c9 o Senhor quem d\u00e1 a morte e d\u00e1 a vida,&nbsp;\/&nbsp;faz descer \u00e0 sepultura e faz voltar;&nbsp;\/&nbsp;\u00e9 o Senhor quem faz o pobre e faz o rico,&nbsp;\/&nbsp;\u00e9 o Senhor quem nos humilha e nos exalta.&nbsp;\u2013 R.<\/p>\n\n\n\n<p>4. O Senhor ergue do p\u00f3 o homem fraco,&nbsp;\/&nbsp;do lixo ele retira o indigente,&nbsp;\/&nbsp;para faz\u00ea-los assentar-se com os nobres&nbsp;\/&nbsp;num lugar de muita honra e distin\u00e7\u00e3o.&nbsp;\u2013 R.<\/p>\n\n\n\n<p>Evangelho:&nbsp;<strong>Lucas 2,41-51<\/strong><\/p>\n\n\n\n<p><strong><em>Aleluia<\/em><em>, aleluia, aleluia.<\/em><\/strong><\/p>\n\n\n\n<p><strong>Bendita \u00e9 a Virgem Maria,&nbsp;\/&nbsp;que guardava a Palavra de Deus,&nbsp;\/&nbsp;meditando-a no seu cora\u00e7\u00e3o (Lc 2,19).&nbsp;\u2013 R.<\/strong><\/p>\n\n\n\n<p>Proclama\u00e7\u00e3o do Evangelho de Jesus Cristo segundo Lucas \u2013&nbsp;<sup>41<\/sup>Os pais de Jesus iam todos os anos a Jerusal\u00e9m, para a festa da P\u00e1scoa.&nbsp;<sup>42<\/sup>Quando ele completou doze anos, subiram para a festa, como de costume.&nbsp;<sup>43<\/sup>Passados os dias da P\u00e1scoa, come\u00e7aram a viagem de volta, mas o menino Jesus ficou em Jerusal\u00e9m sem que seus pais o notassem.&nbsp;<sup>44<\/sup>Pensando que ele estivesse na caravana, caminharam um dia inteiro. Depois come\u00e7aram a procur\u00e1-lo entre os parentes e conhecidos.&nbsp;<sup>45<\/sup>N\u00e3o o tendo encontrado, voltaram para Jerusal\u00e9m \u00e0 sua procura.&nbsp;<sup>46<\/sup>Tr\u00eas dias depois, o encontraram no templo. Estava sentado no meio dos mestres, escutando e fazendo perguntas.&nbsp;<sup>47<\/sup>Todos os que ouviam o menino estavam maravilhados com sua intelig\u00eancia e suas respostas.&nbsp;<sup>48<\/sup>Ao v\u00ea-lo, seus pais ficaram muito admirados e sua m\u00e3e lhe disse: \u201cMeu filho, por que agiste assim conosco? Olha que teu pai e eu est\u00e1vamos, angustiados, \u00e0 tua procura\u201d.&nbsp;<sup>49<\/sup>Jesus respondeu: \u201cPor que me procur\u00e1veis? N\u00e3o sabeis que devo estar na casa de meu Pai?\u201d&nbsp;<sup>50<\/sup>Eles, por\u00e9m, n\u00e3o compreenderam as palavras que lhes dissera.&nbsp;<sup>51<\/sup>Jesus desceu ent\u00e3o com seus pais para Nazar\u00e9 e era-lhes obediente. Sua m\u00e3e, por\u00e9m, conservava no cora\u00e7\u00e3o todas essas coisas. \u2013 Palavra da salva\u00e7\u00e3o.<\/p>\n\n\n\n<p>Reflex\u00e3o:<\/p>\n\n\n\n<p><em>Enfocada j\u00e1 desde os Padres da Igreja, a grandeza do cora\u00e7\u00e3o de Maria recebe devo\u00e7\u00e3o especial durante a Idade M\u00e9dia. A passagem da devo\u00e7\u00e3o privada ao culto p\u00fablico do Cora\u00e7\u00e3o de Maria \u00e9 obra de S\u00e3o Jo\u00e3o Eudes (1601-1680). Em 1942, o papa Pio XII estendeu essa festa a toda a Igreja. O caminho para Jerusal\u00e9m \u00e9 imagem da caminhada de f\u00e9, vivida por Maria no seu cora\u00e7\u00e3o. Os pais sempre alimentam projetos com rela\u00e7\u00e3o ao futuro dos filhos. Com doze anos, Jesus entra responsavelmente na sociedade cultual e social do povo da Alian\u00e7a. O que far\u00e1 ele de sua vida? Jesus deve realizar o projeto do Pai, projeto para o qual nasceu. Jerusal\u00e9m (mencionada tr\u00eas vezes) \u00e9 a meta rumo \u00e0 qual Jesus caminha em total obedi\u00eancia \u00e0 vontade do Pai. Com Jesus, devem caminhar tamb\u00e9m sua m\u00e3e e todo disc\u00edpulo seu.<\/em><\/p>\n","protected":false},"excerpt":{"rendered":"<p>Meu cora\u00e7\u00e3o exulta porque me salvais. Cantarei ao Senhor pelo bem que me fez (Sl 12,6). A mem\u00f3ria lit\u00fargica do Imaculado Cora\u00e7\u00e3o de Maria foi estendida pelo papa Pio 12, no s\u00e9culo 20,&#8230;<\/p>\n","protected":false},"author":2,"featured_media":20441,"comment_status":"open","ping_status":"open","sticky":false,"template":"","format":"standard","meta":[],"categories":[7],"tags":[],"_links":{"self":[{"href":"https:\/\/www.salvatorianas.org.br\/blog\/wp-json\/wp\/v2\/posts\/20439"}],"collection":[{"href":"https:\/\/www.salvatorianas.org.br\/blog\/wp-json\/wp\/v2\/posts"}],"about":[{"href":"https:\/\/www.salvatorianas.org.br\/blog\/wp-json\/wp\/v2\/types\/post"}],"author":[{"embeddable":true,"href":"https:\/\/www.salvatorianas.org.br\/blog\/wp-json\/wp\/v2\/users\/2"}],"replies":[{"embeddable":true,"href":"https:\/\/www.salvatorianas.org.br\/blog\/wp-json\/wp\/v2\/comments?post=20439"}],"version-history":[{"count":1,"href":"https:\/\/www.salvatorianas.org.br\/blog\/wp-json\/wp\/v2\/posts\/20439\/revisions"}],"predecessor-version":[{"id":20442,"href":"https:\/\/www.salvatorianas.org.br\/blog\/wp-json\/wp\/v2\/posts\/20439\/revisions\/20442"}],"wp:featuredmedia":[{"embeddable":true,"href":"https:\/\/www.salvatorianas.org.br\/blog\/wp-json\/wp\/v2\/media\/20441"}],"wp:attachment":[{"href":"https:\/\/www.salvatorianas.org.br\/blog\/wp-json\/wp\/v2\/media?parent=20439"}],"wp:term":[{"taxonomy":"category","embeddable":true,"href":"https:\/\/www.salvatorianas.org.br\/blog\/wp-json\/wp\/v2\/categories?post=20439"},{"taxonomy":"post_tag","embeddable":true,"href":"https:\/\/www.salvatorianas.org.br\/blog\/wp-json\/wp\/v2\/tags?post=20439"}],"curies":[{"name":"wp","href":"https:\/\/api.w.org\/{rel}","templated":true}]}}