{"id":20435,"date":"2023-06-16T01:05:00","date_gmt":"2023-06-16T01:05:00","guid":{"rendered":"https:\/\/www.salvatorianas.org.br\/blog\/?p=20435"},"modified":"2023-06-15T17:02:53","modified_gmt":"2023-06-15T17:02:53","slug":"20435-2","status":"publish","type":"post","link":"https:\/\/www.salvatorianas.org.br\/blog\/20435-2\/","title":{"rendered":""},"content":{"rendered":"\n<p>Eis os pensamentos do seu cora\u00e7\u00e3o, que permanecem ao longo das gera\u00e7\u00f5es: libertar da morte todos os homens e conservar-lhes a vida em tempo de pen\u00faria (Sl 32,11.19).<\/p>\n\n\n\n<p><em>Com alegria nos reunimos para a solenidade do Sagrado Cora\u00e7\u00e3o de Jesus, celebra\u00e7\u00e3o que revela o amor infinito de Deus por n\u00f3s. Elevemos nosso hino de louvor ao Pai pela fidelidade e miseric\u00f3rdia do divino Cora\u00e7\u00e3o de seu Filho.<\/em><\/p>\n\n\n\n<p>Primeira Leitura:&nbsp;<strong>Deuteron\u00f4mio 7,6-11<\/strong><\/p>\n\n\n\n<p>Leitura do livro do Deuteron\u00f4mio \u2013 Mois\u00e9s falou ao povo, dizendo:&nbsp;<sup>6<\/sup>\u201cTu \u00e9s um povo consagrado ao Senhor teu Deus. O Senhor teu Deus te escolheu dentre todos os povos da terra para seres o seu povo preferido.&nbsp;<sup>7<\/sup>O Senhor se afei\u00e7oou a v\u00f3s e vos escolheu, n\u00e3o por serdes mais numerosos que os outros povos \u2013 na verdade, sois o menor de todos -,&nbsp;<sup>8<\/sup>mas, sim, porque o Senhor vos amou e quis cumprir o juramento que fez a vossos pais. Foi por isso que o Senhor vos fez sair com m\u00e3o poderosa e vos resgatou da casa da escravid\u00e3o, das m\u00e3os do fara\u00f3, rei do Egito.&nbsp;<sup>9<\/sup>Saber\u00e1s, pois, que o Senhor teu Deus \u00e9 o \u00fanico Deus, um Deus fiel, que guarda a alian\u00e7a e a miseric\u00f3rdia at\u00e9 mil gera\u00e7\u00f5es para aqueles que o amam e observam seus mandamentos;&nbsp;<sup>10<\/sup>mas castiga diretamente aquele que o odeia, fazendo-o perecer; e n\u00e3o o deixa esperar, mas d\u00e1-lhe imediatamente o castigo merecido.&nbsp;<sup>11<\/sup>Guarda, pois, os mandamentos, as leis e os decretos que hoje te prescrevo, pondo-os em pr\u00e1tica!\u201d \u2013 Palavra do Senhor.<\/p>\n\n\n\n<p>Salmo Responsorial:&nbsp;<strong>102(103)<\/strong><\/p>\n\n\n\n<p><strong>O amor do Senhor Deus por quem o teme&nbsp;\/&nbsp;\u00e9 de sempre e perdura para sempre.<\/strong><\/p>\n\n\n\n<p>1. Bendize, \u00f3 minha alma, ao Senhor,&nbsp;\/&nbsp;e todo o meu ser, seu santo nome!&nbsp;\/&nbsp;Bendize, \u00f3 minha alma, ao Senhor,&nbsp;\/&nbsp;n\u00e3o te esque\u00e7as de nenhum de seus favores!&nbsp;\u2013 R.<\/p>\n\n\n\n<p>2. Pois ele te perdoa toda culpa&nbsp;\/&nbsp;e cura toda a tua enfermidade;&nbsp;\/&nbsp;da sepultura ele salva a tua vida&nbsp;\/&nbsp;e te cerca de carinho e compaix\u00e3o.&nbsp;\u2013 R.<\/p>\n\n\n\n<p>3. O Senhor realiza obras de justi\u00e7a&nbsp;\/&nbsp;e garante o direito aos oprimidos;&nbsp;\/&nbsp;revelou os seus caminhos a Mois\u00e9s&nbsp;\/&nbsp;e, aos filhos de Israel, seus grandes feitos.&nbsp;\u2013 R.<\/p>\n\n\n\n<p>4. O Senhor \u00e9 indulgente, \u00e9 favor\u00e1vel,&nbsp;\/&nbsp;\u00e9 paciente, \u00e9 bondoso e compassivo.&nbsp;\/&nbsp;N\u00e3o nos trata como exigem nossas faltas&nbsp;\/&nbsp;nem nos pune em propor\u00e7\u00e3o \u00e0s nossas culpas.&nbsp;\u2013 R.<\/p>\n\n\n\n<p>Segunda Leitura:&nbsp;<strong>1 Jo\u00e3o 4,7-16<\/strong><\/p>\n\n\n\n<p>Leitura da primeira carta de S\u00e3o Jo\u00e3o \u2013&nbsp;<sup>7<\/sup>Car\u00edssimos, amemo-nos uns aos outros, porque o amor vem de Deus e todo aquele que ama nasceu de Deus e conhece Deus.&nbsp;<sup>8<\/sup>Quem n\u00e3o ama n\u00e3o chegou a conhecer Deus, pois Deus \u00e9 amor.&nbsp;<sup>9<\/sup>Foi assim que o amor de Deus se manifestou entre n\u00f3s: Deus enviou o seu Filho \u00fanico ao mundo, para que tenhamos vida por meio dele.&nbsp;<sup>10<\/sup>Nisto consiste o amor: n\u00e3o fomos n\u00f3s que amamos a Deus, mas foi ele que nos amou e enviou o seu Filho como v\u00edtima de repara\u00e7\u00e3o pelos nossos pecados.&nbsp;<sup>11<\/sup>Car\u00edssimos, se Deus nos amou assim, n\u00f3s tamb\u00e9m devemos amar-nos uns aos outros.&nbsp;<sup>12<\/sup>Ningu\u00e9m jamais viu a Deus. Se nos amamos uns aos outros, Deus permanece conosco e seu amor \u00e9 plenamente realizado entre n\u00f3s.&nbsp;<sup>13<\/sup>A prova de que permanecemos com ele, e ele conosco, \u00e9 que ele nos deu o seu Esp\u00edrito.&nbsp;<sup>14<\/sup>E n\u00f3s vimos, e damos testemunho, que o Pai enviou o seu Filho como Salvador do mundo.&nbsp;<sup>15<\/sup>Todo aquele que proclama que Jesus \u00e9 o Filho de Deus, Deus permanece com ele e ele com Deus.&nbsp;<sup>16<\/sup>E n\u00f3s conhecemos o amor que Deus tem para conosco e acreditamos nele. Deus \u00e9 amor: quem permanece no amor permanece com Deus, e Deus permanece com ele. \u2013 Palavra do Senhor.<\/p>\n\n\n\n<p>Evangelho:&nbsp;<strong>Mateus 11,25-30<\/strong><\/p>\n\n\n\n<p><strong><em>Aleluia, aleluia, aleluia.<\/em><\/strong><\/p>\n\n\n\n<p><strong>Tomai sobre v\u00f3s o meu jugo e de mim aprendei,&nbsp;\/&nbsp;que sou de manso e humilde cora\u00e7\u00e3o (Mt 11,29).&nbsp;\u2013 R.<\/strong><\/p>\n\n\n\n<p>Proclama\u00e7\u00e3o do Evangelho de Jesus Cristo segundo Mateus \u2013&nbsp;<sup>25<\/sup>Naquele tempo, Jesus p\u00f4s-se a dizer: \u201cEu te louvo, \u00f3 Pai, Senhor do c\u00e9u e da terra, porque escondeste essas coisas aos s\u00e1bios e entendidos e as revelaste aos pequeninos.&nbsp;<sup>26<\/sup>Sim, Pai, porque assim foi do teu agrado.&nbsp;<sup>27<\/sup>Tudo me foi entregue por meu Pai, e ningu\u00e9m conhece o Filho, sen\u00e3o o Pai, e ningu\u00e9m conhece o Pai, sen\u00e3o o Filho e aquele a quem o Filho o quiser revelar.&nbsp;<sup>28<\/sup>Vinde a mim todos v\u00f3s que estais cansados e fatigados sob o peso dos vossos fardos, e eu vos darei descanso.&nbsp;<sup>29<\/sup>Tomai sobre v\u00f3s o meu jugo e aprendei de mim, porque sou manso e humilde de cora\u00e7\u00e3o, e v\u00f3s encontrareis descanso.&nbsp;<sup>30<\/sup>Pois o meu jugo \u00e9 suave e o meu fardo \u00e9 leve\u201d. \u2013 Palavra da salva\u00e7\u00e3o.<\/p>\n\n\n\n<p>Reflex\u00e3o:<\/p>\n\n\n\n<p><em>\u201cS\u00e1bios e entendidos\u201d s\u00e3o os l\u00edderes e poderosos, que se recusam a reconhecer os caminhos de Deus. Eles n\u00e3o s\u00e3o humildes, n\u00e3o respeitam a Deus. S\u00e3o insens\u00edveis \u00e0 revela\u00e7\u00e3o de Deus e defensores dos seus pr\u00f3prios interesses. N\u00e3o se disp\u00f5em a ouvir e praticar os ensinamentos de Jesus. S\u00e3o autossuficientes. O termo \u201cpequeninos\u201d se refere \u00e0 pequena comunidade de disc\u00edpulos que havia respondido ao chamado de Jesus (o grupo dos ap\u00f3stolos); mas, de modo geral, aplica-se a todos os que acolhem a presen\u00e7a salvadora de Jesus e seu Reino. Jesus promete al\u00edvio aos cansados e oprimidos. S\u00e3o os sobrecarregados pela vida sob o controle dos dirigentes do povo e suas pesadas estruturas pol\u00edticas, sociais e econ\u00f4micas. Tomar o \u201csuave\u201d jugo de Jesus \u00e9 aceitar seu Reino, assentado sobre a justi\u00e7a.<\/em><\/p>\n","protected":false},"excerpt":{"rendered":"<p>Eis os pensamentos do seu cora\u00e7\u00e3o, que permanecem ao longo das gera\u00e7\u00f5es: libertar da morte todos os homens e conservar-lhes a vida em tempo de pen\u00faria (Sl 32,11.19). Com alegria nos reunimos para&#8230;<\/p>\n","protected":false},"author":2,"featured_media":20436,"comment_status":"open","ping_status":"open","sticky":false,"template":"","format":"standard","meta":[],"categories":[7],"tags":[],"_links":{"self":[{"href":"https:\/\/www.salvatorianas.org.br\/blog\/wp-json\/wp\/v2\/posts\/20435"}],"collection":[{"href":"https:\/\/www.salvatorianas.org.br\/blog\/wp-json\/wp\/v2\/posts"}],"about":[{"href":"https:\/\/www.salvatorianas.org.br\/blog\/wp-json\/wp\/v2\/types\/post"}],"author":[{"embeddable":true,"href":"https:\/\/www.salvatorianas.org.br\/blog\/wp-json\/wp\/v2\/users\/2"}],"replies":[{"embeddable":true,"href":"https:\/\/www.salvatorianas.org.br\/blog\/wp-json\/wp\/v2\/comments?post=20435"}],"version-history":[{"count":1,"href":"https:\/\/www.salvatorianas.org.br\/blog\/wp-json\/wp\/v2\/posts\/20435\/revisions"}],"predecessor-version":[{"id":20437,"href":"https:\/\/www.salvatorianas.org.br\/blog\/wp-json\/wp\/v2\/posts\/20435\/revisions\/20437"}],"wp:featuredmedia":[{"embeddable":true,"href":"https:\/\/www.salvatorianas.org.br\/blog\/wp-json\/wp\/v2\/media\/20436"}],"wp:attachment":[{"href":"https:\/\/www.salvatorianas.org.br\/blog\/wp-json\/wp\/v2\/media?parent=20435"}],"wp:term":[{"taxonomy":"category","embeddable":true,"href":"https:\/\/www.salvatorianas.org.br\/blog\/wp-json\/wp\/v2\/categories?post=20435"},{"taxonomy":"post_tag","embeddable":true,"href":"https:\/\/www.salvatorianas.org.br\/blog\/wp-json\/wp\/v2\/tags?post=20435"}],"curies":[{"name":"wp","href":"https:\/\/api.w.org\/{rel}","templated":true}]}}