{"id":20432,"date":"2023-06-15T10:49:57","date_gmt":"2023-06-15T10:49:57","guid":{"rendered":"https:\/\/www.salvatorianas.org.br\/blog\/?p=20432"},"modified":"2023-06-15T10:49:58","modified_gmt":"2023-06-15T10:49:58","slug":"175-anos-de-nascimento-do-bem-aventurado-francisco-jordan-3","status":"publish","type":"post","link":"https:\/\/www.salvatorianas.org.br\/blog\/175-anos-de-nascimento-do-bem-aventurado-francisco-jordan-3\/","title":{"rendered":"175 anos de nascimento do Bem-aventurado Francisco Jordan"},"content":{"rendered":"\n<figure class=\"wp-block-image size-large\"><img decoding=\"async\" loading=\"lazy\" width=\"1024\" height=\"1024\" src=\"https:\/\/www.salvatorianas.org.br\/blog\/wp-content\/uploads\/2023\/06\/final-5-1024x1024.jpg\" alt=\"\" class=\"wp-image-20433\" srcset=\"https:\/\/www.salvatorianas.org.br\/blog\/wp-content\/uploads\/2023\/06\/final-5-1024x1024.jpg 1024w, https:\/\/www.salvatorianas.org.br\/blog\/wp-content\/uploads\/2023\/06\/final-5-300x300.jpg 300w, https:\/\/www.salvatorianas.org.br\/blog\/wp-content\/uploads\/2023\/06\/final-5-150x150.jpg 150w, https:\/\/www.salvatorianas.org.br\/blog\/wp-content\/uploads\/2023\/06\/final-5-768x768.jpg 768w, https:\/\/www.salvatorianas.org.br\/blog\/wp-content\/uploads\/2023\/06\/final-5.jpg 1080w\" sizes=\"(max-width: 1024px) 100vw, 1024px\" \/><\/figure>\n\n\n\n<p><\/p>\n\n\n\n<p><strong>Gratid\u00e3o a Francisco Jordan<\/strong><\/p>\n\n\n\n<p>\u00d3 Bem-aventurado Francisco Jordan, n\u00f3s agradecemos o dom do Deus que \u00e9s para a Fam\u00edlia Salvatoriana, para a Igreja e para o mundo. Agraciado pelo dom do carisma fundacional, te entregaste totalmente \u00e0 realiza\u00e7\u00e3o do projeto de Jesus Salvador que <em>\u201c<strong>veio para que todos tenham vida e a tenham em abund\u00e2ncia\u201d.<\/strong><\/em><\/p>\n\n\n\n<p>Gratid\u00e3o pela luz que \u00e9s em nossa vida crist\u00e3 salvatoriana. O Senhor atendeu o pedido que expressaste em ora\u00e7\u00e3o: <strong><em>\u201cque eu seja um facho que arde e ilumina\u201d.<\/em> <\/strong>\u00c9s uma estrela-guia, um farol que nos orienta e indica a dire\u00e7\u00e3o de nossa vida apost\u00f3lico-mission\u00e1ria. \u00c9s s\u00edmbolo do ardor, do fogo que ilumina, aquece e purifica. L\u00e2mpada ardente, cujo \u00f3leo \u00e9 permanente pois \u00e9 o pr\u00f3prio Esp\u00edrito Santo que mant\u00e9m acesa a chama do teu amor pela vida, qualquer que seja sua forma de express\u00e3o.<\/p>\n\n\n\n<p>Ajuda-nos em nossa miss\u00e3o de ser luz! Queremos deixar-nos abrasar pelo amor \u00e0 causa da vida, que \u00e9 o centro do Carisma Salvatoriano. Sustenta nossa fidelidade e nossa busca da vontade de Deus para manter acesa a chama do Carisma em todo o mundo. Teu cora\u00e7\u00e3o apost\u00f3lico pulsa em n\u00f3s e, confiantes, imploramos a prote\u00e7\u00e3o de Maria, M\u00e3e do Salvador, para que nos ajude a sermos testemunhas da esperan\u00e7a e refletores da luz de Deus.<\/p>\n\n\n\n<p>Por Jesus Salvador, que vive em comunh\u00e3o com o Pai e o Esp\u00edrito Santo. Am\u00e9m! <\/p>\n\n\n\n<p>Ir. In\u00eas Boesing<\/p>\n","protected":false},"excerpt":{"rendered":"<p>Gratid\u00e3o a Francisco Jordan \u00d3 Bem-aventurado Francisco Jordan, n\u00f3s agradecemos o dom do Deus que \u00e9s para a Fam\u00edlia Salvatoriana, para a Igreja e para o mundo. Agraciado pelo dom do carisma fundacional,&#8230;<\/p>\n","protected":false},"author":2,"featured_media":0,"comment_status":"open","ping_status":"open","sticky":false,"template":"","format":"standard","meta":[],"categories":[1],"tags":[],"_links":{"self":[{"href":"https:\/\/www.salvatorianas.org.br\/blog\/wp-json\/wp\/v2\/posts\/20432"}],"collection":[{"href":"https:\/\/www.salvatorianas.org.br\/blog\/wp-json\/wp\/v2\/posts"}],"about":[{"href":"https:\/\/www.salvatorianas.org.br\/blog\/wp-json\/wp\/v2\/types\/post"}],"author":[{"embeddable":true,"href":"https:\/\/www.salvatorianas.org.br\/blog\/wp-json\/wp\/v2\/users\/2"}],"replies":[{"embeddable":true,"href":"https:\/\/www.salvatorianas.org.br\/blog\/wp-json\/wp\/v2\/comments?post=20432"}],"version-history":[{"count":1,"href":"https:\/\/www.salvatorianas.org.br\/blog\/wp-json\/wp\/v2\/posts\/20432\/revisions"}],"predecessor-version":[{"id":20434,"href":"https:\/\/www.salvatorianas.org.br\/blog\/wp-json\/wp\/v2\/posts\/20432\/revisions\/20434"}],"wp:attachment":[{"href":"https:\/\/www.salvatorianas.org.br\/blog\/wp-json\/wp\/v2\/media?parent=20432"}],"wp:term":[{"taxonomy":"category","embeddable":true,"href":"https:\/\/www.salvatorianas.org.br\/blog\/wp-json\/wp\/v2\/categories?post=20432"},{"taxonomy":"post_tag","embeddable":true,"href":"https:\/\/www.salvatorianas.org.br\/blog\/wp-json\/wp\/v2\/tags?post=20432"}],"curies":[{"name":"wp","href":"https:\/\/api.w.org\/{rel}","templated":true}]}}