{"id":20423,"date":"2023-06-14T12:14:32","date_gmt":"2023-06-14T12:14:32","guid":{"rendered":"https:\/\/www.salvatorianas.org.br\/blog\/?p=20423"},"modified":"2023-06-14T12:14:34","modified_gmt":"2023-06-14T12:14:34","slug":"175-anos-de-nascimento-do-bem-aventurado-francisco-jordan-2","status":"publish","type":"post","link":"https:\/\/www.salvatorianas.org.br\/blog\/175-anos-de-nascimento-do-bem-aventurado-francisco-jordan-2\/","title":{"rendered":"175 anos de nascimento do Bem-aventurado Francisco Jordan"},"content":{"rendered":"\n<figure class=\"wp-block-image size-large\"><img decoding=\"async\" loading=\"lazy\" width=\"1024\" height=\"1024\" src=\"https:\/\/www.salvatorianas.org.br\/blog\/wp-content\/uploads\/2023\/06\/final-4-1024x1024.jpg\" alt=\"\" class=\"wp-image-20424\" srcset=\"https:\/\/www.salvatorianas.org.br\/blog\/wp-content\/uploads\/2023\/06\/final-4-1024x1024.jpg 1024w, https:\/\/www.salvatorianas.org.br\/blog\/wp-content\/uploads\/2023\/06\/final-4-300x300.jpg 300w, https:\/\/www.salvatorianas.org.br\/blog\/wp-content\/uploads\/2023\/06\/final-4-150x150.jpg 150w, https:\/\/www.salvatorianas.org.br\/blog\/wp-content\/uploads\/2023\/06\/final-4-768x768.jpg 768w, https:\/\/www.salvatorianas.org.br\/blog\/wp-content\/uploads\/2023\/06\/final-4.jpg 1080w\" sizes=\"(max-width: 1024px) 100vw, 1024px\" \/><\/figure>\n\n\n\n<p>&#8220;Da terra \u00e1rida e impetuosa, onde a pobreza contrasta o momento<\/p>\n\n\n\n<p>A revolu\u00e7\u00e3o industrial \u00e9 vertiginosa e, desta rachadura, surge o rebento.<\/p>\n\n\n\n<p>Na Alemanha, um Jo\u00e3o Batista vive irrequieto a aguda situa\u00e7\u00e3o<\/p>\n\n\n\n<p>Nele est\u00e1 plasmado o jovem idealista que sente o chamado para uma grande miss\u00e3o.<\/p>\n\n\n\n<p>\u00c9 neste universo contrastante, onde o bem parece n\u00e3o ter vez<\/p>\n\n\n\n<p>Que aparece uma luz ofuscante: Luz Divina, na humana sensatez.<\/p>\n\n\n\n<p>Em resposta ao divino chamado entre esperan\u00e7as, lutas e desenganos<\/p>\n\n\n\n<p>\u00c9 Jordan, de Deus, um perfil tra\u00e7ado para todos os Salvatorianos.<\/p>\n\n\n\n<p>O testemunho da vida de Jordan evoca seguidores fraternos e solid\u00e1rios<\/p>\n\n\n\n<p>Leigos, irm\u00e3s, padres e irm\u00e3os, com afeto recordam do seu nascimento, o incans\u00e1vel e ardoroso mission\u00e1rio&#8221;.\u00a0\u00a0\u00a0\u00a0\u00a0\u00a0\u00a0<\/p>\n\n\n\n<p>Ir. Ines Razera<\/p>\n","protected":false},"excerpt":{"rendered":"<p>&#8220;Da terra \u00e1rida e impetuosa, onde a pobreza contrasta o momento A revolu\u00e7\u00e3o industrial \u00e9 vertiginosa e, desta rachadura, surge o rebento. Na Alemanha, um Jo\u00e3o Batista vive irrequieto a aguda situa\u00e7\u00e3o Nele&#8230;<\/p>\n","protected":false},"author":2,"featured_media":0,"comment_status":"open","ping_status":"open","sticky":false,"template":"","format":"standard","meta":[],"categories":[1],"tags":[],"_links":{"self":[{"href":"https:\/\/www.salvatorianas.org.br\/blog\/wp-json\/wp\/v2\/posts\/20423"}],"collection":[{"href":"https:\/\/www.salvatorianas.org.br\/blog\/wp-json\/wp\/v2\/posts"}],"about":[{"href":"https:\/\/www.salvatorianas.org.br\/blog\/wp-json\/wp\/v2\/types\/post"}],"author":[{"embeddable":true,"href":"https:\/\/www.salvatorianas.org.br\/blog\/wp-json\/wp\/v2\/users\/2"}],"replies":[{"embeddable":true,"href":"https:\/\/www.salvatorianas.org.br\/blog\/wp-json\/wp\/v2\/comments?post=20423"}],"version-history":[{"count":1,"href":"https:\/\/www.salvatorianas.org.br\/blog\/wp-json\/wp\/v2\/posts\/20423\/revisions"}],"predecessor-version":[{"id":20425,"href":"https:\/\/www.salvatorianas.org.br\/blog\/wp-json\/wp\/v2\/posts\/20423\/revisions\/20425"}],"wp:attachment":[{"href":"https:\/\/www.salvatorianas.org.br\/blog\/wp-json\/wp\/v2\/media?parent=20423"}],"wp:term":[{"taxonomy":"category","embeddable":true,"href":"https:\/\/www.salvatorianas.org.br\/blog\/wp-json\/wp\/v2\/categories?post=20423"},{"taxonomy":"post_tag","embeddable":true,"href":"https:\/\/www.salvatorianas.org.br\/blog\/wp-json\/wp\/v2\/tags?post=20423"}],"curies":[{"name":"wp","href":"https:\/\/api.w.org\/{rel}","templated":true}]}}