{"id":20417,"date":"2023-06-13T11:44:59","date_gmt":"2023-06-13T11:44:59","guid":{"rendered":"https:\/\/www.salvatorianas.org.br\/blog\/?p=20417"},"modified":"2023-06-13T11:45:00","modified_gmt":"2023-06-13T11:45:00","slug":"175-anos-de-nascimento-do-bem-aventurado-francisco-jordan","status":"publish","type":"post","link":"https:\/\/www.salvatorianas.org.br\/blog\/175-anos-de-nascimento-do-bem-aventurado-francisco-jordan\/","title":{"rendered":"175 anos de nascimento do Bem-aventurado Francisco Jordan"},"content":{"rendered":"\n<figure class=\"wp-block-image size-large\"><img decoding=\"async\" loading=\"lazy\" width=\"1024\" height=\"1024\" src=\"https:\/\/www.salvatorianas.org.br\/blog\/wp-content\/uploads\/2023\/06\/final-3-1024x1024.jpg\" alt=\"\" class=\"wp-image-20418\" srcset=\"https:\/\/www.salvatorianas.org.br\/blog\/wp-content\/uploads\/2023\/06\/final-3-1024x1024.jpg 1024w, https:\/\/www.salvatorianas.org.br\/blog\/wp-content\/uploads\/2023\/06\/final-3-300x300.jpg 300w, https:\/\/www.salvatorianas.org.br\/blog\/wp-content\/uploads\/2023\/06\/final-3-150x150.jpg 150w, https:\/\/www.salvatorianas.org.br\/blog\/wp-content\/uploads\/2023\/06\/final-3-768x768.jpg 768w, https:\/\/www.salvatorianas.org.br\/blog\/wp-content\/uploads\/2023\/06\/final-3.jpg 1080w\" sizes=\"(max-width: 1024px) 100vw, 1024px\" \/><\/figure>\n\n\n\n<p><\/p>\n\n\n\n<p><strong>A ti, Padre Jordan, a minha gratid\u00e3o!<\/strong><\/p>\n\n\n\n<p>Vieste de mansinho, entraste e sonhaste a nossa caminhada,&nbsp;<\/p>\n\n\n\n<p>E, no campo da hist\u00f3ria foste florescendo e recriando.&nbsp;&nbsp;&nbsp;&nbsp;<\/p>\n\n\n\n<p>Nada te impediu de escutar a voz interior,&nbsp;&nbsp;<\/p>\n\n\n\n<p>Em tempos de pobreza e em riscos de guerra<\/p>\n\n\n\n<p>Rezas! Confias e esperas na provid\u00eancia do Pai!&nbsp;&nbsp;&nbsp;&nbsp;&nbsp;&nbsp;<\/p>\n\n\n\n<p>Atento a tudo o que ocorre ao teu redor.\u00a0\u00a0\u00a0\u00a0\u00a0\u00a0\u00a0\u00a0\u00a0\u00a0\u00a0\u00a0\u00a0\u00a0\u00a0\u00a0\u00a0\u00a0\u00a0 \u00a0\u00a0\u00a0\u00a0\u00a0\u00a0\u00a0\u00a0\u00a0\u00a0\u00a0\u00a0\u00a0\u00a0\u00a0\u00a0\u00a0\u00a0\u00a0\u00a0\u00a0\u00a0\u00a0\u00a0\u00a0\u00a0\u00a0\u00a0\u00a0\u00a0\u00a0\u00a0\u00a0\u00a0\u00a0\u00a0\u00a0\u00a0\u00a0\u00a0\u00a0\u00a0\u00a0\u00a0\u00a0\u00a0\u00a0\u00a0\u00a0\u00a0\u00a0\u00a0\u00a0\u00a0\u00a0\u00a0\u00a0\u00a0\u00a0\u00a0\u00a0\u00a0\u00a0\u00a0\u00a0\u00a0\u00a0\u00a0\u00a0\u00a0\u00a0\u00a0<\/p>\n\n\n\n<p>Volves o teu olhar confiante ao mundo inteiro,\u00a0\u00a0\u00a0<\/p>\n\n\n\n<p>E percebes a realidade sofrida do teu povo.&nbsp;&nbsp;&nbsp;<\/p>\n\n\n\n<p>Lutar pelo presente, eis a tua op\u00e7\u00e3o!<\/p>\n\n\n\n<p>Paras! Contemplas! E deixas Deus falar.&nbsp;&nbsp;&nbsp;<\/p>\n\n\n\n<p>Amas, e rompes as barreiras do sil\u00eancio.<\/p>\n\n\n\n<p>Devolvendo \u00e0 Palavra a s\u00edntese da fidelidade.<\/p>\n\n\n\n<p>Reanimando o Movimento na \u201ccultura do teu tempo\u201d,<\/p>\n\n\n\n<p>Ensinas a todos\/as a buscar o Reino de Deus.<\/p>\n\n\n\n<p>Francisco! Eis o mist\u00e9rio do teu nome.<\/p>\n\n\n\n<p>Realizas com a natureza um ciclo vital.<\/p>\n\n\n\n<p>Aprendes com o Santo de Assis a olhar a cria\u00e7\u00e3o,&nbsp;&nbsp;&nbsp;<\/p>\n\n\n\n<p>N\u00e3o deixando passar a promo\u00e7\u00e3o da vida.<\/p>\n\n\n\n<p>Concebes o risco da jornada, mas&nbsp;&nbsp;&nbsp;&nbsp;<\/p>\n\n\n\n<p>Insistes em tua inspira\u00e7\u00e3o que vai te envolvendo&nbsp;<\/p>\n\n\n\n<p>Sempre mais, na confirma\u00e7\u00e3o do segredo do teu \u201cSim\u201d.&nbsp;&nbsp;<\/p>\n\n\n\n<p>Carregas no teu cora\u00e7\u00e3o o ardor mission\u00e1rio&nbsp;&nbsp;<\/p>\n\n\n\n<p>Onde quer que andes; \u00e9s construtor da solidariedade.<\/p>\n\n\n\n<p>Maria \u00e9 tua m\u00e3e confidente e companheira.<\/p>\n\n\n\n<p>A escolheste como, \u201cRainha dos Ap\u00f3stolos e M\u00e3e do Salvador\u201d,&nbsp;<\/p>\n\n\n\n<p>Roga a n\u00f3s, por tuas filhas e filhos peregrinos,<\/p>\n\n\n\n<p>Indicando o caminho profundo da Salva\u00e7\u00e3o.<\/p>\n\n\n\n<p>Ainda que, este tempo sombrio n\u00e3o nos agracie.<\/p>\n\n\n\n<p>D\u00e1 o alimento que fecunda uma Vida Religiosa aut\u00eantica.<\/p>\n\n\n\n<p>Aproximando-nos da confian\u00e7a, do an\u00fancio e profetismo.<\/p>\n\n\n\n<p>Com ousadia d\u00e1s aos pobres consci\u00eancia e instru\u00e7\u00e3o,<\/p>\n\n\n\n<p>Resposta a isto, \u00e9 abra\u00e7ar os sacrif\u00edcios e acolher a luz divina.&nbsp;<\/p>\n\n\n\n<p>Uma cruz, trazes impresso no teu ser e,&nbsp;&nbsp;&nbsp;<\/p>\n\n\n\n<p>Zelas com igual ternura os marginalizados e exclu\u00eddos.<\/p>\n\n\n\n<p>Justi\u00e7a apontas a cada um\/a de n\u00f3s,<\/p>\n\n\n\n<p>Olhando o Salvador na sua infinita miseric\u00f3rdia.<\/p>\n\n\n\n<p>Reata em nossa Fam\u00edlia Salvatoriana o v\u00ednculo do amor,<\/p>\n\n\n\n<p>Da unidade, na busca de caminhos novos,<\/p>\n\n\n\n<p>At\u00e9 que consumamos nossas for\u00e7as e energias,&nbsp;&nbsp;&nbsp;<\/p>\n\n\n\n<p>Num \u201cfiat\u201d derradeiro de entrega e paz.<\/p>\n\n\n\n<p>Ir. Zelita Maria de Melo<\/p>\n","protected":false},"excerpt":{"rendered":"<p>A ti, Padre Jordan, a minha gratid\u00e3o! Vieste de mansinho, entraste e sonhaste a nossa caminhada,&nbsp; E, no campo da hist\u00f3ria foste florescendo e recriando.&nbsp;&nbsp;&nbsp;&nbsp; Nada te impediu de escutar a voz interior,&nbsp;&nbsp;&#8230;<\/p>\n","protected":false},"author":2,"featured_media":0,"comment_status":"open","ping_status":"open","sticky":false,"template":"","format":"standard","meta":[],"categories":[1],"tags":[],"_links":{"self":[{"href":"https:\/\/www.salvatorianas.org.br\/blog\/wp-json\/wp\/v2\/posts\/20417"}],"collection":[{"href":"https:\/\/www.salvatorianas.org.br\/blog\/wp-json\/wp\/v2\/posts"}],"about":[{"href":"https:\/\/www.salvatorianas.org.br\/blog\/wp-json\/wp\/v2\/types\/post"}],"author":[{"embeddable":true,"href":"https:\/\/www.salvatorianas.org.br\/blog\/wp-json\/wp\/v2\/users\/2"}],"replies":[{"embeddable":true,"href":"https:\/\/www.salvatorianas.org.br\/blog\/wp-json\/wp\/v2\/comments?post=20417"}],"version-history":[{"count":1,"href":"https:\/\/www.salvatorianas.org.br\/blog\/wp-json\/wp\/v2\/posts\/20417\/revisions"}],"predecessor-version":[{"id":20419,"href":"https:\/\/www.salvatorianas.org.br\/blog\/wp-json\/wp\/v2\/posts\/20417\/revisions\/20419"}],"wp:attachment":[{"href":"https:\/\/www.salvatorianas.org.br\/blog\/wp-json\/wp\/v2\/media?parent=20417"}],"wp:term":[{"taxonomy":"category","embeddable":true,"href":"https:\/\/www.salvatorianas.org.br\/blog\/wp-json\/wp\/v2\/categories?post=20417"},{"taxonomy":"post_tag","embeddable":true,"href":"https:\/\/www.salvatorianas.org.br\/blog\/wp-json\/wp\/v2\/tags?post=20417"}],"curies":[{"name":"wp","href":"https:\/\/api.w.org\/{rel}","templated":true}]}}