{"id":20413,"date":"2023-06-15T01:01:00","date_gmt":"2023-06-15T01:01:00","guid":{"rendered":"https:\/\/www.salvatorianas.org.br\/blog\/?p=20413"},"modified":"2023-06-12T16:54:30","modified_gmt":"2023-06-12T16:54:30","slug":"10a-semana-do-tempo-comum-ano-impar-i-3","status":"publish","type":"post","link":"https:\/\/www.salvatorianas.org.br\/blog\/10a-semana-do-tempo-comum-ano-impar-i-3\/","title":{"rendered":"10\u00aa Semana do Tempo Comum, Ano \u00cdmpar (I)"},"content":{"rendered":"\n<p>O Senhor \u00e9 minha luz e minha salva\u00e7\u00e3o, a quem poderia eu temer? O Senhor \u00e9 o baluarte de minha vida, perante quem tremerei? Meus opressores e inimigos, s\u00e3o eles que vacilam e sucumbem (Sl 26,1s).<\/p>\n\n\n\n<p><em>Ciente de estar anunciando o verdadeiro Evangelho de Cristo, o ap\u00f3stolo se prop\u00f5e perseverar em sua miss\u00e3o: \u201cN\u00e3o desanimamos no exerc\u00edcio deste minist\u00e9rio que recebemos da miseric\u00f3rdia divina\u201d. Acolhamos os ensinamentos do Senhor, que nos apontam caminhos de vida e reconcilia\u00e7\u00e3o.<\/em><\/p>\n\n\n\n<p>Primeira Leitura:&nbsp;<strong>2 Cor\u00edntios 3,15-4,1.3-6<\/strong><\/p>\n\n\n\n<p>Leitura da segunda carta de S\u00e3o Paulo aos Cor\u00edntios \u2013 Irm\u00e3os,&nbsp;<sup>15<\/sup>at\u00e9 o dia de hoje, quando os israelitas leem os escritos de Mois\u00e9s, um v\u00e9u cobre o cora\u00e7\u00e3o deles.&nbsp;<sup>16<\/sup>Mas, todas as vezes que o cora\u00e7\u00e3o se converte ao Senhor, o v\u00e9u \u00e9 tirado.&nbsp;<sup>17<\/sup>Pois o Senhor \u00e9 o Esp\u00edrito, e onde est\u00e1 o Esp\u00edrito do Senhor, a\u00ed est\u00e1 a liberdade.&nbsp;<sup>18<\/sup>Todos n\u00f3s, por\u00e9m, com o rosto descoberto, contemplamos e refletimos a gl\u00f3ria do Senhor e assim somos transformados \u00e0 sua imagem, pelo seu Esp\u00edrito, com uma gl\u00f3ria cada vez maior.&nbsp;<sup>4,1<\/sup>N\u00e3o desanimamos no exerc\u00edcio deste minist\u00e9rio que recebemos da miseric\u00f3rdia divina.&nbsp;<sup>3<\/sup>E, se o nosso Evangelho est\u00e1 velado, \u00e9 s\u00f3 para aqueles que perecem que ele est\u00e1 velado.&nbsp;<sup>4<\/sup>O deus deste mundo cegou a intelig\u00eancia desses incr\u00e9dulos, para que eles n\u00e3o vejam a luz esplendorosa do Evangelho da gl\u00f3ria de Cristo, que \u00e9 a imagem de Deus.&nbsp;<sup>5<\/sup>De fato, n\u00e3o nos pregamos a n\u00f3s mesmos, pregamos a Jesus Cristo, o Senhor. Quanto a n\u00f3s, apresentamo-nos como servos vossos, por causa de Jesus.&nbsp;<sup>6<\/sup>Com efeito, Deus que disse: \u201cDo meio das trevas brilhe a luz\u201d \u00e9 o mesmo que fez brilhar a sua luz em nossos cora\u00e7\u00f5es, para tornar claro o conhecimento da sua gl\u00f3ria na face de Cristo. \u2013 Palavra do Senhor.<\/p>\n\n\n\n<p>Salmo Responsorial:&nbsp;<strong>84(85)<\/strong><\/p>\n\n\n\n<p><em><strong>A gl\u00f3ria do Senhor habitar\u00e1 em nossa terra.<\/strong><\/em><\/p>\n\n\n\n<p>1. Quero ouvir o que o Senhor ir\u00e1 falar:&nbsp;\u2020&nbsp;\u00e9 a paz que ele vai anunciar;&nbsp;\/&nbsp;a paz para o seu povo e seus amigos.&nbsp;\/&nbsp;Est\u00e1 perto a salva\u00e7\u00e3o dos que o temem,&nbsp;\/&nbsp;e a gl\u00f3ria habitar\u00e1 em nossa terra.&nbsp;\u2013 R.<\/p>\n\n\n\n<p>2. A verdade e o amor se encontrar\u00e3o,&nbsp;\/&nbsp;a justi\u00e7a e a paz se abra\u00e7ar\u00e3o;&nbsp;\/&nbsp;da terra brotar\u00e1 a fidelidade,&nbsp;\/&nbsp;e a justi\u00e7a olhar\u00e1 dos altos c\u00e9us.&nbsp;\u2013 R.<\/p>\n\n\n\n<p>3. O Senhor nos dar\u00e1 tudo o que \u00e9 bom,&nbsp;\/&nbsp;e a nossa terra nos dar\u00e1 suas colheitas;&nbsp;\/&nbsp;a justi\u00e7a andar\u00e1 na sua frente&nbsp;\/&nbsp;e a salva\u00e7\u00e3o h\u00e1 de seguir os passos seus.&nbsp;\u2013 R.<\/p>\n\n\n\n<p>Evangelho:&nbsp;<strong>Mateus 5,20-26<\/strong><\/p>\n\n\n\n<p><strong><em>Aleluia, aleluia, aleluia.<\/em><\/strong><\/p>\n\n\n\n<p><strong>Eu vos dou novo preceito:&nbsp;\/&nbsp;que uns aos outros vos ameis,&nbsp;\/&nbsp;como eu vos tenho amado (Jo 13,34).&nbsp;\u2013 R.<\/strong><\/p>\n\n\n\n<p>Proclama\u00e7\u00e3o do Evangelho de Jesus Cristo segundo Mateus \u2013 Naquele tempo, disse Jesus aos seus disc\u00edpulos:&nbsp;<sup>20<\/sup>\u201cSe a vossa justi\u00e7a n\u00e3o for maior que a justi\u00e7a dos mestres da Lei e dos fariseus, v\u00f3s n\u00e3o entrareis no Reino dos C\u00e9us.&nbsp;<sup>21<\/sup>V\u00f3s ouvistes o que foi dito aos antigos: \u2018N\u00e3o matar\u00e1s! Quem matar ser\u00e1 condenado pelo tribunal\u2019.&nbsp;<sup>22<\/sup>Eu, por\u00e9m, vos digo, todo aquele que se encoleriza com seu irm\u00e3o ser\u00e1 r\u00e9u em ju\u00edzo; quem disser ao seu irm\u00e3o \u2018patife!\u2019 ser\u00e1 condenado pelo tribunal; quem chamar o irm\u00e3o de tolo ser\u00e1 condenado ao fogo do inferno.&nbsp;<sup>23<\/sup>Portanto, quando tu estiveres levando a tua oferta para o altar e ali te lembrares que teu irm\u00e3o tem alguma coisa contra ti,&nbsp;<sup>24<\/sup>deixa a tua oferta ali, diante do altar, e vai primeiro reconciliar-te com o teu irm\u00e3o. S\u00f3 ent\u00e3o vai apresentar a tua oferta.&nbsp;<sup>25<\/sup>Procura reconciliar-te com teu advers\u00e1rio, enquanto caminha contigo para o tribunal. Sen\u00e3o o advers\u00e1rio te entregar\u00e1 ao juiz, o juiz te entregar\u00e1 ao oficial de justi\u00e7a, e tu ser\u00e1s jogado na pris\u00e3o.&nbsp;<sup>26<\/sup>Em verdade eu te digo, dali n\u00e3o sair\u00e1s, enquanto n\u00e3o pagares o \u00faltimo centavo\u201d. \u2013 Palavra da salva\u00e7\u00e3o.<\/p>\n\n\n\n<p>Reflex\u00e3o:<\/p>\n\n\n\n<p><em>Por que a comunidade de Jesus deve superar a justi\u00e7a dos doutores da Lei e dos fariseus? Porque eles n\u00e3o cumprem o que ensinam; por vezes invalidam a lei com acr\u00e9scimos ou porque se fixam na letra sem penetrar no esp\u00edrito (cf. Mt 23,1-7). Jesus se apresenta com autoridade suprema e nos mostra como levar \u00e0 plenitude as exig\u00eancias do amor. Os que entram no Reino de Deus devem superar os doutores da Lei e os fariseus e imitar Jesus pela pr\u00e1tica do amor gratuito. As palavras ofensivas, a prepot\u00eancia, o desprezo s\u00e3o manifesta\u00e7\u00f5es contra a vida do pr\u00f3ximo. N\u00e3o basta n\u00e3o ofender o pr\u00f3ximo, \u00e9 preciso am\u00e1-lo como Jesus o ama. O pr\u00f3prio culto a Deus ser\u00e1 vazio, se n\u00e3o for revestido de caridade. O amor fraterno, que sup\u00f5e reconcilia\u00e7\u00e3o, torna a celebra\u00e7\u00e3o lit\u00fargica fecunda e agrad\u00e1vel a Deus.<\/em><\/p>\n","protected":false},"excerpt":{"rendered":"<p>O Senhor \u00e9 minha luz e minha salva\u00e7\u00e3o, a quem poderia eu temer? O Senhor \u00e9 o baluarte de minha vida, perante quem tremerei? Meus opressores e inimigos, s\u00e3o eles que vacilam e&#8230;<\/p>\n","protected":false},"author":2,"featured_media":20414,"comment_status":"open","ping_status":"open","sticky":false,"template":"","format":"standard","meta":[],"categories":[7],"tags":[],"_links":{"self":[{"href":"https:\/\/www.salvatorianas.org.br\/blog\/wp-json\/wp\/v2\/posts\/20413"}],"collection":[{"href":"https:\/\/www.salvatorianas.org.br\/blog\/wp-json\/wp\/v2\/posts"}],"about":[{"href":"https:\/\/www.salvatorianas.org.br\/blog\/wp-json\/wp\/v2\/types\/post"}],"author":[{"embeddable":true,"href":"https:\/\/www.salvatorianas.org.br\/blog\/wp-json\/wp\/v2\/users\/2"}],"replies":[{"embeddable":true,"href":"https:\/\/www.salvatorianas.org.br\/blog\/wp-json\/wp\/v2\/comments?post=20413"}],"version-history":[{"count":1,"href":"https:\/\/www.salvatorianas.org.br\/blog\/wp-json\/wp\/v2\/posts\/20413\/revisions"}],"predecessor-version":[{"id":20415,"href":"https:\/\/www.salvatorianas.org.br\/blog\/wp-json\/wp\/v2\/posts\/20413\/revisions\/20415"}],"wp:featuredmedia":[{"embeddable":true,"href":"https:\/\/www.salvatorianas.org.br\/blog\/wp-json\/wp\/v2\/media\/20414"}],"wp:attachment":[{"href":"https:\/\/www.salvatorianas.org.br\/blog\/wp-json\/wp\/v2\/media?parent=20413"}],"wp:term":[{"taxonomy":"category","embeddable":true,"href":"https:\/\/www.salvatorianas.org.br\/blog\/wp-json\/wp\/v2\/categories?post=20413"},{"taxonomy":"post_tag","embeddable":true,"href":"https:\/\/www.salvatorianas.org.br\/blog\/wp-json\/wp\/v2\/tags?post=20413"}],"curies":[{"name":"wp","href":"https:\/\/api.w.org\/{rel}","templated":true}]}}