{"id":20409,"date":"2023-06-14T01:00:00","date_gmt":"2023-06-14T01:00:00","guid":{"rendered":"https:\/\/www.salvatorianas.org.br\/blog\/?p=20409"},"modified":"2023-06-12T16:51:32","modified_gmt":"2023-06-12T16:51:32","slug":"10a-semana-do-tempo-comum-ano-impar-i-2","status":"publish","type":"post","link":"https:\/\/www.salvatorianas.org.br\/blog\/10a-semana-do-tempo-comum-ano-impar-i-2\/","title":{"rendered":"10\u00aa Semana do Tempo Comum, Ano \u00cdmpar (I)"},"content":{"rendered":"\n<p>O Senhor \u00e9 minha luz e minha salva\u00e7\u00e3o, a quem poderia eu temer? O Senhor \u00e9 o baluarte de minha vida, perante quem tremerei? Meus opressores e inimigos, s\u00e3o eles que vacilam e sucumbem (Sl 26,1s).<\/p>\n\n\n\n<p><em>\u00c0 semelhan\u00e7a do ap\u00f3stolo Paulo, somos ministros da Nova Alian\u00e7a \u2013 alian\u00e7a do Esp\u00edrito, a qual \u201ccomunica a vida\u201d. Deixemo-nos embalar pelo Esp\u00edrito do Senhor, que nos impulsiona e d\u00e1 for\u00e7a para praticarmos e ensinarmos os valores do Reino de Deus.<\/em><\/p>\n\n\n\n<p>Primeira Leitura:&nbsp;<strong>2 Cor\u00edntios 3,4-11<\/strong><\/p>\n\n\n\n<p>Leitura da segunda carta de S\u00e3o Paulo aos Cor\u00edntios \u2013 Irm\u00e3os,<sup>&nbsp;4<\/sup>\u00e9 por Cristo que temos tal confian\u00e7a perante Deus,&nbsp;<sup>5<\/sup>n\u00e3o porque sejamos capazes, por n\u00f3s mesmos, de ter algum pensamento como de n\u00f3s mesmos, mas essa nossa capacidade vem de Deus.&nbsp;<sup>6<\/sup>Ele \u00e9 que nos tornou capazes de exercer o minist\u00e9rio de uma alian\u00e7a nova. Esta n\u00e3o \u00e9 uma alian\u00e7a da letra, mas do Esp\u00edrito. Pois a letra mata, mas o Esp\u00edrito comunica a vida.&nbsp;<sup>7<\/sup>Se o minist\u00e9rio da morte, gravado em pedras com letras, foi cercado de tanta gl\u00f3ria, que os israelitas n\u00e3o podiam fitar o rosto de Mois\u00e9s por causa do seu fulgor, ainda que passageiro,&nbsp;<sup>8<\/sup>quanto mais glorioso n\u00e3o ser\u00e1 o minist\u00e9rio do Esp\u00edrito?&nbsp;<sup>9<\/sup>Pois, se o minist\u00e9rio da condena\u00e7\u00e3o foi glorioso, muito mais glorioso h\u00e1 de ser o minist\u00e9rio a servi\u00e7o da justifica\u00e7\u00e3o.&nbsp;<sup>10<\/sup>Realmente, em compara\u00e7\u00e3o com uma gl\u00f3ria t\u00e3o eminente, j\u00e1 n\u00e3o se pode chamar gl\u00f3ria o que ent\u00e3o tinha sido glorioso.&nbsp;<sup>11<\/sup>Pois, se o que era passageiro foi marcado de gl\u00f3ria, muito mais glorioso ser\u00e1 o que permanece. \u2013 Palavra do Senhor.<\/p>\n\n\n\n<p>Salmo Responsorial:&nbsp;<strong>98(99)<\/strong><\/p>\n\n\n\n<p><em><strong>Santo \u00e9 o Senhor nosso Deus!<\/strong><\/em><\/p>\n\n\n\n<p>1. Exaltai o Senhor nosso Deus&nbsp;\u2020&nbsp;e prostrai-vos perante seus p\u00e9s,&nbsp;\/&nbsp;pois \u00e9 santo o Senhor nosso Deus!&nbsp;\u2013 R.<\/p>\n\n\n\n<p>2. Eis Mois\u00e9s e Aar\u00e3o entre os seus sacerdotes.&nbsp;\u2020&nbsp;E tamb\u00e9m Samuel invocava seu nome,&nbsp;\/&nbsp;e ele mesmo, o Senhor, os ouvia.&nbsp;\u2013 R.<\/p>\n\n\n\n<p>3. Da coluna de nuvem falava com eles.&nbsp;\u2020&nbsp;E guardavam a lei e os preceitos divinos&nbsp;\/&nbsp;que o Senhor nosso Deus tinha dado.&nbsp;\u2013 R.<\/p>\n\n\n\n<p>4. Respond\u00edeis a eles, Senhor nosso Deus,&nbsp;\u2020&nbsp;porque \u00e9reis um Deus paciente com eles,&nbsp;\/&nbsp;mas sab\u00edeis punir seu pecado.&nbsp;\u2013 R.<\/p>\n\n\n\n<p>5. Exaltai o Senhor nosso Deus&nbsp;\u2020&nbsp;e prostrai-vos perante seu monte,&nbsp;\/&nbsp;pois \u00e9 santo o Senhor nosso Deus!&nbsp;\u2013 R.<\/p>\n\n\n\n<p>Evangelho:&nbsp;<strong>Mateus 5,17-19<\/strong><\/p>\n\n\n\n<p><strong><em>Aleluia, aleluia, aleluia.<\/em><\/strong><\/p>\n\n\n\n<p><strong>Fazei-me conhecer vossa estrada,&nbsp;\/&nbsp;vossa verdade me oriente e me conduza! (Sl 24,4s)&nbsp;\u2013 R.<\/strong><\/p>\n\n\n\n<p>Proclama\u00e7\u00e3o do Evangelho de Jesus Cristo segundo Mateus \u2013 Naquele tempo, disse Jesus aos seus disc\u00edpulos:&nbsp;<sup>17<\/sup>\u201cN\u00e3o penseis que vim abolir a Lei e os Profetas. N\u00e3o vim para abolir, mas para dar-lhes pleno cumprimento.&nbsp;<sup>18<\/sup>Em verdade eu vos digo, antes que o c\u00e9u e a terra deixem de existir, nem uma s\u00f3 letra ou v\u00edrgula ser\u00e3o tiradas da Lei sem que tudo se cumpra.&nbsp;<sup>19<\/sup>Portanto, quem desobedecer a um s\u00f3 desses mandamentos, por menor que seja, e ensinar os outros a fazerem o mesmo ser\u00e1 considerado o menor no Reino dos C\u00e9us. Por\u00e9m quem os praticar e ensinar ser\u00e1 considerado grande no Reino dos C\u00e9us\u201d. \u2013 Palavra da salva\u00e7\u00e3o.<\/p>\n\n\n\n<p>Reflex\u00e3o:<\/p>\n\n\n\n<p><em>Jesus vem para cumprir integralmente a vontade do Pai: \u201cDesci do c\u00e9u, n\u00e3o para fazer a minha vontade, mas a vontade daquele que me enviou\u201d (Jo 6,38). A Lei e os Profetas foram dados e escritos para orientar o povo a viver segundo o projeto de Deus. Acertadamente Jesus afirma que n\u00e3o veio descartar, mas realizar de modo pleno as Escrituras Sagradas. Jesus fala com autoridade que est\u00e1 acima da legisla\u00e7\u00e3o antiga. Sua interpreta\u00e7\u00e3o \u00e9 aut\u00eantica. Ele cumpre a Lei e os Profetas no seu sentido profundo. Se Jesus corrige algumas tradi\u00e7\u00f5es (doutrinas humanas) inseridas na Escritura, foi no sentido de libertar de toda opress\u00e3o o ser humano e dot\u00e1-lo de vida e liberdade. Para Jesus, a s\u00edntese da Lei e dos Profetas \u00e9 o amor a Deus e ao pr\u00f3ximo. \u201cA caridade \u00e9 a plenitude da Lei\u201d (Rm 13,10).<\/em><\/p>\n","protected":false},"excerpt":{"rendered":"<p>O Senhor \u00e9 minha luz e minha salva\u00e7\u00e3o, a quem poderia eu temer? O Senhor \u00e9 o baluarte de minha vida, perante quem tremerei? Meus opressores e inimigos, s\u00e3o eles que vacilam e&#8230;<\/p>\n","protected":false},"author":2,"featured_media":20410,"comment_status":"open","ping_status":"open","sticky":false,"template":"","format":"standard","meta":[],"categories":[7],"tags":[],"_links":{"self":[{"href":"https:\/\/www.salvatorianas.org.br\/blog\/wp-json\/wp\/v2\/posts\/20409"}],"collection":[{"href":"https:\/\/www.salvatorianas.org.br\/blog\/wp-json\/wp\/v2\/posts"}],"about":[{"href":"https:\/\/www.salvatorianas.org.br\/blog\/wp-json\/wp\/v2\/types\/post"}],"author":[{"embeddable":true,"href":"https:\/\/www.salvatorianas.org.br\/blog\/wp-json\/wp\/v2\/users\/2"}],"replies":[{"embeddable":true,"href":"https:\/\/www.salvatorianas.org.br\/blog\/wp-json\/wp\/v2\/comments?post=20409"}],"version-history":[{"count":1,"href":"https:\/\/www.salvatorianas.org.br\/blog\/wp-json\/wp\/v2\/posts\/20409\/revisions"}],"predecessor-version":[{"id":20411,"href":"https:\/\/www.salvatorianas.org.br\/blog\/wp-json\/wp\/v2\/posts\/20409\/revisions\/20411"}],"wp:featuredmedia":[{"embeddable":true,"href":"https:\/\/www.salvatorianas.org.br\/blog\/wp-json\/wp\/v2\/media\/20410"}],"wp:attachment":[{"href":"https:\/\/www.salvatorianas.org.br\/blog\/wp-json\/wp\/v2\/media?parent=20409"}],"wp:term":[{"taxonomy":"category","embeddable":true,"href":"https:\/\/www.salvatorianas.org.br\/blog\/wp-json\/wp\/v2\/categories?post=20409"},{"taxonomy":"post_tag","embeddable":true,"href":"https:\/\/www.salvatorianas.org.br\/blog\/wp-json\/wp\/v2\/tags?post=20409"}],"curies":[{"name":"wp","href":"https:\/\/api.w.org\/{rel}","templated":true}]}}