{"id":20406,"date":"2023-06-13T01:00:00","date_gmt":"2023-06-13T01:00:00","guid":{"rendered":"https:\/\/www.salvatorianas.org.br\/blog\/?p=20406"},"modified":"2023-06-12T16:49:24","modified_gmt":"2023-06-12T16:49:24","slug":"santo-antonio-de-padua-lisboa-presbitero-e-doutor-da-igreja-memoria-10a-semana-do-tempo-comum","status":"publish","type":"post","link":"https:\/\/www.salvatorianas.org.br\/blog\/santo-antonio-de-padua-lisboa-presbitero-e-doutor-da-igreja-memoria-10a-semana-do-tempo-comum\/","title":{"rendered":"Santo Ant\u00f4nio de P\u00e1dua (Lisboa), presb\u00edtero e doutor da Igreja, Mem\u00f3ria 10\u00aa Semana do Tempo Comum"},"content":{"rendered":"\n<p>Estes s\u00e3o os santos que receberam a b\u00ean\u00e7\u00e3o do Senhor e a miseric\u00f3rdia de Deus, seu salvador. \u00c9 a gera\u00e7\u00e3o dos que buscam a Deus (Sl 23,5s).<\/p>\n\n\n\n<p><em>Fernando nasceu em Lisboa em 1195. Ordenado padre na Ordem dos C\u00f4negos Regulares de Santo Agostinho, sentiu-se fascinado pelo estilo de vida da Ordem dos Franciscanos, na qual ingressou, assumindo o nome de Ant\u00f4nio. De grande simplicidade na linguagem, partindo sempre da Palavra de Deus, tornou-se ilustre pregador e defensor dos pobres. Faleceu em 13 de junho de 1231, em P\u00e1dua, na It\u00e1lia. Celebrando sua mem\u00f3ria, disponhamo-nos a fazer brilhar, para todos os povos, a luz da verdade e da f\u00e9.<\/em><\/p>\n\n\n\n<p>Primeira Leitura:&nbsp;<strong>2 Cor\u00edntios 1,18-22<\/strong><\/p>\n\n\n\n<p>Leitura da segunda carta de S\u00e3o Paulo aos Cor\u00edntios \u2013 Irm\u00e3os,&nbsp;<sup>18<\/sup>eu vos asseguro, pela fidelidade de Deus: o ensinamento que vos transmitimos n\u00e3o \u00e9 \u201csim e n\u00e3o\u201d.&nbsp;<sup>19<\/sup>Pois o Filho de Deus, Jesus Cristo, que n\u00f3s \u2013 a saber: eu, Silvano e Tim\u00f3teo \u2013 pregamos entre v\u00f3s, nunca foi \u201csim e n\u00e3o\u201d, mas somente \u201csim\u201d.&nbsp;<sup>20<\/sup>Com efeito, \u00e9 nele que todas as promessas de Deus t\u00eam o seu \u201csim\u201d garantido. Por isso, tamb\u00e9m, \u00e9 por ele que dizemos \u201cam\u00e9m\u201d a Deus, para a sua gl\u00f3ria.&nbsp;<sup>21<\/sup>\u00c9 Deus que nos confirma, a n\u00f3s e a v\u00f3s, em nossa ades\u00e3o a Cristo, como tamb\u00e9m foi Deus que nos ungiu.&nbsp;<sup>22<\/sup>Foi ele que nos marcou com o seu selo e nos adiantou como sinal o Esp\u00edrito derramado em nossos cora\u00e7\u00f5es. \u2013 Palavra do Senhor.<\/p>\n\n\n\n<p>Salmo Responsorial:&nbsp;<strong>118(119)<\/strong><\/p>\n\n\n\n<p><em><strong>Fazei brilhar vosso semblante ao vosso servo!<\/strong><\/em><\/p>\n\n\n\n<p>1. Maravilhosos s\u00e3o os vossos testemunhos,&nbsp;\/&nbsp;eis por que meu cora\u00e7\u00e3o os observa!&nbsp;\u2013 R.<\/p>\n\n\n\n<p>2. Vossa palavra, ao revelar-se, me ilumina,&nbsp;\/&nbsp;ela d\u00e1 sabedoria aos pequeninos.&nbsp;\u2013 R.<\/p>\n\n\n\n<p>3. Abro a boca e aspiro largamente,&nbsp;\/&nbsp;pois estou \u00e1vido de vossos mandamentos.&nbsp;\u2013 R.<\/p>\n\n\n\n<p>4. Senhor, voltai-vos para mim, tende piedade,&nbsp;\/&nbsp;como fazeis para os que amam vosso nome!&nbsp;\u2013 R.<\/p>\n\n\n\n<p>5. Conforme a vossa lei, firmai meus passos&nbsp;\/&nbsp;para que n\u00e3o domine em mim a iniquidade!&nbsp;\u2013 R.<\/p>\n\n\n\n<p>6. Libertai-me da opress\u00e3o e da cal\u00fania,&nbsp;\/&nbsp;para que eu possa observar vossos preceitos!&nbsp;\u2013 R.<\/p>\n\n\n\n<p>7. Fazei brilhar vosso semblante ao vosso servo&nbsp;\/&nbsp;e ensinai-me vossas leis e mandamentos!&nbsp;\u2013 R.<\/p>\n\n\n\n<p>Evangelho:&nbsp;<strong>Mateus 5,13-16<\/strong><\/p>\n\n\n\n<p><strong><em>Aleluia, aleluia, aleluia.<\/em><\/strong><\/p>\n\n\n\n<p><strong>V\u00f3s sois a luz do mundo; brilhe a todos vossa luz.&nbsp;\/&nbsp;Vendo eles vossas obras, deem gl\u00f3ria ao Pai celeste! (Mt 5,16)&nbsp;\u2013 R.<\/strong><\/p>\n\n\n\n<p>Proclama\u00e7\u00e3o do Evangelho de Jesus Cristo segundo Mateus \u2013 Naquele tempo, disse Jesus aos seus disc\u00edpulos:&nbsp;<sup>13<\/sup>\u201cV\u00f3s sois o sal da terra. Ora, se o sal se tornar insosso, com que salgaremos? Ele n\u00e3o servir\u00e1 para mais nada, sen\u00e3o para ser jogado fora e ser pisado pelos homens.&nbsp;<sup>14<\/sup>V\u00f3s sois a luz do mundo. N\u00e3o pode ficar escondida uma cidade constru\u00edda sobre um monte.&nbsp;<sup>15<\/sup>Ningu\u00e9m acende uma l\u00e2mpada e a coloca debaixo de uma vasilha, mas sim num candeeiro, onde ela brilha para todos os que est\u00e3o em casa.&nbsp;<sup>16<\/sup>Assim tamb\u00e9m brilhe a vossa luz diante dos homens, para que vejam as vossas boas obras e louvem o vosso Pai que est\u00e1 nos c\u00e9us\u201d. \u2013 Palavra da salva\u00e7\u00e3o.<\/p>\n\n\n\n<p>Reflex\u00e3o:<\/p>\n\n\n\n<p><em>Terminada a proclama\u00e7\u00e3o das bem-aventuran\u00e7as, Jesus convida seus disc\u00edpulos e a multid\u00e3o a serem agentes transformadores da sociedade. O sal comunica sabor e preserva alimentos. Os crist\u00e3os devem embeber-se de vitalidade, entusiasmo, convic\u00e7\u00e3o e alegria em vista do Reino de Deus. Sem caracter\u00edsticas como essas, a comunidade n\u00e3o ter\u00e1 vivacidade, ser\u00e1 carente de f\u00e9, fraternidade e esperan\u00e7a. A luz ilumina ao seu redor. As obras de justi\u00e7a e fraternidade n\u00e3o devem ficar escondidas; ao contr\u00e1rio, devem ser vis\u00edveis e acess\u00edveis, para a gl\u00f3ria de Deus. Crist\u00e3os e crist\u00e3s poder\u00e3o conquistar multid\u00f5es de pessoas pela for\u00e7a do testemunho: \u201cSe virem o testemunho de comunidades autenticamente fraternas e reconciliadas, isso \u00e9 sempre uma luz que atrai\u201d (papa Francisco).<\/em><\/p>\n","protected":false},"excerpt":{"rendered":"<p>Estes s\u00e3o os santos que receberam a b\u00ean\u00e7\u00e3o do Senhor e a miseric\u00f3rdia de Deus, seu salvador. \u00c9 a gera\u00e7\u00e3o dos que buscam a Deus (Sl 23,5s). Fernando nasceu em Lisboa em 1195&#8230;.<\/p>\n","protected":false},"author":2,"featured_media":20407,"comment_status":"open","ping_status":"open","sticky":false,"template":"","format":"standard","meta":[],"categories":[7],"tags":[],"_links":{"self":[{"href":"https:\/\/www.salvatorianas.org.br\/blog\/wp-json\/wp\/v2\/posts\/20406"}],"collection":[{"href":"https:\/\/www.salvatorianas.org.br\/blog\/wp-json\/wp\/v2\/posts"}],"about":[{"href":"https:\/\/www.salvatorianas.org.br\/blog\/wp-json\/wp\/v2\/types\/post"}],"author":[{"embeddable":true,"href":"https:\/\/www.salvatorianas.org.br\/blog\/wp-json\/wp\/v2\/users\/2"}],"replies":[{"embeddable":true,"href":"https:\/\/www.salvatorianas.org.br\/blog\/wp-json\/wp\/v2\/comments?post=20406"}],"version-history":[{"count":1,"href":"https:\/\/www.salvatorianas.org.br\/blog\/wp-json\/wp\/v2\/posts\/20406\/revisions"}],"predecessor-version":[{"id":20408,"href":"https:\/\/www.salvatorianas.org.br\/blog\/wp-json\/wp\/v2\/posts\/20406\/revisions\/20408"}],"wp:featuredmedia":[{"embeddable":true,"href":"https:\/\/www.salvatorianas.org.br\/blog\/wp-json\/wp\/v2\/media\/20407"}],"wp:attachment":[{"href":"https:\/\/www.salvatorianas.org.br\/blog\/wp-json\/wp\/v2\/media?parent=20406"}],"wp:term":[{"taxonomy":"category","embeddable":true,"href":"https:\/\/www.salvatorianas.org.br\/blog\/wp-json\/wp\/v2\/categories?post=20406"},{"taxonomy":"post_tag","embeddable":true,"href":"https:\/\/www.salvatorianas.org.br\/blog\/wp-json\/wp\/v2\/tags?post=20406"}],"curies":[{"name":"wp","href":"https:\/\/api.w.org\/{rel}","templated":true}]}}