{"id":20402,"date":"2023-06-12T11:26:09","date_gmt":"2023-06-12T11:26:09","guid":{"rendered":"https:\/\/www.salvatorianas.org.br\/blog\/?p=20402"},"modified":"2023-06-12T11:26:10","modified_gmt":"2023-06-12T11:26:10","slug":"nascimento-do-bem-aventurado-francisco-jordan-175-anos-2","status":"publish","type":"post","link":"https:\/\/www.salvatorianas.org.br\/blog\/nascimento-do-bem-aventurado-francisco-jordan-175-anos-2\/","title":{"rendered":"Nascimento do Bem-aventurado Francisco Jordan &#8211; 175 anos"},"content":{"rendered":"\n<figure class=\"wp-block-image size-large\"><img decoding=\"async\" loading=\"lazy\" width=\"1024\" height=\"1024\" src=\"https:\/\/www.salvatorianas.org.br\/blog\/wp-content\/uploads\/2023\/06\/final-2-1-1024x1024.jpg\" alt=\"\" class=\"wp-image-20403\" srcset=\"https:\/\/www.salvatorianas.org.br\/blog\/wp-content\/uploads\/2023\/06\/final-2-1-1024x1024.jpg 1024w, https:\/\/www.salvatorianas.org.br\/blog\/wp-content\/uploads\/2023\/06\/final-2-1-300x300.jpg 300w, https:\/\/www.salvatorianas.org.br\/blog\/wp-content\/uploads\/2023\/06\/final-2-1-150x150.jpg 150w, https:\/\/www.salvatorianas.org.br\/blog\/wp-content\/uploads\/2023\/06\/final-2-1-768x768.jpg 768w, https:\/\/www.salvatorianas.org.br\/blog\/wp-content\/uploads\/2023\/06\/final-2-1.jpg 1080w\" sizes=\"(max-width: 1024px) 100vw, 1024px\" \/><\/figure>\n\n\n\n<p><\/p>\n\n\n\n<p>O Bem-aventurado Francisco Jordan testemunhou com a pr\u00f3pria vida a alegria de seguir, servir e anunciar Jesus, o Salvador. Francisco Jordan, fundador da Fam\u00edlia Salvatoriana, nasceu h\u00e1 <strong>175 anos,<\/strong> em uma pequena vila no extremo-sul da Alemanha, no dia <strong>16 de junho de 1848<\/strong>, sua vida e miss\u00e3o continua inspirando muitas pessoas ao redor do mundo, que como ele busca anunciar o Salvador a todos os povos.\u00a0 \u00a0<\/p>\n\n\n\n<p>Em meio a um contexto marcado por graves conflitos religiosos, pol\u00edticos e por uma sociedade secularista, o jovem Jordan ficou inquieto e incomodado com esta dura realidade do seu tempo e, movido pelo Esp\u00edrito Santo, fundou em 08 de dezembro de 1881, em Roma, a Sociedade do Divino Salvador. Aos 08 de dezembro de 1888, fundou a Congrega\u00e7\u00e3o das Irm\u00e3s do Divino Salvador em T\u00edvoli, cidade pr\u00f3xima a Roma.<\/p>\n\n\n\n<p>Francisco Jordan movido pelo esp\u00edrito e o zelo apost\u00f3lico-mission\u00e1rio utilizou de diferentes modos e meios para tornar Jesus Cristo conhecido e amado, formou e enviou muitos homens e mulheres para diversos pa\u00edses, com a miss\u00e3o de instruir o povo na f\u00e9 e continuar a obra salv\u00edfica de Jesus, anunciando a salva\u00e7\u00e3o, sobretudo, aos pequeninos do Evangelho.<\/p>\n\n\n\n<p>Um dos sonhos de Francisco Jordan foi envolver e comprometer todas as for\u00e7as vivas da Igreja, dando especial import\u00e2ncia ao papel dos leigos crist\u00e3os, para que estes sejam ap\u00f3stolos no mundo.&nbsp; Jordan foi um dos pioneiros na forma\u00e7\u00e3o e no apoio aos leigos e leigas a serem protagonistas na miss\u00e3o na Igreja e na sociedade.<\/p>\n\n\n\n<p>Hoje, a Fam\u00edlia Salvatoriana fundada por tr\u00eas ramos: a Sociedade do Divino Salvador (padre e irm\u00e3os), a Congrega\u00e7\u00e3o das Irm\u00e3s do Divino Salvador (irm\u00e3s), e a Comunidade Internacional do Divino Salvador (leigos e leigas), popularmente conhecidos como Salvatorianos e Salvatorianas.<\/p>\n\n\n\n<p>Os membros da Fam\u00edlia Salvatoriana continuam atuando apostolicamente em 44 pa\u00edses, desenvolvendo diferentes tipos de apostolados de acordo com as necessidades do local, em fidelidade ao carisma, espiritualidade e miss\u00e3o, comprometidos em levar a mensagem de vida e esperan\u00e7a do Salvador ao mundo.<\/p>\n\n\n\n<p>\u201cCr\u00ea, espera, confia, ama e trabalha. Deves conduzir todos a Cristo.\u201d<strong><\/strong><\/p>\n","protected":false},"excerpt":{"rendered":"<p>O Bem-aventurado Francisco Jordan testemunhou com a pr\u00f3pria vida a alegria de seguir, servir e anunciar Jesus, o Salvador. Francisco Jordan, fundador da Fam\u00edlia Salvatoriana, nasceu h\u00e1 175 anos, em uma pequena vila&#8230;<\/p>\n","protected":false},"author":2,"featured_media":0,"comment_status":"open","ping_status":"open","sticky":false,"template":"","format":"standard","meta":[],"categories":[1],"tags":[],"_links":{"self":[{"href":"https:\/\/www.salvatorianas.org.br\/blog\/wp-json\/wp\/v2\/posts\/20402"}],"collection":[{"href":"https:\/\/www.salvatorianas.org.br\/blog\/wp-json\/wp\/v2\/posts"}],"about":[{"href":"https:\/\/www.salvatorianas.org.br\/blog\/wp-json\/wp\/v2\/types\/post"}],"author":[{"embeddable":true,"href":"https:\/\/www.salvatorianas.org.br\/blog\/wp-json\/wp\/v2\/users\/2"}],"replies":[{"embeddable":true,"href":"https:\/\/www.salvatorianas.org.br\/blog\/wp-json\/wp\/v2\/comments?post=20402"}],"version-history":[{"count":1,"href":"https:\/\/www.salvatorianas.org.br\/blog\/wp-json\/wp\/v2\/posts\/20402\/revisions"}],"predecessor-version":[{"id":20404,"href":"https:\/\/www.salvatorianas.org.br\/blog\/wp-json\/wp\/v2\/posts\/20402\/revisions\/20404"}],"wp:attachment":[{"href":"https:\/\/www.salvatorianas.org.br\/blog\/wp-json\/wp\/v2\/media?parent=20402"}],"wp:term":[{"taxonomy":"category","embeddable":true,"href":"https:\/\/www.salvatorianas.org.br\/blog\/wp-json\/wp\/v2\/categories?post=20402"},{"taxonomy":"post_tag","embeddable":true,"href":"https:\/\/www.salvatorianas.org.br\/blog\/wp-json\/wp\/v2\/tags?post=20402"}],"curies":[{"name":"wp","href":"https:\/\/api.w.org\/{rel}","templated":true}]}}