{"id":20396,"date":"2023-06-11T14:25:35","date_gmt":"2023-06-11T14:25:35","guid":{"rendered":"https:\/\/www.salvatorianas.org.br\/blog\/?p=20396"},"modified":"2023-06-11T14:25:37","modified_gmt":"2023-06-11T14:25:37","slug":"nascimento-do-bem-aventurado-francisco-jordan-175-anos","status":"publish","type":"post","link":"https:\/\/www.salvatorianas.org.br\/blog\/nascimento-do-bem-aventurado-francisco-jordan-175-anos\/","title":{"rendered":"Nascimento do Bem-aventurado Francisco Jordan &#8211; 175 anos"},"content":{"rendered":"\n<figure class=\"wp-block-image size-large\"><img decoding=\"async\" loading=\"lazy\" width=\"1024\" height=\"1024\" src=\"https:\/\/www.salvatorianas.org.br\/blog\/wp-content\/uploads\/2023\/06\/final-2-1024x1024.jpg\" alt=\"\" class=\"wp-image-20397\" srcset=\"https:\/\/www.salvatorianas.org.br\/blog\/wp-content\/uploads\/2023\/06\/final-2-1024x1024.jpg 1024w, https:\/\/www.salvatorianas.org.br\/blog\/wp-content\/uploads\/2023\/06\/final-2-300x300.jpg 300w, https:\/\/www.salvatorianas.org.br\/blog\/wp-content\/uploads\/2023\/06\/final-2-150x150.jpg 150w, https:\/\/www.salvatorianas.org.br\/blog\/wp-content\/uploads\/2023\/06\/final-2-768x768.jpg 768w, https:\/\/www.salvatorianas.org.br\/blog\/wp-content\/uploads\/2023\/06\/final-2.jpg 1080w\" sizes=\"(max-width: 1024px) 100vw, 1024px\" \/><\/figure>\n\n\n\n<p><\/p>\n\n\n\n<p>Na alegria de celebrarmos o M\u00eas Salvatoriano, rendemos gra\u00e7as pela voca\u00e7\u00e3o de todos os membros da Fam\u00edlia Salvatoriana presente nos 5 continentes. Hoje,\u00a0 somos convidados a rezar a vida e a voca\u00e7\u00e3o de nossos Bem-aventurados Francisco Jordan e Maria dos Ap\u00f3stolos, que viveram uma vida de entrega total a Deus na alegria de anunciar o evangelho e na ousadia de envolver outros e outras na evangeliza\u00e7\u00e3o. Deixemo-nos arder o cora\u00e7\u00e3o atrav\u00e9s do testemunho de vida dos nossos Fundadores para sentir os nossos p\u00e9s a caminho, anunciando o Divino Salvador de todos os meios e modos que o Esp\u00edrito nos inspirar<\/p>\n","protected":false},"excerpt":{"rendered":"<p>Na alegria de celebrarmos o M\u00eas Salvatoriano, rendemos gra\u00e7as pela voca\u00e7\u00e3o de todos os membros da Fam\u00edlia Salvatoriana presente nos 5 continentes. Hoje,\u00a0 somos convidados a rezar a vida e a voca\u00e7\u00e3o de&#8230;<\/p>\n","protected":false},"author":2,"featured_media":0,"comment_status":"open","ping_status":"open","sticky":false,"template":"","format":"standard","meta":[],"categories":[1],"tags":[],"_links":{"self":[{"href":"https:\/\/www.salvatorianas.org.br\/blog\/wp-json\/wp\/v2\/posts\/20396"}],"collection":[{"href":"https:\/\/www.salvatorianas.org.br\/blog\/wp-json\/wp\/v2\/posts"}],"about":[{"href":"https:\/\/www.salvatorianas.org.br\/blog\/wp-json\/wp\/v2\/types\/post"}],"author":[{"embeddable":true,"href":"https:\/\/www.salvatorianas.org.br\/blog\/wp-json\/wp\/v2\/users\/2"}],"replies":[{"embeddable":true,"href":"https:\/\/www.salvatorianas.org.br\/blog\/wp-json\/wp\/v2\/comments?post=20396"}],"version-history":[{"count":4,"href":"https:\/\/www.salvatorianas.org.br\/blog\/wp-json\/wp\/v2\/posts\/20396\/revisions"}],"predecessor-version":[{"id":20401,"href":"https:\/\/www.salvatorianas.org.br\/blog\/wp-json\/wp\/v2\/posts\/20396\/revisions\/20401"}],"wp:attachment":[{"href":"https:\/\/www.salvatorianas.org.br\/blog\/wp-json\/wp\/v2\/media?parent=20396"}],"wp:term":[{"taxonomy":"category","embeddable":true,"href":"https:\/\/www.salvatorianas.org.br\/blog\/wp-json\/wp\/v2\/categories?post=20396"},{"taxonomy":"post_tag","embeddable":true,"href":"https:\/\/www.salvatorianas.org.br\/blog\/wp-json\/wp\/v2\/tags?post=20396"}],"curies":[{"name":"wp","href":"https:\/\/api.w.org\/{rel}","templated":true}]}}