{"id":20383,"date":"2023-06-09T14:35:35","date_gmt":"2023-06-09T14:35:35","guid":{"rendered":"https:\/\/www.salvatorianas.org.br\/blog\/?p=20383"},"modified":"2023-06-09T14:35:37","modified_gmt":"2023-06-09T14:35:37","slug":"seminario-vocacional-nacional-2023","status":"publish","type":"post","link":"https:\/\/www.salvatorianas.org.br\/blog\/seminario-vocacional-nacional-2023\/","title":{"rendered":"Semin\u00e1rio Vocacional Nacional \u2013 2023"},"content":{"rendered":"\n<p>Com alegria e esperan\u00e7a partilhamos a mensagem final do Semin\u00e1rio Vocacional Nacional e nossa gratid\u00e3o em podermos participar deste importante momento de reflex\u00e3o e partilha com a presen\u00e7a da Fam\u00edlia Salvatoriana nas pessoas da Ir. Edenilse Maria Marcon e do Leigo Salvatoriano Marcelo Mendon\u00e7a.<\/p>\n\n\n\n<figure class=\"wp-block-image size-large\"><img decoding=\"async\" loading=\"lazy\" width=\"1024\" height=\"682\" src=\"https:\/\/www.salvatorianas.org.br\/blog\/wp-content\/uploads\/2023\/06\/1-congresso-1024x682.jpg\" alt=\"\" class=\"wp-image-20384\" srcset=\"https:\/\/www.salvatorianas.org.br\/blog\/wp-content\/uploads\/2023\/06\/1-congresso-1024x682.jpg 1024w, https:\/\/www.salvatorianas.org.br\/blog\/wp-content\/uploads\/2023\/06\/1-congresso-300x200.jpg 300w, https:\/\/www.salvatorianas.org.br\/blog\/wp-content\/uploads\/2023\/06\/1-congresso-768x512.jpg 768w, https:\/\/www.salvatorianas.org.br\/blog\/wp-content\/uploads\/2023\/06\/1-congresso-1536x1023.jpg 1536w, https:\/\/www.salvatorianas.org.br\/blog\/wp-content\/uploads\/2023\/06\/1-congresso.jpg 1600w\" sizes=\"(max-width: 1024px) 100vw, 1024px\" \/><\/figure>\n\n\n\n<p><\/p>\n\n\n\n<p><strong>Mensagem Final do Semin\u00e1rio Vocacional Nacional \u2013 2023<\/strong><\/p>\n\n\n\n<p>No 3\u00ba Ano Vocacional da Igreja no Brasil, reunimo-nos no contexto da Solenidade da Ascens\u00e3o de Nosso Senhor para vivermos o Semin\u00e1rio Vocacional Nacional, que assume para si o objetivo deste Ano: \u201cpromover a cultura vocacional nas comunidades eclesiais, nas fam\u00edlias e na sociedade, para que sejam ambientes favor\u00e1veis ao despertar de todas as voca\u00e7\u00f5es, como Gra\u00e7a e Miss\u00e3o, a servi\u00e7o do Reino de Deus\u201d.<\/p>\n\n\n\n<p>Em momentos de partilha, forma\u00e7\u00e3o, estudo e ora\u00e7\u00e3o, debatemos aspectos da cultura vocacional. Al\u00e9m das reflex\u00f5es te\u00f3ricas, fizemos a experi\u00eancia de imers\u00e3o nesta cultura, na partilha de afetos, saberes e sabores. Demo-nos conta que esses dias foram dias de encontro conosco mesmos, com o Senhor e com os irm\u00e3os e irm\u00e3s.<\/p>\n\n\n\n<p>Deparamo-nos com in\u00fameros desafios que s\u00e3o postos \u00e0 cultura vocacional. Olhamos para as crises existenciais, compreendendo-as n\u00e3o como problemas a serem superados, mas como possibilidade de mudan\u00e7a. E apesar de nossas inseguran\u00e7as e medos, o pr\u00f3prio Senhor nos afirma: \u201cEstarei convosco todos os dias at\u00e9 o fim do mundo!\u201d (Mt 28,20).<\/p>\n\n\n\n<p>Se, por vezes, h\u00e1 um sil\u00eancio ou um sentimento de vazio em nossos cora\u00e7\u00f5es, refletimos que \u00e9 justamente a inquietude saud\u00e1vel, nossos sonhos, a voz de Deus ecoando e nos provocando a retomar o caminho.<\/p>\n\n\n\n<p>Redescobrimos que voca\u00e7\u00e3o \u00e9 dinamismo de chamado e resposta que se d\u00e1 numa rela\u00e7\u00e3o de transbordamento do amor do Senhor a todos. Como recorda o Papa Francisco \u201cfomos criados pelo amor, por amor e com amor, e somos feitos para amar\u201d (60\u00ba DMOV 2023). Nesse transbordar de amor que experimentamos, convidamos toda a Igreja do Brasil a:<\/p>\n\n\n\n<ol type=\"I\">\n<li>Escutar, sempre, o An\u00fancio (Querigma), redescobrindo a centralidade do Cristo como princ\u00edpio e fundamento da vida, para testemunhar a alegria do Evangelho.<\/li>\n\n\n\n<li>Redescobrir que toda a Igreja \u00e9 vocacional, ou seja, a anima\u00e7\u00e3o vocacional n\u00e3o \u00e9 tarefa apenas da equipe do SAV\/PV, mas \u201cpertence a toda Comunidade crist\u00e3, que deve promov\u00ea-la, sobretudo mediante uma vida plenamente crist\u00e3\u201d (cf. OT, 2).<\/li>\n\n\n\n<li>Respeitar as hist\u00f3rias, trajet\u00f3rias e culturas das pessoas, comunidades e povos.<\/li>\n\n\n\n<li>Fortalecer processos vocacionais cada vez mais humanizados e humanizadores, pensando n\u00e3o apenas em t\u00e9cnicas e calendariza\u00e7\u00e3o, mas tamb\u00e9m em viv\u00eancias testemunhais.<\/li>\n\n\n\n<li>Potencializar um planejamento vocacional para que seja sempre mais integral e integrado, e que fortale\u00e7a a viv\u00eancia eclesial e comunit\u00e1ria, e a rela\u00e7\u00e3o com o Senhor.<\/li>\n\n\n\n<li>Acompanhar, de forma gradual e integral, nos \u00e2mbitos pessoal, comunit\u00e1rio e eclesial, homens e mulheres, na constru\u00e7\u00e3o e viv\u00eancia de seus projetos de vida, \u00e0 luz do Evangelho e iluminados pelo Esp\u00edrito Santo.<\/li>\n\n\n\n<li>Colocar a vida a servi\u00e7o do pr\u00f3ximo, em especial dos pobres, nas \u201cperiferias existenciais e geogr\u00e1ficas\u201d, recordando que \u201co servi\u00e7o nunca \u00e9 ideol\u00f3gico, dado que n\u00e3o servimos ideias, mas pessoas\u201d (FT, 89), como nos lembra o Papa Francisco. Fa\u00e7amos da vida uma doa\u00e7\u00e3o e entrega total.<\/li>\n<\/ol>\n\n\n\n<p>Com os cora\u00e7\u00f5es ardentes pelo encontro com o Senhor ao longo destes dias, pela trajet\u00f3ria vocacional da Igreja no Brasil e pela entrega de tantas pessoas na anima\u00e7\u00e3o vocacional, desde o ch\u00e3o sagrado de Itaici, colocamos nossos p\u00e9s a caminho.<\/p>\n\n\n\n<p>Maria, M\u00e3e, Mestra e Disc\u00edpula Mission\u00e1ria, continuai nos ensinando a ouvir o Evangelho da Voca\u00e7\u00e3o e a responder, com alegria, seja em Ema\u00fas ou Jerusal\u00e9m, seja em minha cidade ou na comunidade, em qualquer esta\u00e7\u00e3o vocacional&#8221; (TB, 229). Am\u00e9m!<\/p>\n\n\n\n<p>Mosteiro de Itaici, 21 de maio de 2023<\/p>\n\n\n\n<figure class=\"wp-block-image size-large\"><img decoding=\"async\" loading=\"lazy\" width=\"766\" height=\"1024\" src=\"https:\/\/www.salvatorianas.org.br\/blog\/wp-content\/uploads\/2023\/06\/3-congresso-766x1024.jpg\" alt=\"\" class=\"wp-image-20386\" srcset=\"https:\/\/www.salvatorianas.org.br\/blog\/wp-content\/uploads\/2023\/06\/3-congresso-766x1024.jpg 766w, https:\/\/www.salvatorianas.org.br\/blog\/wp-content\/uploads\/2023\/06\/3-congresso-225x300.jpg 225w, https:\/\/www.salvatorianas.org.br\/blog\/wp-content\/uploads\/2023\/06\/3-congresso-768x1026.jpg 768w, https:\/\/www.salvatorianas.org.br\/blog\/wp-content\/uploads\/2023\/06\/3-congresso.jpg 958w\" sizes=\"(max-width: 766px) 100vw, 766px\" \/><\/figure>\n\n\n\n<figure class=\"wp-block-image size-large\"><img decoding=\"async\" loading=\"lazy\" width=\"1024\" height=\"768\" src=\"https:\/\/www.salvatorianas.org.br\/blog\/wp-content\/uploads\/2023\/06\/4-congresso-1024x768.jpg\" alt=\"\" class=\"wp-image-20388\" srcset=\"https:\/\/www.salvatorianas.org.br\/blog\/wp-content\/uploads\/2023\/06\/4-congresso-1024x768.jpg 1024w, https:\/\/www.salvatorianas.org.br\/blog\/wp-content\/uploads\/2023\/06\/4-congresso-300x225.jpg 300w, https:\/\/www.salvatorianas.org.br\/blog\/wp-content\/uploads\/2023\/06\/4-congresso-768x576.jpg 768w, https:\/\/www.salvatorianas.org.br\/blog\/wp-content\/uploads\/2023\/06\/4-congresso.jpg 1280w\" sizes=\"(max-width: 1024px) 100vw, 1024px\" \/><\/figure>\n","protected":false},"excerpt":{"rendered":"<p>Com alegria e esperan\u00e7a partilhamos a mensagem final do Semin\u00e1rio Vocacional Nacional e nossa gratid\u00e3o em podermos participar deste importante momento de reflex\u00e3o e partilha com a presen\u00e7a da Fam\u00edlia Salvatoriana nas pessoas&#8230;<\/p>\n","protected":false},"author":2,"featured_media":0,"comment_status":"open","ping_status":"open","sticky":false,"template":"","format":"standard","meta":[],"categories":[1],"tags":[],"_links":{"self":[{"href":"https:\/\/www.salvatorianas.org.br\/blog\/wp-json\/wp\/v2\/posts\/20383"}],"collection":[{"href":"https:\/\/www.salvatorianas.org.br\/blog\/wp-json\/wp\/v2\/posts"}],"about":[{"href":"https:\/\/www.salvatorianas.org.br\/blog\/wp-json\/wp\/v2\/types\/post"}],"author":[{"embeddable":true,"href":"https:\/\/www.salvatorianas.org.br\/blog\/wp-json\/wp\/v2\/users\/2"}],"replies":[{"embeddable":true,"href":"https:\/\/www.salvatorianas.org.br\/blog\/wp-json\/wp\/v2\/comments?post=20383"}],"version-history":[{"count":2,"href":"https:\/\/www.salvatorianas.org.br\/blog\/wp-json\/wp\/v2\/posts\/20383\/revisions"}],"predecessor-version":[{"id":20389,"href":"https:\/\/www.salvatorianas.org.br\/blog\/wp-json\/wp\/v2\/posts\/20383\/revisions\/20389"}],"wp:attachment":[{"href":"https:\/\/www.salvatorianas.org.br\/blog\/wp-json\/wp\/v2\/media?parent=20383"}],"wp:term":[{"taxonomy":"category","embeddable":true,"href":"https:\/\/www.salvatorianas.org.br\/blog\/wp-json\/wp\/v2\/categories?post=20383"},{"taxonomy":"post_tag","embeddable":true,"href":"https:\/\/www.salvatorianas.org.br\/blog\/wp-json\/wp\/v2\/tags?post=20383"}],"curies":[{"name":"wp","href":"https:\/\/api.w.org\/{rel}","templated":true}]}}