{"id":20379,"date":"2023-06-12T01:00:00","date_gmt":"2023-06-12T01:00:00","guid":{"rendered":"https:\/\/www.salvatorianas.org.br\/blog\/?p=20379"},"modified":"2023-06-07T17:13:45","modified_gmt":"2023-06-07T17:13:45","slug":"10a-semana-do-tempo-comum-ano-impar-i","status":"publish","type":"post","link":"https:\/\/www.salvatorianas.org.br\/blog\/10a-semana-do-tempo-comum-ano-impar-i\/","title":{"rendered":"10\u00aa Semana do Tempo Comum, Ano \u00cdmpar (I)"},"content":{"rendered":"\n<p>O Senhor \u00e9 minha luz e minha salva\u00e7\u00e3o, a quem poderia eu temer? O Senhor \u00e9 o baluarte de minha vida, perante quem tremerei? Meus opressores e inimigos, s\u00e3o eles que vacilam e sucumbem (Sl 26,1s).<\/p>\n\n\n\n<p><em>Mesmo oprimido por incont\u00e1veis tribula\u00e7\u00f5es, o mission\u00e1rio de Cristo sente-se amparado pela miseric\u00f3rdia e consola\u00e7\u00e3o divinas. Com o Mestre, aprendamos a \u201cconsolar os que se acham em toda e qualquer afli\u00e7\u00e3o\u201d, ajudando a cumprir o projeto de \u201cvida feliz\u201d que Deus deseja a todos.<\/em><\/p>\n\n\n\n<p>Primeira Leitura:&nbsp;<strong>2 Cor\u00edntios 1,1-7<\/strong><\/p>\n\n\n\n<p>In\u00edcio da segunda carta de S\u00e3o Paulo aos Cor\u00edntios \u2013&nbsp;<sup>1<\/sup>Paulo, ap\u00f3stolo de Jesus Cristo por vontade de Deus, e o irm\u00e3o Tim\u00f3teo \u00e0 Igreja de Deus que est\u00e1 em Corinto e a todos os santos que se encontram em toda a Acaia:&nbsp;<sup>2<\/sup>para v\u00f3s, gra\u00e7a e paz da parte de Deus, nosso Pai, e do Senhor Jesus Cristo.&nbsp;<sup>3<\/sup>Bendito seja o Deus e Pai de nosso Senhor Jesus Cristo, o Pai das miseric\u00f3rdias e Deus de toda consola\u00e7\u00e3o.&nbsp;<sup>4<\/sup>Ele nos consola em todas as nossas afli\u00e7\u00f5es, para que, com a consola\u00e7\u00e3o que n\u00f3s mesmos recebemos de Deus, possamos consolar os que se acham em toda e qualquer afli\u00e7\u00e3o.&nbsp;<sup>5<\/sup>Pois, \u00e0 medida que os sofrimentos de Cristo crescem para n\u00f3s, cresce tamb\u00e9m a nossa consola\u00e7\u00e3o por Cristo.&nbsp;<sup>6<\/sup>Se estamos em afli\u00e7\u00f5es, \u00e9 para a vossa consola\u00e7\u00e3o e salva\u00e7\u00e3o; se somos consolados, \u00e9 para a vossa consola\u00e7\u00e3o. E essa consola\u00e7\u00e3o sustenta a vossa paci\u00eancia em meio aos mesmos sofrimentos que n\u00f3s tamb\u00e9m padecemos.&nbsp;<sup>7<\/sup>E a nossa esperan\u00e7a a vosso respeito \u00e9 firme, pois sabemos que, assim como participais dos nossos sofrimentos, participais tamb\u00e9m da nossa consola\u00e7\u00e3o. \u2013 Palavra do Senhor.<\/p>\n\n\n\n<p>Salmo Responsorial:&nbsp;<strong>33(34)<\/strong><\/p>\n\n\n\n<p><em><strong>Provai e vede qu\u00e3o suave \u00e9 o Senhor!<\/strong><\/em><\/p>\n\n\n\n<p>1. Bendirei o Senhor Deus em todo o tempo,&nbsp;\/&nbsp;seu louvor estar\u00e1 sempre em minha boca.&nbsp;\/&nbsp;Minha alma se gloria no Senhor;&nbsp;\/&nbsp;que ou\u00e7am os humildes e se alegrem!&nbsp;\u2013 R.<\/p>\n\n\n\n<p>2. Comigo engrandecei ao Senhor Deus,&nbsp;\/&nbsp;exaltemos todos juntos o seu nome!&nbsp;\/&nbsp;Todas as vezes que o busquei, ele me ouviu&nbsp;\/&nbsp;e de todos os temores me livrou.&nbsp;\u2013 R.<\/p>\n\n\n\n<p>3. Contemplai a sua face e alegrai-vos,&nbsp;\/&nbsp;e vosso rosto n\u00e3o se cubra de vergonha!&nbsp;\/&nbsp;Este infeliz gritou a Deus e foi ouvido,&nbsp;\/&nbsp;e o Senhor o libertou de toda ang\u00fastia.&nbsp;\u2013 R.<\/p>\n\n\n\n<p>4. O anjo do Senhor vem acampar&nbsp;\/&nbsp;ao redor dos que o temem e os salva.&nbsp;\/&nbsp;Provai e vede qu\u00e3o suave \u00e9 o Senhor!&nbsp;\/&nbsp;Feliz o homem que tem nele o seu ref\u00fagio!&nbsp;\u2013 R.<\/p>\n\n\n\n<p>Evangelho:&nbsp;<strong>Mateus 5,1-12<\/strong><\/p>\n\n\n\n<p><strong><em>Aleluia<\/em><em>, aleluia, aleluia.<\/em><\/strong><\/p>\n\n\n\n<p><strong>Alegrai-vos, v\u00f3s todos, porque grande h\u00e1 de ser&nbsp;\/&nbsp;a recompensa nos c\u00e9us que um dia tereis! (Mt 5,12)&nbsp;\u2013 R.<\/strong><\/p>\n\n\n\n<p>Proclama\u00e7\u00e3o do Evangelho de Jesus Cristo segundo Mateus \u2013 Naquele tempo,&nbsp;<sup>1<\/sup>vendo Jesus as multid\u00f5es, subiu ao monte e sentou-se. Os disc\u00edpulos aproximaram-se,&nbsp;<sup>2<\/sup>e Jesus come\u00e7ou a ensin\u00e1-los:&nbsp;<sup>3<\/sup>\u201cBem-aventurados os pobres em esp\u00edrito, porque deles \u00e9 o Reino dos C\u00e9us.&nbsp;<sup>4<\/sup>Bem-aventurados os aflitos, porque ser\u00e3o consolados.&nbsp;<sup>5<\/sup>Bem-aventurados os mansos, porque possuir\u00e3o a terra.&nbsp;<sup>6<\/sup>Bem-aventurados os que t\u00eam fome e sede de justi\u00e7a, porque ser\u00e3o saciados.&nbsp;<sup>7<\/sup>Bem-aventurados os misericordiosos, porque alcan\u00e7ar\u00e3o miseric\u00f3rdia.&nbsp;<sup>8<\/sup>Bem-aventurados os puros de cora\u00e7\u00e3o, porque ver\u00e3o a Deus.&nbsp;<sup>9<\/sup>Bem-aventurados os que promovem a paz, porque ser\u00e3o chamados filhos de Deus.&nbsp;<sup>10<\/sup>Bem-aventurados os que s\u00e3o perseguidos por causa da justi\u00e7a, porque deles \u00e9 o Reino dos C\u00e9us.&nbsp;<sup>11<\/sup>Bem-aventurados sois v\u00f3s quando vos injuriarem e perseguirem e, mentindo, disserem todo tipo de mal contra v\u00f3s por causa de mim.&nbsp;<sup>12<\/sup>Alegrai-vos e exultai, porque ser\u00e1 grande a vossa recompensa nos c\u00e9us. Do mesmo modo perseguiram os profetas que vieram antes de v\u00f3s\u201d. \u2013 Palavra da salva\u00e7\u00e3o.<\/p>\n\n\n\n<p>Reflex\u00e3o:<\/p>\n\n\n\n<p><em>As bem-aventuran\u00e7as est\u00e3o inseridas no serm\u00e3o da montanha, resumo do ensinamento de Jesus a respeito do Reino e da transforma\u00e7\u00e3o que esse Reino produz. Aos disc\u00edpulos, Jesus promete a felicidade n\u00e3o apenas no c\u00e9u, mas tamb\u00e9m a que se pode experimentar ao longo desta vida. A felicidade brota de uma s\u00e9rie de valores sobre os quais se assenta o Reino de Deus: pobreza, humildade, justi\u00e7a, miseric\u00f3rdia, pureza de cora\u00e7\u00e3o, sofrimento por causa da justi\u00e7a. As bem-aventuran\u00e7as questionam os nossos crit\u00e9rios habituais e os crit\u00e9rios de uma sociedade que caminha exatamente na dire\u00e7\u00e3o contr\u00e1ria e que se funda em pseudovalores: gan\u00e2ncia, explora\u00e7\u00e3o e v\u00e1rias outras formas de injusti\u00e7a. Em outro discurso, Jesus recomenda: \u201cBusquem primeiro o Reino de Deus e sua justi\u00e7a\u201d (Mt 6,33).<\/em><\/p>\n","protected":false},"excerpt":{"rendered":"<p>O Senhor \u00e9 minha luz e minha salva\u00e7\u00e3o, a quem poderia eu temer? O Senhor \u00e9 o baluarte de minha vida, perante quem tremerei? Meus opressores e inimigos, s\u00e3o eles que vacilam e&#8230;<\/p>\n","protected":false},"author":2,"featured_media":20380,"comment_status":"open","ping_status":"open","sticky":false,"template":"","format":"standard","meta":[],"categories":[7],"tags":[],"_links":{"self":[{"href":"https:\/\/www.salvatorianas.org.br\/blog\/wp-json\/wp\/v2\/posts\/20379"}],"collection":[{"href":"https:\/\/www.salvatorianas.org.br\/blog\/wp-json\/wp\/v2\/posts"}],"about":[{"href":"https:\/\/www.salvatorianas.org.br\/blog\/wp-json\/wp\/v2\/types\/post"}],"author":[{"embeddable":true,"href":"https:\/\/www.salvatorianas.org.br\/blog\/wp-json\/wp\/v2\/users\/2"}],"replies":[{"embeddable":true,"href":"https:\/\/www.salvatorianas.org.br\/blog\/wp-json\/wp\/v2\/comments?post=20379"}],"version-history":[{"count":1,"href":"https:\/\/www.salvatorianas.org.br\/blog\/wp-json\/wp\/v2\/posts\/20379\/revisions"}],"predecessor-version":[{"id":20381,"href":"https:\/\/www.salvatorianas.org.br\/blog\/wp-json\/wp\/v2\/posts\/20379\/revisions\/20381"}],"wp:featuredmedia":[{"embeddable":true,"href":"https:\/\/www.salvatorianas.org.br\/blog\/wp-json\/wp\/v2\/media\/20380"}],"wp:attachment":[{"href":"https:\/\/www.salvatorianas.org.br\/blog\/wp-json\/wp\/v2\/media?parent=20379"}],"wp:term":[{"taxonomy":"category","embeddable":true,"href":"https:\/\/www.salvatorianas.org.br\/blog\/wp-json\/wp\/v2\/categories?post=20379"},{"taxonomy":"post_tag","embeddable":true,"href":"https:\/\/www.salvatorianas.org.br\/blog\/wp-json\/wp\/v2\/tags?post=20379"}],"curies":[{"name":"wp","href":"https:\/\/api.w.org\/{rel}","templated":true}]}}