{"id":20376,"date":"2023-06-11T01:00:00","date_gmt":"2023-06-11T01:00:00","guid":{"rendered":"https:\/\/www.salvatorianas.org.br\/blog\/?p=20376"},"modified":"2023-06-07T17:10:19","modified_gmt":"2023-06-07T17:10:19","slug":"10o-domingo-do-tempo-comum-ano-a","status":"publish","type":"post","link":"https:\/\/www.salvatorianas.org.br\/blog\/10o-domingo-do-tempo-comum-ano-a\/","title":{"rendered":"10\u00ba Domingo do Tempo Comum, Ano A"},"content":{"rendered":"\n<p>O Senhor \u00e9 minha luz e minha salva\u00e7\u00e3o, a quem poderia eu temer? O Senhor \u00e9 o baluarte de minha vida, perante quem tremerei? Meus opressores e inimigos, s\u00e3o eles que vacilam e sucumbem (Sl 26,1s).<\/p>\n\n\n\n<p><em>O Senhor Jesus, a exemplo do que fez com Mateus, nos convida a segui-lo, embora saiba que somos pecadores. Dispostos a acolher esse convite e a revigorar nossa f\u00e9 pela participa\u00e7\u00e3o no banquete da Eucaristia, celebremos nosso Deus, que deseja um mundo e uma Igreja que vivam o amor e a miseric\u00f3rdia e o reconhe\u00e7am como a luz e a salva\u00e7\u00e3o do ser humano.<\/em><\/p>\n\n\n\n<p>Primeira Leitura:&nbsp;<strong>Oseias 6,3-6<\/strong><\/p>\n\n\n\n<p>Leitura da Profecia de Oseias \u2013&nbsp;<sup>3<\/sup>\u00c9 preciso saber segui-lo para reconhecer o Senhor. Certa como a aurora \u00e9 a sua vinda, ele vir\u00e1 at\u00e9 n\u00f3s como as primeiras chuvas, como as chuvas tardias que regam o solo.&nbsp;<sup>4<\/sup>\u201cComo vou tratar-te, Efraim? Como vou tratar-te, Jud\u00e1? O vosso amor \u00e9 como nuvem pela manh\u00e3, como orvalho que cedo se desfaz.&nbsp;<sup>5<\/sup>Eu os desbastei por meio dos profetas, arrasei-os com as palavras de minha boca, como luz, expandem-se meus ju\u00edzos;&nbsp;<sup>6<\/sup>quero amor e n\u00e3o sacrif\u00edcios, conhecimento de Deus mais do que holocaustos\u201d. \u2013 Palavra do Senhor.<\/p>\n\n\n\n<p>Salmo Responsorial:&nbsp;<strong>49(50)<\/strong><\/p>\n\n\n\n<p><em><strong>A todo homem que procede retamente&nbsp;\/&nbsp;eu mostrarei a salva\u00e7\u00e3o que vem de Deus.<\/strong><\/em><\/p>\n\n\n\n<p>1. Falou o Senhor Deus, chamou a terra,&nbsp;\/&nbsp;do sol nascente ao sol poente a convocou.&nbsp;\/&nbsp;\u201cEu n\u00e3o venho censurar teus sacrif\u00edcios,&nbsp;\/&nbsp;pois sempre est\u00e3o perante mim teus holocaustos.&nbsp;\u2013 R.<\/p>\n\n\n\n<p>2. N\u00e3o te diria, se com fome eu estivesse,&nbsp;\/&nbsp;porque \u00e9 meu o universo e todo ser.&nbsp;\/&nbsp;Porventura comerei carne de touros?&nbsp;\/&nbsp;Beberei, acaso, o sangue de carneiros?&nbsp;\u2013 R.<\/p>\n\n\n\n<p>3. Imola a Deus um sacrif\u00edcio de louvor&nbsp;\/&nbsp;e cumpre os votos que fizeste ao Alt\u00edssimo.&nbsp;\/&nbsp;Invoca-me no dia da ang\u00fastia,&nbsp;\/&nbsp;e ent\u00e3o te livrarei e h\u00e1s de louvar-me.\u201d&nbsp;\u2013 R.<\/p>\n\n\n\n<p>Segunda Leitura:&nbsp;<strong>Romanos 4,18-25<\/strong><\/p>\n\n\n\n<p>Leitura da Carta de S\u00e3o Paulo aos Romanos \u2013 Irm\u00e3os,&nbsp;<sup>18<\/sup>Abra\u00e3o, contra toda a humana esperan\u00e7a, firmou-se na esperan\u00e7a e na f\u00e9. Assim, tornou-se pai de muitos povos, conforme lhe fora dito: \u201cAssim ser\u00e1 a tua posteridade\u201d.&nbsp;<sup>19<\/sup>N\u00e3o fraquejou na f\u00e9, \u00e0 vista de seu f\u00edsico desvigorado pela idade \u2013 cerca de cem anos \u2013 ou considerando o \u00fatero de Sara j\u00e1 incapaz de conceber.&nbsp;<sup>20<\/sup>Diante da promessa divina, n\u00e3o duvidou por falta de f\u00e9, mas revigorou-se na f\u00e9 e deu gl\u00f3ria a Deus,&nbsp;<sup>21<\/sup>convencido de que Deus tem poder para cumprir o que prometeu.&nbsp;<sup>22<\/sup>Essa sua atitude de f\u00e9 lhe foi creditada como justi\u00e7a.&nbsp;<sup>23<\/sup>Afirmando que a f\u00e9 lhe foi creditada como justi\u00e7a, a Escritura visa n\u00e3o s\u00f3 \u00e0 pessoa de Abra\u00e3o,&nbsp;<sup>24<\/sup>mas tamb\u00e9m a n\u00f3s, pois a f\u00e9 ser\u00e1 creditada tamb\u00e9m para n\u00f3s, que cremos naquele que ressuscitou dos mortos Jesus, nosso Senhor.&nbsp;<sup>25<\/sup>Ele, Jesus, foi entregue por causa de nossos pecados e foi ressuscitado para nossa justifica\u00e7\u00e3o. \u2013 Palavra do Senhor.<\/p>\n\n\n\n<p>Evangelho:&nbsp;<strong>Mateus 9,9-13<\/strong><\/p>\n\n\n\n<p><strong><em>Aleluia, aleluia, aleluia.<\/em><\/strong><\/p>\n\n\n\n<p><strong>Foi o Senhor quem me mandou&nbsp;\/&nbsp;boas not\u00edcias anunciar;&nbsp;\/&nbsp;ao pobre, a quem est\u00e1 no cativeiro,&nbsp;\/&nbsp;liberta\u00e7\u00e3o eu vou proclamar (Lc 4,18).&nbsp;\u2013 R.<\/strong><\/p>\n\n\n\n<p>Proclama\u00e7\u00e3o do Evangelho de Jesus Cristo segundo Mateus \u2013 Naquele tempo,&nbsp;<sup>9<\/sup>partindo dali, Jesus viu um homem chamado Mateus, sentado na coletoria de impostos, e disse-lhe: \u201cSegue-me!\u201d Ele se levantou e seguiu a Jesus.&nbsp;<sup>10<\/sup>Enquanto Jesus estava \u00e0 mesa, em casa de Mateus, vieram muitos cobradores de impostos e pecadores e sentaram-se \u00e0 mesa com Jesus e seus disc\u00edpulos.&nbsp;<sup>11<\/sup>Alguns fariseus viram isso e perguntaram aos disc\u00edpulos: \u201cPor que vosso mestre come com os cobradores de impostos e pecadores?\u201d&nbsp;<sup>12<\/sup>Jesus ouviu a pergunta e respondeu: \u201cAqueles que t\u00eam sa\u00fade n\u00e3o precisam de m\u00e9dico, mas, sim, os doentes.&nbsp;<sup>13<\/sup>Aprendei, pois, o que significa: \u2018Quero miseric\u00f3rdia e n\u00e3o sacrif\u00edcio\u2019. De fato, eu n\u00e3o vim para chamar os justos, mas os pecadores\u201d. \u2013 Palavra da salva\u00e7\u00e3o.<\/p>\n\n\n\n<p>Reflex\u00e3o:<\/p>\n\n\n\n<p><em>Jesus chama para o seu grupo de disc\u00edpulos um cobrador de impostos. Ora, os cobradores de impostos estavam a servi\u00e7o dos ocupantes romanos, e muitas vezes cometiam abusos e exploravam o povo. Eram classificados pelos fariseus como \u201cpecadores\u201d. Jesus faz Mateus passar da escravid\u00e3o do dinheiro para a liberdade de segui-lo, j\u00e1 que \u201cningu\u00e9m pode servir a dois senhores\u201d (Mt 6,24). Os fariseus, por\u00e9m, que se julgam sadios e santos, ficam escandalizados e murmuram ao ver Jesus fazendo refei\u00e7\u00e3o entre cobradores de impostos e pecadores. Na qualidade de agente da presen\u00e7a salvadora de Deus, Jesus cita o profeta Oseias (6,6), e deixa claro o motivo pelo qual se mistura com esse grupo: \u201cV\u00e3o e aprendam o que significa: \u2018Quero miseric\u00f3rdia e n\u00e3o sacrif\u00edcio\u2019\u2026 Eu n\u00e3o vim chamar justos, e sim pecadores\u201d.<\/em><\/p>\n","protected":false},"excerpt":{"rendered":"<p>O Senhor \u00e9 minha luz e minha salva\u00e7\u00e3o, a quem poderia eu temer? O Senhor \u00e9 o baluarte de minha vida, perante quem tremerei? Meus opressores e inimigos, s\u00e3o eles que vacilam e&#8230;<\/p>\n","protected":false},"author":2,"featured_media":20377,"comment_status":"open","ping_status":"open","sticky":false,"template":"","format":"standard","meta":[],"categories":[7],"tags":[],"_links":{"self":[{"href":"https:\/\/www.salvatorianas.org.br\/blog\/wp-json\/wp\/v2\/posts\/20376"}],"collection":[{"href":"https:\/\/www.salvatorianas.org.br\/blog\/wp-json\/wp\/v2\/posts"}],"about":[{"href":"https:\/\/www.salvatorianas.org.br\/blog\/wp-json\/wp\/v2\/types\/post"}],"author":[{"embeddable":true,"href":"https:\/\/www.salvatorianas.org.br\/blog\/wp-json\/wp\/v2\/users\/2"}],"replies":[{"embeddable":true,"href":"https:\/\/www.salvatorianas.org.br\/blog\/wp-json\/wp\/v2\/comments?post=20376"}],"version-history":[{"count":1,"href":"https:\/\/www.salvatorianas.org.br\/blog\/wp-json\/wp\/v2\/posts\/20376\/revisions"}],"predecessor-version":[{"id":20378,"href":"https:\/\/www.salvatorianas.org.br\/blog\/wp-json\/wp\/v2\/posts\/20376\/revisions\/20378"}],"wp:featuredmedia":[{"embeddable":true,"href":"https:\/\/www.salvatorianas.org.br\/blog\/wp-json\/wp\/v2\/media\/20377"}],"wp:attachment":[{"href":"https:\/\/www.salvatorianas.org.br\/blog\/wp-json\/wp\/v2\/media?parent=20376"}],"wp:term":[{"taxonomy":"category","embeddable":true,"href":"https:\/\/www.salvatorianas.org.br\/blog\/wp-json\/wp\/v2\/categories?post=20376"},{"taxonomy":"post_tag","embeddable":true,"href":"https:\/\/www.salvatorianas.org.br\/blog\/wp-json\/wp\/v2\/tags?post=20376"}],"curies":[{"name":"wp","href":"https:\/\/api.w.org\/{rel}","templated":true}]}}