{"id":20373,"date":"2023-06-10T01:00:00","date_gmt":"2023-06-10T01:00:00","guid":{"rendered":"https:\/\/www.salvatorianas.org.br\/blog\/?p=20373"},"modified":"2023-06-07T17:08:33","modified_gmt":"2023-06-07T17:08:33","slug":"9a-semana-do-tempo-comum-ano-impar-i-3","status":"publish","type":"post","link":"https:\/\/www.salvatorianas.org.br\/blog\/9a-semana-do-tempo-comum-ano-impar-i-3\/","title":{"rendered":"9\u00aa Semana do Tempo Comum, Ano \u00cdmpar (I)"},"content":{"rendered":"\n<p>Olhai para mim, Senhor, e tende piedade, pois vivo sozinho e infeliz. Vede minha mis\u00e9ria e minha dor e perdoai todos os meus pecados! (Sl 24,16.18)<\/p>\n\n\n\n<p><em>Deus recompensa toda pessoa que pratica o bem, seja ele do tamanho que for. De n\u00f3s o Senhor espera um cora\u00e7\u00e3o sens\u00edvel e grato: \u201c<\/em><em>Manifestai a todos os homens as obras de Deus, como \u00e9 justo, e n\u00e3o hesiteis em expressar-lhe o vosso reconhecimento\u201d.<\/em><\/p>\n\n\n\n<p>Primeira Leitura:&nbsp;<strong>Tobias 12,1.5-15.20<\/strong><\/p>\n\n\n\n<p>Leitura do livro de Tobias \u2013 Naqueles dias,&nbsp;<sup>1<\/sup>Tobit chamou Tobias, seu filho, e disse-lhe: \u201cFilho, paguemos o sal\u00e1rio ao homem que viajou contigo, acrescentando uma gratifica\u00e7\u00e3o\u201d.&nbsp;<sup>5<\/sup>Tobias chamou, pois, o anjo e disse-lhe: \u201cRecebe como sal\u00e1rio a metade de tudo o que trouxeste ao voltar e vai em paz\u201d.&nbsp;<sup>6<\/sup>Ent\u00e3o Rafael chamou os dois \u00e0 parte e disse-lhes: \u201cBendizei a Deus e dai-lhe gra\u00e7as, diante de todos os viventes, pelos benef\u00edcios que vos concedeu. Bendizei e cantai o seu nome. Manifestai a todos os homens as obras de Deus, como \u00e9 justo, e n\u00e3o hesiteis em expressar-lhe o vosso reconhecimento.&nbsp;<sup>7<\/sup>Se \u00e9 bom guardar o segredo do rei, \u00e9 justo revelar e publicar as obras de Deus. Fazei o bem, e o mal n\u00e3o vos atingir\u00e1.&nbsp;<sup>8<\/sup>\u00c9 valiosa a ora\u00e7\u00e3o com o jejum, e a esmola com a justi\u00e7a. Melhor \u00e9 pouco com justi\u00e7a do que muito com iniquidade. Melhor \u00e9 dar esmolas do que acumular tesouros.&nbsp;<sup>9<\/sup>A esmola livra da morte e purifica de todo pecado. Os que d\u00e3o esmola ser\u00e3o saciados de vida.&nbsp;<sup>10<\/sup>Aqueles, por\u00e9m, que cometem o pecado e a injusti\u00e7a s\u00e3o inimigos de si mesmos.&nbsp;<sup>11<\/sup>E agora vos manifestarei toda a verdade, sem vos ocultar coisa alguma. J\u00e1 vos declarei e disse: \u2018\u00c9 bom guardar o segredo do rei, mas as obras de Deus devem ser reveladas com a gl\u00f3ria devida\u2019.&nbsp;<sup>12<\/sup>Pois bem, quando tu e Sara faz\u00edeis ora\u00e7\u00e3o, eu apresentava o memorial da vossa prece diante da gl\u00f3ria do Senhor. E fazia o mesmo quando tu, Tobit, enterravas os mortos.&nbsp;<sup>13<\/sup>Quando n\u00e3o hesitaste em levantar-te da mesa, deixando a refei\u00e7\u00e3o e saindo para sepultar um morto, fui enviado a ti para te p\u00f4r \u00e0 prova.&nbsp;<sup>14<\/sup>Mas Deus enviou-me, tamb\u00e9m, para te curar a ti e a Sara, tua nora.&nbsp;<sup>15<\/sup>Eu sou Rafael, um dos sete anjos que permanecem diante da gl\u00f3ria do Senhor e t\u00eam acesso \u00e0 sua presen\u00e7a.&nbsp;<sup>20<\/sup>Agora, bendizei o Senhor sobre a terra e dai gra\u00e7as a Deus. Eis que subo para junto de quem me enviou. Escrevei tudo o que vos aconteceu\u201d. E o anjo desapareceu. \u2013 Palavra do Senhor.<\/p>\n\n\n\n<p>Salmo Responsorial:&nbsp;<strong>Tb 13<\/strong><\/p>\n\n\n\n<p><em><strong>Bendito seja Deus, que vive eternamente!<\/strong><\/em><\/p>\n\n\n\n<p>1. Porque v\u00f3s castigais e salvais,&nbsp;\/&nbsp;fazeis descer aos abismos da terra&nbsp;\/&nbsp;e de l\u00e1 nos trazeis novamente:&nbsp;\/&nbsp;de vossa m\u00e3o nada pode escapar.&nbsp;\u2013 R.<\/p>\n\n\n\n<p>2. Compreendei o que fez para n\u00f3s,&nbsp;\/&nbsp;dai-lhe gra\u00e7as com todo o respeito!&nbsp;\/&nbsp;Vossas obras celebrem a Deus&nbsp;\/&nbsp;e exaltem o rei sempiterno!&nbsp;\u2013 R.<\/p>\n\n\n\n<p>3. Eu desejo, de toda a minha alma,&nbsp;\/&nbsp;alegrar-me em Deus, rei dos c\u00e9us.&nbsp;\u2013 R.<\/p>\n\n\n\n<p>4. Bendizei o Senhor, seus eleitos,&nbsp;\/&nbsp;fazei festa e alegres louvai-o!&nbsp;\u2013 R.<\/p>\n\n\n\n<p>Evangelho:&nbsp;<strong>Marcos 12,38-44<\/strong><\/p>\n\n\n\n<p><strong><em>Aleluia, aleluia, aleluia.<\/em><\/strong><\/p>\n\n\n\n<p><strong>Felizes os humildes de esp\u00edrito,&nbsp;\/&nbsp;porque deles \u00e9 o Reino dos C\u00e9us (Mt 5,3).&nbsp;\u2013 R.<\/strong><\/p>\n\n\n\n<p>Proclama\u00e7\u00e3o do Evangelho de Jesus Cristo segundo Marcos \u2013 Naquele tempo,&nbsp;<sup>38<\/sup>Jesus dizia, no seu ensinamento, \u00e0 multid\u00e3o: \u201cTomai cuidado com os doutores da Lei! Eles gostam de andar com roupas vistosas, de ser cumprimentados nas pra\u00e7as p\u00fablicas;&nbsp;<sup>39<\/sup>gostam das primeiras cadeiras nas sinagogas e dos melhores lugares nos banquetes.&nbsp;<sup>40<\/sup>Eles devoram as casas das vi\u00favas, fingindo fazer longas ora\u00e7\u00f5es. Por isso eles receber\u00e3o a pior condena\u00e7\u00e3o\u201d.&nbsp;<sup>41<\/sup>Jesus estava sentado no templo, diante do cofre das esmolas, e observava como a multid\u00e3o depositava suas moedas no cofre. Muitos ricos depositavam grandes quantias.&nbsp;<sup>42<\/sup>Ent\u00e3o chegou uma pobre vi\u00fava que deu duas pequenas moedas, que n\u00e3o valiam quase nada.&nbsp;<sup>43<\/sup>Jesus chamou os disc\u00edpulos e disse: \u201cEm verdade vos digo, esta pobre vi\u00fava deu mais do que todos os outros que ofereceram esmolas.&nbsp;<sup>44<\/sup>Todos deram do que tinham de sobra, enquanto ela, na sua pobreza, ofereceu tudo aquilo que possu\u00eda para viver\u201d. \u2013 Palavra da salva\u00e7\u00e3o.<\/p>\n\n\n\n<p>Reflex\u00e3o:<\/p>\n\n\n\n<p><em>Duas imagens contrastantes. De um lado, a explora\u00e7\u00e3o e a vaidade: homens letrados, os doutores da Lei. Do outro lado, a pobreza extrema e a generosidade: a mulher marginalizada, a vi\u00fava pobre. Jesus pede nossa aten\u00e7\u00e3o para os dois quadros. Primeiramente observar os doutores da Lei, para n\u00e3o imitar suas atitudes, pois fazem tudo para se colocarem em evid\u00eancia pelas roupas, lugares de honra e busca de aplausos da sociedade. Pior que isso \u00e9 o fato de explorarem pessoas que, pela pr\u00f3pria condi\u00e7\u00e3o, j\u00e1 vivem na pobreza extrema. Depois, Jesus nos convida a imitar o comportamento da vi\u00fava: sem recursos, mas desapegada, a ponto de depositar no cofre do templo tudo o que tinha para sua sobreviv\u00eancia. Na comunidade crist\u00e3, n\u00e3o s\u00e3o os t\u00edtulos e honrarias que contam, mas a generosidade discreta.<\/em><\/p>\n","protected":false},"excerpt":{"rendered":"<p>Olhai para mim, Senhor, e tende piedade, pois vivo sozinho e infeliz. Vede minha mis\u00e9ria e minha dor e perdoai todos os meus pecados! (Sl 24,16.18) Deus recompensa toda pessoa que pratica o&#8230;<\/p>\n","protected":false},"author":2,"featured_media":20374,"comment_status":"open","ping_status":"open","sticky":false,"template":"","format":"standard","meta":[],"categories":[7],"tags":[],"_links":{"self":[{"href":"https:\/\/www.salvatorianas.org.br\/blog\/wp-json\/wp\/v2\/posts\/20373"}],"collection":[{"href":"https:\/\/www.salvatorianas.org.br\/blog\/wp-json\/wp\/v2\/posts"}],"about":[{"href":"https:\/\/www.salvatorianas.org.br\/blog\/wp-json\/wp\/v2\/types\/post"}],"author":[{"embeddable":true,"href":"https:\/\/www.salvatorianas.org.br\/blog\/wp-json\/wp\/v2\/users\/2"}],"replies":[{"embeddable":true,"href":"https:\/\/www.salvatorianas.org.br\/blog\/wp-json\/wp\/v2\/comments?post=20373"}],"version-history":[{"count":1,"href":"https:\/\/www.salvatorianas.org.br\/blog\/wp-json\/wp\/v2\/posts\/20373\/revisions"}],"predecessor-version":[{"id":20375,"href":"https:\/\/www.salvatorianas.org.br\/blog\/wp-json\/wp\/v2\/posts\/20373\/revisions\/20375"}],"wp:featuredmedia":[{"embeddable":true,"href":"https:\/\/www.salvatorianas.org.br\/blog\/wp-json\/wp\/v2\/media\/20374"}],"wp:attachment":[{"href":"https:\/\/www.salvatorianas.org.br\/blog\/wp-json\/wp\/v2\/media?parent=20373"}],"wp:term":[{"taxonomy":"category","embeddable":true,"href":"https:\/\/www.salvatorianas.org.br\/blog\/wp-json\/wp\/v2\/categories?post=20373"},{"taxonomy":"post_tag","embeddable":true,"href":"https:\/\/www.salvatorianas.org.br\/blog\/wp-json\/wp\/v2\/tags?post=20373"}],"curies":[{"name":"wp","href":"https:\/\/api.w.org\/{rel}","templated":true}]}}