{"id":20364,"date":"2023-06-07T01:00:00","date_gmt":"2023-06-07T01:00:00","guid":{"rendered":"https:\/\/www.salvatorianas.org.br\/blog\/?p=20364"},"modified":"2023-06-06T22:15:56","modified_gmt":"2023-06-06T22:15:56","slug":"9a-semana-do-tempo-comum-ano-impar-i-2","status":"publish","type":"post","link":"https:\/\/www.salvatorianas.org.br\/blog\/9a-semana-do-tempo-comum-ano-impar-i-2\/","title":{"rendered":"9\u00aa Semana do Tempo Comum, Ano \u00cdmpar (I)"},"content":{"rendered":"\n<p>Olhai para mim, Senhor, e tende piedade, pois vivo sozinho e infeliz. Vede minha mis\u00e9ria e minha dor e perdoai todos os meus pecados! (Sl 24,16.18)<\/p>\n\n\n\n<p><em>Deus vem em socorro das pessoas que, abatidas pela amargura, a ele se dirigem com total confian\u00e7a: \u201cTu \u00e9s bendito, Deus de miseric\u00f3rdia, e \u00e9 bendito eternamente o teu nome\u201d. Saibamos dar o primeiro lugar \u00e0 ora\u00e7\u00e3o, alento de vida e esperan\u00e7a particularmente para os casais e as fam\u00edlias.<\/em><\/p>\n\n\n\n<p>Primeira Leitura:&nbsp;<strong>Tobias 3,1-11.16-17<\/strong><\/p>\n\n\n\n<p>Leitura do livro de Tobias \u2013 Naqueles dias,&nbsp;<sup>1<\/sup>tomado de grande tristeza, pus-me a suspirar e a chorar. E, depois, comecei a rezar, entre gemidos:&nbsp;<sup>2<\/sup>\u201cSenhor, tu \u00e9s justo, e justas s\u00e3o todas as tuas obras. Todos os teus caminhos s\u00e3o miseric\u00f3rdia e verdade e \u00e9s tu quem julga o mundo.&nbsp;<sup>3<\/sup>Agora, Senhor, lembra-te de mim, olha para mim e n\u00e3o me castigues por causa de meus pecados, de minhas transgress\u00f5es ou de meus pais, que pecaram diante de ti.&nbsp;<sup>4<\/sup>Porque n\u00e3o obedecemos aos teus preceitos, entregaste-nos \u00e0 pilhagem, ao cativeiro e \u00e0 morte e fizeste de n\u00f3s assunto de prov\u00e9rbios, alvo de zombaria e de inj\u00faria em todas as na\u00e7\u00f5es entre as quais nos dispersaste.&nbsp;<sup>5<\/sup>Agora, por\u00e9m, vejo que s\u00e3o verdadeiros os teus numerosos julgamentos, quando me tratas segundo os meus pecados e os pecados de meus pais, pois n\u00e3o cumprimos teus mandamentos nem caminhamos na verdade diante de ti.&nbsp;<sup>6<\/sup>Trata-me, pois, como te aprouver. Ordena que seja retomado de mim o meu esp\u00edrito, para que eu desapare\u00e7a da face da terra e me transforme em terra. Para mim \u00e9 melhor morrer do que viver, pois tenho ouvido inj\u00farias caluniosas e sinto em mim profunda tristeza. Senhor, ordena que eu seja libertado desta ang\u00fastia. Deixa-me ir para a morada eterna e n\u00e3o afastes, Senhor, de mim a tua face. Para mim \u00e9 prefer\u00edvel morrer a ver t\u00e3o grande ang\u00fastia em minha vida, ouvindo ainda tais inj\u00farias\u201d.&nbsp;<sup>7<\/sup>Naquele mesmo dia, Sara, filha de Raguel, que morava em Ecb\u00e1tana, na M\u00e9dia, teve tamb\u00e9m que ouvir inj\u00farias de uma das escravas de seu pai.&nbsp;<sup>8<\/sup>Ela fora dada em casamento a sete homens, mas o perverso dem\u00f4nio Asmodeu havia-os matado antes de estarem com ela como esposa. A escrava disse-lhe: \u201c\u00c9s tu que sufocas teus maridos! J\u00e1 foste dada a sete homens e de nenhum at\u00e9 agora tiveste proveito.&nbsp;<sup>9<\/sup>Por que nos espancas por terem morrido os teus maridos? Vai-te embora com eles e jamais vejamos filho ou filha nascidos de ti!\u201d&nbsp;<sup>10<\/sup>Naquele dia, Sara ficou com a alma cheia de tristeza e p\u00f4s-se a chorar. E subiu ao aposento de seu pai, no andar superior, com a inten\u00e7\u00e3o de se enforcar. Mas, pensando melhor, disse consigo mesma: \u201cN\u00e3o quero que venham injuriar a meu pai e dizer-lhe: \u201cTinhas uma filha muito querida e ela enforcou-se por causa de suas desgra\u00e7as\u2019. Assim, eu faria baixar \u00e0 sepultura a velhice amargurada de meu pai. \u00c9 melhor para mim, em vez de me enforcar, pedir ao Senhor que me fa\u00e7a morrer, para n\u00e3o mais ouvir inj\u00farias em minha vida\u201d.&nbsp;<sup>11<\/sup>No mesmo instante, estendendo as m\u00e3os em dire\u00e7\u00e3o \u00e0 janela, fez esta ora\u00e7\u00e3o: \u201cTu \u00e9s bendito, Deus de miseric\u00f3rdia, e \u00e9 bendito eternamente o teu nome!\u201d&nbsp;<sup>16<\/sup>Na mesma hora, a prece dos dois foi ouvida perante a gl\u00f3ria de Deus.&nbsp;<sup>17<\/sup>E Rafael foi enviado para curar a ambos. \u2013 Palavra do Senhor.<\/p>\n\n\n\n<p>Salmo Responsorial:&nbsp;<strong>24(25)<\/strong><\/p>\n\n\n\n<p><em><strong>A v\u00f3s, Senhor, eu elevo a minha alma.<\/strong><\/em><\/p>\n\n\n\n<p>1. Senhor meu Deus, a v\u00f3s elevo a minha alma,&nbsp;\u2020&nbsp;em v\u00f3s confio: que eu n\u00e3o seja envergonhado&nbsp;\/&nbsp;nem triunfem sobre mim os inimigos!&nbsp;\/&nbsp;N\u00e3o se envergonha quem em v\u00f3s p\u00f5e a esperan\u00e7a,&nbsp;\/&nbsp;mas, sim, quem nega por um nada a sua f\u00e9.&nbsp;\u2013 R.<\/p>\n\n\n\n<p>2. Mostrai-me, \u00f3 Senhor, vossos caminhos,&nbsp;\/&nbsp;fazei-me conhecer a vossa estrada!&nbsp;\/&nbsp;Vossa verdade me oriente e me conduza,&nbsp;\u2020&nbsp;porque sois o Deus da minha salva\u00e7\u00e3o;&nbsp;\/&nbsp;em v\u00f3s espero, \u00f3 Senhor, todos os dias!&nbsp;\u2013 R.<\/p>\n\n\n\n<p>3. Recordai, Senhor meu Deus, vossa ternura&nbsp;\/&nbsp;e a vossa compaix\u00e3o, que s\u00e3o eternas!&nbsp;\/&nbsp;De mim lembrai-vos, porque sois miseric\u00f3rdia&nbsp;\/&nbsp;e sois bondade sem limites, \u00f3 Senhor!&nbsp;\u2013 R.<\/p>\n\n\n\n<p>4. O Senhor \u00e9 piedade e retid\u00e3o&nbsp;\/&nbsp;e reconduz ao bom caminho os pecadores.&nbsp;\/&nbsp;Ele dirige os humildes na justi\u00e7a&nbsp;\/&nbsp;e aos pobres ele ensina o seu caminho.&nbsp;\u2013 R.<\/p>\n\n\n\n<p>Evangelho:&nbsp;<strong>Marcos 12,18-27<\/strong><\/p>\n\n\n\n<p><strong><em>Aleluia, aleluia, aleluia.<\/em><\/strong><\/p>\n\n\n\n<p><strong>Eu sou a ressurrei\u00e7\u00e3o, eu sou a vida,&nbsp;\/&nbsp;quem cr\u00ea em mim, ainda que morra, viver\u00e1 (Jo 11,25s).&nbsp;\u2013 R.<\/strong><\/p>\n\n\n\n<p>Proclama\u00e7\u00e3o do Evangelho de Jesus Cristo segundo Marcos \u2013 Naquele tempo,&nbsp;<sup>18<\/sup>vieram ter com Jesus alguns saduceus, os quais afirmam que n\u00e3o existe ressurrei\u00e7\u00e3o, e lhe propuseram este caso:&nbsp;<sup>19<\/sup>\u201cMestre, Mois\u00e9s deu-nos esta prescri\u00e7\u00e3o: se morrer o irm\u00e3o de algu\u00e9m e deixar a esposa sem filhos, o irm\u00e3o desse homem deve casar-se com a vi\u00fava, a fim de garantir a descend\u00eancia de seu irm\u00e3o.&nbsp;<sup>20<\/sup>Ora, havia sete irm\u00e3os; o mais velho casou-se e morreu sem deixar descend\u00eancia.&nbsp;<sup>21<\/sup>O segundo casou-se com a vi\u00fava e morreu sem deixar descend\u00eancia. E a mesma coisa aconteceu com o terceiro.&nbsp;<sup>22<\/sup>E nenhum dos sete deixou descend\u00eancia. Por \u00faltimo, morreu tamb\u00e9m a mulher.&nbsp;<sup>23<\/sup>Na ressurrei\u00e7\u00e3o, quando eles ressuscitarem, de quem ser\u00e1 ela mulher? Porque os sete se casaram com ela!\u201d&nbsp;<sup>24<\/sup>Jesus respondeu: \u201cAcaso, v\u00f3s n\u00e3o estais enganados por n\u00e3o conhecerdes as Escrituras nem o poder de Deus?&nbsp;<sup>25<\/sup>Com efeito, quando os mortos ressuscitarem, os homens e as mulheres n\u00e3o se casar\u00e3o, pois ser\u00e3o como os anjos do c\u00e9u.<sup>&nbsp;26<\/sup>Quanto ao fato da ressurrei\u00e7\u00e3o dos mortos, n\u00e3o lestes no livro de Mois\u00e9s, na passagem da sar\u00e7a ardente, como Deus lhe falou: \u2018Eu sou o Deus de Abra\u00e3o, o Deus de Isaac e o Deus de Jac\u00f3\u2019?&nbsp;<sup>27<\/sup>Ora, ele n\u00e3o \u00e9 Deus de mortos, mas de vivos! V\u00f3s estais muito enganados\u201d. \u2013 Palavra da salva\u00e7\u00e3o.<\/p>\n\n\n\n<p>Reflex\u00e3o:<\/p>\n\n\n\n<p><em>Os saduceus, muito voltados para as realidades presentes, rejeitam o ensinamento dos fariseus sobre a ressurrei\u00e7\u00e3o. Apresentam a Jesus uma quest\u00e3o: Na vida eterna, de quem ser\u00e1 esposa uma mulher que ficou vi\u00fava sete vezes, e sete vezes casou novamente? Jesus esclarece que essa obje\u00e7\u00e3o se funda sobre uma vis\u00e3o err\u00f4nea a respeito da vida futura. Primeiro, a vida ap\u00f3s a morte dispensar\u00e1 a mat\u00e9ria; todos ser\u00e3o seres espirituais, como anjos de Deus; em outras palavras, participantes da vida imortal, que n\u00e3o necessita de reprodu\u00e7\u00e3o. Segundo, contrariando a cren\u00e7a dos saduceus, Jesus refor\u00e7a o que a B\u00edblia ensina: Deus \u00e9 Deus dos vivos e n\u00e3o dos mortos. Sendo o Deus da vida, n\u00e3o criou ningu\u00e9m para a morte, mas para a vida definitiva com ele. Aqueles que o amam n\u00e3o morrer\u00e3o jamais.<\/em><\/p>\n","protected":false},"excerpt":{"rendered":"<p>Olhai para mim, Senhor, e tende piedade, pois vivo sozinho e infeliz. Vede minha mis\u00e9ria e minha dor e perdoai todos os meus pecados! (Sl 24,16.18) Deus vem em socorro das pessoas que,&#8230;<\/p>\n","protected":false},"author":2,"featured_media":20365,"comment_status":"open","ping_status":"open","sticky":false,"template":"","format":"standard","meta":[],"categories":[7],"tags":[],"_links":{"self":[{"href":"https:\/\/www.salvatorianas.org.br\/blog\/wp-json\/wp\/v2\/posts\/20364"}],"collection":[{"href":"https:\/\/www.salvatorianas.org.br\/blog\/wp-json\/wp\/v2\/posts"}],"about":[{"href":"https:\/\/www.salvatorianas.org.br\/blog\/wp-json\/wp\/v2\/types\/post"}],"author":[{"embeddable":true,"href":"https:\/\/www.salvatorianas.org.br\/blog\/wp-json\/wp\/v2\/users\/2"}],"replies":[{"embeddable":true,"href":"https:\/\/www.salvatorianas.org.br\/blog\/wp-json\/wp\/v2\/comments?post=20364"}],"version-history":[{"count":1,"href":"https:\/\/www.salvatorianas.org.br\/blog\/wp-json\/wp\/v2\/posts\/20364\/revisions"}],"predecessor-version":[{"id":20366,"href":"https:\/\/www.salvatorianas.org.br\/blog\/wp-json\/wp\/v2\/posts\/20364\/revisions\/20366"}],"wp:featuredmedia":[{"embeddable":true,"href":"https:\/\/www.salvatorianas.org.br\/blog\/wp-json\/wp\/v2\/media\/20365"}],"wp:attachment":[{"href":"https:\/\/www.salvatorianas.org.br\/blog\/wp-json\/wp\/v2\/media?parent=20364"}],"wp:term":[{"taxonomy":"category","embeddable":true,"href":"https:\/\/www.salvatorianas.org.br\/blog\/wp-json\/wp\/v2\/categories?post=20364"},{"taxonomy":"post_tag","embeddable":true,"href":"https:\/\/www.salvatorianas.org.br\/blog\/wp-json\/wp\/v2\/tags?post=20364"}],"curies":[{"name":"wp","href":"https:\/\/api.w.org\/{rel}","templated":true}]}}