{"id":20345,"date":"2023-06-06T01:00:00","date_gmt":"2023-06-06T01:00:00","guid":{"rendered":"https:\/\/www.salvatorianas.org.br\/blog\/?p=20345"},"modified":"2023-06-05T20:30:14","modified_gmt":"2023-06-05T20:30:14","slug":"9a-semana-do-tempo-comum-ano-impar-i","status":"publish","type":"post","link":"https:\/\/www.salvatorianas.org.br\/blog\/9a-semana-do-tempo-comum-ano-impar-i\/","title":{"rendered":"9\u00aa Semana do Tempo Comum, Ano \u00cdmpar (I)"},"content":{"rendered":"\n<p>Olhai para mim, Senhor, e tende piedade, pois vivo sozinho e infeliz. Vede minha mis\u00e9ria e minha dor e perdoai todos os meus pecados! (Sl 24,16.18)<\/p>\n\n\n\n<p><em>A harmonia na vida familiar sup\u00f5e o exerc\u00edcio da paci\u00eancia e da compreens\u00e3o m\u00fatuas, unidas \u00e0 ora\u00e7\u00e3o, em que se invocam as luzes divinas: \u201cEsperando em Deus, seu cora\u00e7\u00e3o est\u00e1 seguro\u201d. Esta liturgia nos inspire a sempre dar o melhor de n\u00f3s a Deus e \u00e0s pessoas.<\/em><\/p>\n\n\n\n<p>Primeira Leitura:&nbsp;<strong>Tobias 2,9-14<\/strong><\/p>\n\n\n\n<p>Leitura do livro de Tobias \u2013 Eu, Tobit, na noite de Pentecostes, depois de ter sepultado um morto,&nbsp;<sup>9<\/sup>tomei banho, entrei no p\u00e1tio de minha casa e deitei-me junto \u00e0 parede do p\u00e1tio, deixando o rosto descoberto por causa do calor.&nbsp;<sup>10<\/sup>N\u00e3o sabia que, na parede, por cima de mim, havia pardais aninhados. Seu excremento quente caiu nos meus olhos e provocou manchas brancas. Fui procurar os m\u00e9dicos para me tratarem. Quanto mais rem\u00e9dios me aplicavam, mais meus olhos se obscureciam com as manchas, at\u00e9 que fiquei completamente cego. Durante quatro anos estive privado da vista. Todos os meus irm\u00e3os se afligiram por minha causa. Aicar cuidou do meu sustento durante dois anos, at\u00e9 que partiu para Elimaida.&nbsp;<sup>11<\/sup>Naquela ocasi\u00e3o, Ana, minha mulher, dedicou-se a trabalhos femininos, tecendo l\u00e3.&nbsp;<sup>12<\/sup>Entregava o produto aos patr\u00f5es e estes lhe pagavam o sal\u00e1rio. No s\u00e9timo dia do m\u00eas de Distros, ela separou a pe\u00e7a de tecido que estava pronta e mandou-a aos patr\u00f5es. Estes pagaram-lhe todo o sal\u00e1rio e ainda lhe deram um cabrito para a mesa.&nbsp;<sup>13<\/sup>Quando entrou em minha casa, o cabrito come\u00e7ou a balar. Chamei minha mulher e perguntei-lhe: \u201cDe onde vem este cabrito? N\u00e3o ter\u00e1 sido roubado? Devolve-o a seus donos, pois n\u00e3o temos o direito de comer coisa alguma roubada\u201d.&nbsp;<sup>14<\/sup>Ela respondeu-me: \u201c\u00c9 um presente que me foi dado al\u00e9m do sal\u00e1rio\u201d. Mas n\u00e3o acreditei nela e insisti que o devolvesse aos patr\u00f5es, ficando bastante contrariado por causa disso. Ela ent\u00e3o replicou: \u201cOnde est\u00e3o as tuas esmolas? Onde est\u00e3o as tuas obras de justi\u00e7a? V\u00ea-se bem em ti o que elas s\u00e3o!\u201d \u2013 Palavra do Senhor.<\/p>\n\n\n\n<p>Salmo Responsorial:&nbsp;<strong>111(112)<\/strong><\/p>\n\n\n\n<p><em><strong>O cora\u00e7\u00e3o do justo \u00e9 firme e confiante no Senhor.<\/strong><\/em><\/p>\n\n\n\n<p>1. Feliz o homem que respeita o Senhor&nbsp;\/&nbsp;e que ama com carinho a sua lei!&nbsp;\/&nbsp;Sua descend\u00eancia ser\u00e1 forte sobre a terra,&nbsp;\/&nbsp;aben\u00e7oada a gera\u00e7\u00e3o dos homens retos!&nbsp;\u2013 R.<\/p>\n\n\n\n<p>2. Ele n\u00e3o teme receber not\u00edcias m\u00e1s:&nbsp;\/&nbsp;confiando em Deus, seu cora\u00e7\u00e3o est\u00e1 seguro.&nbsp;\/&nbsp;Seu cora\u00e7\u00e3o est\u00e1 tranquilo e nada teme,&nbsp;\/&nbsp;e confusos h\u00e1 de ver seus inimigos.&nbsp;\u2013 R.<\/p>\n\n\n\n<p>3. Ele reparte com os pobres os seus bens,&nbsp;\u2020&nbsp;permanece para sempre o bem que fez,&nbsp;\/&nbsp;e crescer\u00e3o a sua gl\u00f3ria e seu poder.&nbsp;\u2013 R.<\/p>\n\n\n\n<p>Evangelho:&nbsp;<strong>Marcos 12,13-17<\/strong><\/p>\n\n\n\n<p><strong><em>Aleluia, aleluia, aleluia.<\/em><\/strong><\/p>\n\n\n\n<p><strong>Que o Pai do Senhor Jesus Cristo&nbsp;\/&nbsp;vos d\u00ea do saber o Esp\u00edrito,&nbsp;\/&nbsp;para que conhe\u00e7ais a esperan\u00e7a&nbsp;\/&nbsp;reservada para v\u00f3s como heran\u00e7a! (Ef 1,17s)&nbsp;\u2013 R.<\/strong><\/p>\n\n\n\n<p>Proclama\u00e7\u00e3o do Evangelho de Jesus Cristo segundo Marcos \u2013 Naquele tempo,&nbsp;<sup>13<\/sup>as autoridades mandaram alguns fariseus e alguns partid\u00e1rios de Herodes para apanharem Jesus em alguma palavra.&nbsp;<sup>14<\/sup>Quando chegaram, disseram a Jesus: \u201cMestre, sabemos que tu \u00e9s verdadeiro e n\u00e3o d\u00e1s prefer\u00eancia a ningu\u00e9m. Com efeito, tu n\u00e3o olhas para as apar\u00eancias do homem, mas ensinas, com verdade, o caminho de Deus. Dize-nos: \u00e9 l\u00edcito ou n\u00e3o pagar o imposto a C\u00e9sar? Devemos pagar ou n\u00e3o?\u201d&nbsp;<sup>15<\/sup>Jesus percebeu a hipocrisia deles e respondeu: \u201cPor que me tentais? Trazei-me uma moeda, para que eu a veja\u201d.&nbsp;<sup>16<\/sup>Eles levaram a moeda, e Jesus perguntou: \u201cDe quem \u00e9 a figura e a inscri\u00e7\u00e3o que est\u00e3o nessa moeda?\u201d Eles responderam: \u201cDe C\u00e9sar\u201d.&nbsp;<sup>17<\/sup>Ent\u00e3o Jesus disse: \u201cDai, pois, a C\u00e9sar o que \u00e9 de C\u00e9sar e a Deus o que \u00e9 de Deus\u201d. E eles ficaram admirados com Jesus. \u2013 Palavra da salva\u00e7\u00e3o.<\/p>\n\n\n\n<p>Reflex\u00e3o:<\/p>\n\n\n\n<p><em>Talvez atordoados com a conclus\u00e3o da par\u00e1bola dos vinhateiros, os chefes do povo se retraem e empurram para a frente um grupo composto de fariseus e partid\u00e1rios de Herodes, a fim de enfrentarem Jesus. Eles v\u00eam armados de mal\u00edcia, sedentos para ver Jesus tomar partido em quest\u00f5es pol\u00edticas. Se disser que se deve pagar o tributo ao imperador (posi\u00e7\u00e3o dos herodianos), Jesus se colocar\u00e1 contra o povo; se disser que n\u00e3o se deve pagar (posi\u00e7\u00e3o dos fariseus), poder\u00e1 ser enquadrado pela autoridade romana. Jesus n\u00e3o faz uma avalia\u00e7\u00e3o pol\u00edtica sobre o que \u00e9 bom ou ruim no estado romano, por\u00e9m afirma um princ\u00edpio moral: Deus \u00e9 o rei supremo a quem devemos servir. Quanto ao povo, seja tratado com respeito e n\u00e3o como v\u00edtima de explora\u00e7\u00e3o de qualquer poder pol\u00edtico: \u201cDevolvam a C\u00e9sar o que \u00e9 de C\u00e9sar, e a Deus o que \u00e9 de Deus\u201d.<\/em>(Dia a Dia com o Evangelho 2023)<\/p>\n\n\n\n<p>Olhai para mim, Senhor, e tende piedade, pois vivo sozinho e infeliz. Vede minha mis\u00e9ria e minha dor e perdoai todos os meus pecados! (Sl 24,16.18)<\/p>\n\n\n\n<p><em>A harmonia na vida familiar sup\u00f5e o exerc\u00edcio da paci\u00eancia e da compreens\u00e3o m\u00fatuas, unidas \u00e0 ora\u00e7\u00e3o, em que se invocam as luzes divinas: \u201cEsperando em Deus, seu cora\u00e7\u00e3o est\u00e1 seguro\u201d. Esta liturgia nos inspire a sempre dar o melhor de n\u00f3s a Deus e \u00e0s pessoas.<\/em><\/p>\n\n\n\n<p>Primeira Leitura:&nbsp;<strong>Tobias 2,9-14<\/strong><\/p>\n\n\n\n<p>Leitura do livro de Tobias \u2013 Eu, Tobit, na noite de Pentecostes, depois de ter sepultado um morto,&nbsp;<sup>9<\/sup>tomei banho, entrei no p\u00e1tio de minha casa e deitei-me junto \u00e0 parede do p\u00e1tio, deixando o rosto descoberto por causa do calor.&nbsp;<sup>10<\/sup>N\u00e3o sabia que, na parede, por cima de mim, havia pardais aninhados. Seu excremento quente caiu nos meus olhos e provocou manchas brancas. Fui procurar os m\u00e9dicos para me tratarem. Quanto mais rem\u00e9dios me aplicavam, mais meus olhos se obscureciam com as manchas, at\u00e9 que fiquei completamente cego. Durante quatro anos estive privado da vista. Todos os meus irm\u00e3os se afligiram por minha causa. Aicar cuidou do meu sustento durante dois anos, at\u00e9 que partiu para Elimaida.&nbsp;<sup>11<\/sup>Naquela ocasi\u00e3o, Ana, minha mulher, dedicou-se a trabalhos femininos, tecendo l\u00e3.&nbsp;<sup>12<\/sup>Entregava o produto aos patr\u00f5es e estes lhe pagavam o sal\u00e1rio. No s\u00e9timo dia do m\u00eas de Distros, ela separou a pe\u00e7a de tecido que estava pronta e mandou-a aos patr\u00f5es. Estes pagaram-lhe todo o sal\u00e1rio e ainda lhe deram um cabrito para a mesa.&nbsp;<sup>13<\/sup>Quando entrou em minha casa, o cabrito come\u00e7ou a balar. Chamei minha mulher e perguntei-lhe: \u201cDe onde vem este cabrito? N\u00e3o ter\u00e1 sido roubado? Devolve-o a seus donos, pois n\u00e3o temos o direito de comer coisa alguma roubada\u201d.&nbsp;<sup>14<\/sup>Ela respondeu-me: \u201c\u00c9 um presente que me foi dado al\u00e9m do sal\u00e1rio\u201d. Mas n\u00e3o acreditei nela e insisti que o devolvesse aos patr\u00f5es, ficando bastante contrariado por causa disso. Ela ent\u00e3o replicou: \u201cOnde est\u00e3o as tuas esmolas? Onde est\u00e3o as tuas obras de justi\u00e7a? V\u00ea-se bem em ti o que elas s\u00e3o!\u201d \u2013 Palavra do Senhor.<\/p>\n\n\n\n<p>Salmo Responsorial:&nbsp;<strong>111(112)<\/strong><\/p>\n\n\n\n<p><em><strong>O cora\u00e7\u00e3o do justo \u00e9 firme e confiante no Senhor.<\/strong><\/em><\/p>\n\n\n\n<p>1. Feliz o homem que respeita o Senhor&nbsp;\/&nbsp;e que ama com carinho a sua lei!&nbsp;\/&nbsp;Sua descend\u00eancia ser\u00e1 forte sobre a terra,&nbsp;\/&nbsp;aben\u00e7oada a gera\u00e7\u00e3o dos homens retos!&nbsp;\u2013 R.<\/p>\n\n\n\n<p>2. Ele n\u00e3o teme receber not\u00edcias m\u00e1s:&nbsp;\/&nbsp;confiando em Deus, seu cora\u00e7\u00e3o est\u00e1 seguro.&nbsp;\/&nbsp;Seu cora\u00e7\u00e3o est\u00e1 tranquilo e nada teme,&nbsp;\/&nbsp;e confusos h\u00e1 de ver seus inimigos.&nbsp;\u2013 R.<\/p>\n\n\n\n<p>3. Ele reparte com os pobres os seus bens,&nbsp;\u2020&nbsp;permanece para sempre o bem que fez,&nbsp;\/&nbsp;e crescer\u00e3o a sua gl\u00f3ria e seu poder.&nbsp;\u2013 R.<\/p>\n\n\n\n<p>Evangelho:&nbsp;<strong>Marcos 12,13-17<\/strong><\/p>\n\n\n\n<p><strong><em>Aleluia, aleluia, aleluia.<\/em><\/strong><\/p>\n\n\n\n<p><strong>Que o Pai do Senhor Jesus Cristo&nbsp;\/&nbsp;vos d\u00ea do saber o Esp\u00edrito,&nbsp;\/&nbsp;para que conhe\u00e7ais a esperan\u00e7a&nbsp;\/&nbsp;reservada para v\u00f3s como heran\u00e7a! (Ef 1,17s)&nbsp;\u2013 R.<\/strong><\/p>\n\n\n\n<p>Proclama\u00e7\u00e3o do Evangelho de Jesus Cristo segundo Marcos \u2013 Naquele tempo,&nbsp;<sup>13<\/sup>as autoridades mandaram alguns fariseus e alguns partid\u00e1rios de Herodes para apanharem Jesus em alguma palavra.&nbsp;<sup>14<\/sup>Quando chegaram, disseram a Jesus: \u201cMestre, sabemos que tu \u00e9s verdadeiro e n\u00e3o d\u00e1s prefer\u00eancia a ningu\u00e9m. Com efeito, tu n\u00e3o olhas para as apar\u00eancias do homem, mas ensinas, com verdade, o caminho de Deus. Dize-nos: \u00e9 l\u00edcito ou n\u00e3o pagar o imposto a C\u00e9sar? Devemos pagar ou n\u00e3o?\u201d&nbsp;<sup>15<\/sup>Jesus percebeu a hipocrisia deles e respondeu: \u201cPor que me tentais? Trazei-me uma moeda, para que eu a veja\u201d.&nbsp;<sup>16<\/sup>Eles levaram a moeda, e Jesus perguntou: \u201cDe quem \u00e9 a figura e a inscri\u00e7\u00e3o que est\u00e3o nessa moeda?\u201d Eles responderam: \u201cDe C\u00e9sar\u201d.&nbsp;<sup>17<\/sup>Ent\u00e3o Jesus disse: \u201cDai, pois, a C\u00e9sar o que \u00e9 de C\u00e9sar e a Deus o que \u00e9 de Deus\u201d. E eles ficaram admirados com Jesus. \u2013 Palavra da salva\u00e7\u00e3o.<\/p>\n\n\n\n<p>Reflex\u00e3o:<\/p>\n\n\n\n<p><em>Talvez atordoados com a conclus\u00e3o da par\u00e1bola dos vinhateiros, os chefes do povo se retraem e empurram para a frente um grupo composto de fariseus e partid\u00e1rios de Herodes, a fim de enfrentarem Jesus. Eles v\u00eam armados de mal\u00edcia, sedentos para ver Jesus tomar partido em quest\u00f5es pol\u00edticas. Se disser que se deve pagar o tributo ao imperador (posi\u00e7\u00e3o dos herodianos), Jesus se colocar\u00e1 contra o povo; se disser que n\u00e3o se deve pagar (posi\u00e7\u00e3o dos fariseus), poder\u00e1 ser enquadrado pela autoridade romana. Jesus n\u00e3o faz uma avalia\u00e7\u00e3o pol\u00edtica sobre o que \u00e9 bom ou ruim no estado romano, por\u00e9m afirma um princ\u00edpio moral: Deus \u00e9 o rei supremo a quem devemos servir. Quanto ao povo, seja tratado com respeito e n\u00e3o como v\u00edtima de explora\u00e7\u00e3o de qualquer poder pol\u00edtico: \u201cDevolvam a C\u00e9sar o que \u00e9 de C\u00e9sar, e a Deus o que \u00e9 de Deus\u201d.<\/em><\/p>\n","protected":false},"excerpt":{"rendered":"<p>Olhai para mim, Senhor, e tende piedade, pois vivo sozinho e infeliz. Vede minha mis\u00e9ria e minha dor e perdoai todos os meus pecados! (Sl 24,16.18) A harmonia na vida familiar sup\u00f5e o&#8230;<\/p>\n","protected":false},"author":2,"featured_media":20346,"comment_status":"open","ping_status":"open","sticky":false,"template":"","format":"standard","meta":[],"categories":[7],"tags":[],"_links":{"self":[{"href":"https:\/\/www.salvatorianas.org.br\/blog\/wp-json\/wp\/v2\/posts\/20345"}],"collection":[{"href":"https:\/\/www.salvatorianas.org.br\/blog\/wp-json\/wp\/v2\/posts"}],"about":[{"href":"https:\/\/www.salvatorianas.org.br\/blog\/wp-json\/wp\/v2\/types\/post"}],"author":[{"embeddable":true,"href":"https:\/\/www.salvatorianas.org.br\/blog\/wp-json\/wp\/v2\/users\/2"}],"replies":[{"embeddable":true,"href":"https:\/\/www.salvatorianas.org.br\/blog\/wp-json\/wp\/v2\/comments?post=20345"}],"version-history":[{"count":4,"href":"https:\/\/www.salvatorianas.org.br\/blog\/wp-json\/wp\/v2\/posts\/20345\/revisions"}],"predecessor-version":[{"id":20359,"href":"https:\/\/www.salvatorianas.org.br\/blog\/wp-json\/wp\/v2\/posts\/20345\/revisions\/20359"}],"wp:featuredmedia":[{"embeddable":true,"href":"https:\/\/www.salvatorianas.org.br\/blog\/wp-json\/wp\/v2\/media\/20346"}],"wp:attachment":[{"href":"https:\/\/www.salvatorianas.org.br\/blog\/wp-json\/wp\/v2\/media?parent=20345"}],"wp:term":[{"taxonomy":"category","embeddable":true,"href":"https:\/\/www.salvatorianas.org.br\/blog\/wp-json\/wp\/v2\/categories?post=20345"},{"taxonomy":"post_tag","embeddable":true,"href":"https:\/\/www.salvatorianas.org.br\/blog\/wp-json\/wp\/v2\/tags?post=20345"}],"curies":[{"name":"wp","href":"https:\/\/api.w.org\/{rel}","templated":true}]}}