{"id":20333,"date":"2023-06-03T11:43:59","date_gmt":"2023-06-03T11:43:59","guid":{"rendered":"https:\/\/www.salvatorianas.org.br\/blog\/?p=20333"},"modified":"2023-06-03T11:44:01","modified_gmt":"2023-06-03T11:44:01","slug":"comissao-interprovincial-de-formacao-salvatoriana","status":"publish","type":"post","link":"https:\/\/www.salvatorianas.org.br\/blog\/comissao-interprovincial-de-formacao-salvatoriana\/","title":{"rendered":"Comiss\u00e3o Interprovincial de Forma\u00e7\u00e3o\u00a0 Salvatoriana"},"content":{"rendered":"\n<figure class=\"wp-block-image size-large\"><img decoding=\"async\" loading=\"lazy\" width=\"1600\" height=\"800\" src=\"https:\/\/www.salvatorianas.org.br\/blog\/wp-content\/uploads\/2023\/06\/2-1024x512.jpg\" alt=\"\" class=\"wp-image-20334\" srcset=\"https:\/\/www.salvatorianas.org.br\/blog\/wp-content\/uploads\/2023\/06\/2-1024x512.jpg 1024w, https:\/\/www.salvatorianas.org.br\/blog\/wp-content\/uploads\/2023\/06\/2-300x150.jpg 300w, https:\/\/www.salvatorianas.org.br\/blog\/wp-content\/uploads\/2023\/06\/2-768x384.jpg 768w, https:\/\/www.salvatorianas.org.br\/blog\/wp-content\/uploads\/2023\/06\/2-1536x768.jpg 1536w, https:\/\/www.salvatorianas.org.br\/blog\/wp-content\/uploads\/2023\/06\/2.jpg 1600w\" sizes=\"(max-width: 1600px) 100vw, 1600px\" \/><\/figure>\n\n\n\n<p>Dia 1\u00ba e 02 de junho de 2023 esteve reunida, em Curitiba\/PR, a Comiss\u00e3o Interprovincial de Forma\u00e7\u00e3o das Irm\u00e3s Salvatorianas. Num clima de muita sororidade e partilha de vida, iluminadas pela m\u00edstica de Ema\u00fas, nos colocamos ao lado uma da outra para escutar e caminhar juntas.<\/p>\n\n\n\n<p>Foi dedicado tempo para tomar conhecimento e continuar refletindo, discernindo e reelaborando o plano interprovincial de forma\u00e7\u00e3o hol\u00edstica. Para tanto, deixamo-nos provocar e questionar sobre nossos m\u00e9todos e processos formativos confrontando com os desafios e da contemporaneidade.<\/p>\n\n\n\n<p>Diante das mudan\u00e7as socioculturais e tecnol\u00f3gicas necessitamos de bons projetos de forma\u00e7\u00e3o, n\u00e3o para repassar conhecimentos, mas para construir processos que transformem as pessoas, enquanto estas modificam o mundo para melhor. As aprendizagens n\u00e3o poder\u00e3o mais ser paralelas \u00e0 vida, elas ser\u00e3o a pr\u00f3pria vida, assim como a forma\u00e7\u00e3o n\u00e3o ser\u00e1 para a miss\u00e3o, mas a forma\u00e7\u00e3o em miss\u00e3o, assim como fez o mestre Jesus, pois a vida \u00e9 miss\u00e3o. O que exige uma mudan\u00e7a de paradigma e at\u00e9 da cultura formativa na vida religiosa.<\/p>\n\n\n\n<p>Sa\u00edmos da reuni\u00e3o com esperan\u00e7a e abertas aos movimentos da Divina Ruah nesse processo de ressignifica\u00e7\u00e3o da forma\u00e7\u00e3o que estamos nos propondo viver como prov\u00edncias brasileiras e que envolve toda as dimens\u00f5es de nossa vida. Muitos passos j\u00e1 foram dados e o caminho cada vez mais nos convida a avan\u00e7ar.<\/p>\n\n\n\n<p>Nossa gratid\u00e3o \u00e0s comunidades Pe. Jordan e Madre Maria pela acolhida sol\u00edcita e generosa!<\/p>\n\n\n\n<figure class=\"wp-block-image size-large\"><img decoding=\"async\" loading=\"lazy\" width=\"1024\" height=\"512\" src=\"https:\/\/www.salvatorianas.org.br\/blog\/wp-content\/uploads\/2023\/06\/3-1024x512.jpg\" alt=\"\" class=\"wp-image-20335\" srcset=\"https:\/\/www.salvatorianas.org.br\/blog\/wp-content\/uploads\/2023\/06\/3-1024x512.jpg 1024w, https:\/\/www.salvatorianas.org.br\/blog\/wp-content\/uploads\/2023\/06\/3-300x150.jpg 300w, https:\/\/www.salvatorianas.org.br\/blog\/wp-content\/uploads\/2023\/06\/3-768x384.jpg 768w, https:\/\/www.salvatorianas.org.br\/blog\/wp-content\/uploads\/2023\/06\/3-1536x768.jpg 1536w, https:\/\/www.salvatorianas.org.br\/blog\/wp-content\/uploads\/2023\/06\/3.jpg 1600w\" sizes=\"(max-width: 1024px) 100vw, 1024px\" \/><\/figure>\n\n\n\n<figure class=\"wp-block-image size-large\"><img decoding=\"async\" loading=\"lazy\" width=\"1200\" height=\"1600\" src=\"https:\/\/www.salvatorianas.org.br\/blog\/wp-content\/uploads\/2023\/06\/4-768x1024.jpg\" alt=\"\" class=\"wp-image-20336\" srcset=\"https:\/\/www.salvatorianas.org.br\/blog\/wp-content\/uploads\/2023\/06\/4-768x1024.jpg 768w, https:\/\/www.salvatorianas.org.br\/blog\/wp-content\/uploads\/2023\/06\/4-225x300.jpg 225w, https:\/\/www.salvatorianas.org.br\/blog\/wp-content\/uploads\/2023\/06\/4-1152x1536.jpg 1152w, https:\/\/www.salvatorianas.org.br\/blog\/wp-content\/uploads\/2023\/06\/4.jpg 1200w\" sizes=\"(max-width: 1200px) 100vw, 1200px\" \/><\/figure>\n\n\n\n<p><\/p>\n\n\n\n<figure class=\"wp-block-image size-large\"><img decoding=\"async\" loading=\"lazy\" width=\"1024\" height=\"512\" src=\"https:\/\/www.salvatorianas.org.br\/blog\/wp-content\/uploads\/2023\/06\/1-1-1024x512.jpg\" alt=\"\" class=\"wp-image-20337\" srcset=\"https:\/\/www.salvatorianas.org.br\/blog\/wp-content\/uploads\/2023\/06\/1-1-1024x512.jpg 1024w, https:\/\/www.salvatorianas.org.br\/blog\/wp-content\/uploads\/2023\/06\/1-1-300x150.jpg 300w, https:\/\/www.salvatorianas.org.br\/blog\/wp-content\/uploads\/2023\/06\/1-1-768x384.jpg 768w, https:\/\/www.salvatorianas.org.br\/blog\/wp-content\/uploads\/2023\/06\/1-1-1536x768.jpg 1536w, https:\/\/www.salvatorianas.org.br\/blog\/wp-content\/uploads\/2023\/06\/1-1.jpg 1600w\" sizes=\"(max-width: 1024px) 100vw, 1024px\" \/><\/figure>\n","protected":false},"excerpt":{"rendered":"<p>Dia 1\u00ba e 02 de junho de 2023 esteve reunida, em Curitiba\/PR, a Comiss\u00e3o Interprovincial de Forma\u00e7\u00e3o das Irm\u00e3s Salvatorianas. Num clima de muita sororidade e partilha de vida, iluminadas pela m\u00edstica de&#8230;<\/p>\n","protected":false},"author":2,"featured_media":0,"comment_status":"open","ping_status":"open","sticky":false,"template":"","format":"standard","meta":[],"categories":[1],"tags":[],"_links":{"self":[{"href":"https:\/\/www.salvatorianas.org.br\/blog\/wp-json\/wp\/v2\/posts\/20333"}],"collection":[{"href":"https:\/\/www.salvatorianas.org.br\/blog\/wp-json\/wp\/v2\/posts"}],"about":[{"href":"https:\/\/www.salvatorianas.org.br\/blog\/wp-json\/wp\/v2\/types\/post"}],"author":[{"embeddable":true,"href":"https:\/\/www.salvatorianas.org.br\/blog\/wp-json\/wp\/v2\/users\/2"}],"replies":[{"embeddable":true,"href":"https:\/\/www.salvatorianas.org.br\/blog\/wp-json\/wp\/v2\/comments?post=20333"}],"version-history":[{"count":2,"href":"https:\/\/www.salvatorianas.org.br\/blog\/wp-json\/wp\/v2\/posts\/20333\/revisions"}],"predecessor-version":[{"id":20339,"href":"https:\/\/www.salvatorianas.org.br\/blog\/wp-json\/wp\/v2\/posts\/20333\/revisions\/20339"}],"wp:attachment":[{"href":"https:\/\/www.salvatorianas.org.br\/blog\/wp-json\/wp\/v2\/media?parent=20333"}],"wp:term":[{"taxonomy":"category","embeddable":true,"href":"https:\/\/www.salvatorianas.org.br\/blog\/wp-json\/wp\/v2\/categories?post=20333"},{"taxonomy":"post_tag","embeddable":true,"href":"https:\/\/www.salvatorianas.org.br\/blog\/wp-json\/wp\/v2\/tags?post=20333"}],"curies":[{"name":"wp","href":"https:\/\/api.w.org\/{rel}","templated":true}]}}