{"id":20317,"date":"2023-06-04T01:00:00","date_gmt":"2023-06-04T01:00:00","guid":{"rendered":"https:\/\/www.salvatorianas.org.br\/blog\/?p=20317"},"modified":"2023-06-02T20:14:37","modified_gmt":"2023-06-02T20:14:37","slug":"santissima-trindade-solenidade-ano-a-9a-semana-do-tempo-comum","status":"publish","type":"post","link":"https:\/\/www.salvatorianas.org.br\/blog\/santissima-trindade-solenidade-ano-a-9a-semana-do-tempo-comum\/","title":{"rendered":"Sant\u00edssima Trindade, Solenidade, Ano A 9\u00aa Semana do Tempo Comum"},"content":{"rendered":"\n<p>Bendito seja Deus Pai, bendito o Filho unig\u00eanito e bendito o Esp\u00edrito Santo. Deus foi misericordioso para conosco.<\/p>\n\n\n\n<p><em>Celebrando a solenidade da Sant\u00edssima Trindade, bendizemos a Deus, que \u00e9 Pai, Filho e Esp\u00edrito Santo. Sintamo-nos todos amados e acolhidos pela Trindade divina, comunh\u00e3o perfeita e ideal de toda comunidade crist\u00e3. Ela nos revela a sua miseric\u00f3rdia, bondade e fidelidade e nos anima a viver na conc\u00f3rdia e na paz.<\/em><\/p>\n\n\n\n<p>Primeira Leitura:&nbsp;<strong>\u00caxodo 34,4-6.8-9<\/strong><\/p>\n\n\n\n<p>Leitura do livro do \u00caxodo \u2013 Naqueles dias,&nbsp;<sup>4<\/sup>Mois\u00e9s levantou-se, quando ainda era noite, e subiu ao monte Sinai, como o Senhor lhe havia mandado, levando consigo as duas t\u00e1buas de pedra.&nbsp;<sup>5<\/sup>O Senhor desceu na nuvem e permaneceu com Mois\u00e9s, e este invocou o nome do Senhor.&nbsp;<sup>6<\/sup>Enquanto o Senhor passava diante dele, Mois\u00e9s gritou: \u201cSenhor, Senhor! Deus misericordioso e clemente, paciente, rico em bondade e fiel\u201d.&nbsp;<sup>8<\/sup>Imediatamente, Mois\u00e9s curvou-se at\u00e9 o ch\u00e3o&nbsp;<sup>9<\/sup>e, prostrado por terra, disse: \u201cSenhor, se \u00e9 verdade que gozo de teu favor, pe\u00e7o-te, caminha conosco; embora este seja um povo de cabe\u00e7a dura, perdoa nossas culpas e nossos pecados e acolhe-nos como propriedade tua\u201d. \u2013 Palavra do Senhor.<\/p>\n\n\n\n<p>Salmo Responsorial:&nbsp;<strong>Dn 3<\/strong><\/p>\n\n\n\n<p><em><strong>A v\u00f3s louvor, honra e gl\u00f3ria eternamente!<\/strong><\/em><\/p>\n\n\n\n<p>1. Sede bendito, Senhor Deus de nossos pais.&nbsp;\u2013 R.<\/p>\n\n\n\n<p>2. Sede bendito, nome santo e glorioso.&nbsp;\u2013 R.<\/p>\n\n\n\n<p>3. No templo santo onde refulge a vossa gl\u00f3ria.&nbsp;\u2013 R.<\/p>\n\n\n\n<p>4. E em vosso trono de poder vitorioso.&nbsp;\u2013 R.<\/p>\n\n\n\n<p>5. Sede bendito, que sondais as profundezas.&nbsp;\u2013 R.<\/p>\n\n\n\n<p>6. E superior aos querubins vos assentais.&nbsp;\u2013 R.<\/p>\n\n\n\n<p>7. Sede bendito no celeste firmamento.&nbsp;\u2013 R.<\/p>\n\n\n\n<p>Segunda Leitura:&nbsp;<strong>2 Cor\u00edntios 13,11-13<\/strong><\/p>\n\n\n\n<p>Leitura da segunda carta de S\u00e3o Paulo aos Cor\u00edntios \u2013&nbsp;<sup>11<\/sup>Irm\u00e3os, alegrai-vos, trabalhai no vosso aperfei\u00e7oamento, encorajai-vos, cultivai a conc\u00f3rdia, vivei em paz, e o Deus do amor e da paz estar\u00e1 convosco.&nbsp;<sup>12<\/sup>Saudai-vos uns aos outros com o beijo santo. Todos os santos vos sa\u00fadam.&nbsp;<sup>13<\/sup>A gra\u00e7a do Senhor Jesus Cristo, o amor de Deus e a comunh\u00e3o do Esp\u00edrito Santo estejam com todos v\u00f3s. \u2013 Palavra do Senhor.<\/p>\n\n\n\n<p>Evangelho:&nbsp;<strong>Jo\u00e3o 3,16-18<\/strong><\/p>\n\n\n\n<p><strong><em>Aleluia, aleluia, aleluia.<\/em><\/strong><\/p>\n\n\n\n<p><strong>Gl\u00f3ria ao Pai e ao Filho e ao Esp\u00edrito divino,&nbsp;\/&nbsp;ao Deus que \u00e9, que era e que vem, pelos s\u00e9culos. Am\u00e9m (Ap 1,8).&nbsp;\u2013 R.<\/strong><\/p>\n\n\n\n<p>Proclama\u00e7\u00e3o do Evangelho de Jesus Cristo segundo Jo\u00e3o \u2013&nbsp;<sup>16<\/sup>Deus amou tanto o mundo, que deu o seu Filho unig\u00eanito, para que n\u00e3o morra todo o que nele crer, mas tenha a vida eterna.&nbsp;<sup>17<\/sup>De fato, Deus n\u00e3o enviou o seu Filho ao mundo para condenar o mundo, mas para que o mundo seja salvo por ele.&nbsp;<sup>18<\/sup>Quem nele cr\u00ea n\u00e3o \u00e9 condenado, mas quem n\u00e3o cr\u00ea j\u00e1 est\u00e1 condenado, porque n\u00e3o acreditou no nome do Filho unig\u00eanito. \u2013 Palavra da salva\u00e7\u00e3o.<\/p>\n\n\n\n<p>Reflex\u00e3o:<\/p>\n\n\n\n<p><em>Poucos vers\u00edculos, por\u00e9m recheados de profundo conte\u00fado: Deus amou de tal modo o mundo que enviou seu Filho \u00fanico para que sejamos salvos por ele. N\u00e3o se trata de amor abstrato ou mero fruto da imagina\u00e7\u00e3o. Trata-se de amor concreto, assumido pessoalmente por Jesus, tendo como consequ\u00eancia sua morte na cruz. O amor do Pai, concretizado no amor do Filho, prolonga-se pela presen\u00e7a e amor do Esp\u00edrito Santo. Essa grandiosa a\u00e7\u00e3o de Deus na hist\u00f3ria provoca uma crise: \u201cEste \u00e9 o julgamento: A luz veio ao mundo, mas as pessoas preferiram as trevas em lugar da luz\u201d. \u00c9 que, diante da revela\u00e7\u00e3o do amor de Deus, as pessoas se posicionam pr\u00f3 ou contra Jesus. Ent\u00e3o, Jesus n\u00e3o precisa julgar ningu\u00e9m; s\u00e3o as pr\u00f3prias pessoas que se julgam a partir da posi\u00e7\u00e3o que tomam em rela\u00e7\u00e3o a ele.<\/em><\/p>\n","protected":false},"excerpt":{"rendered":"<p>Bendito seja Deus Pai, bendito o Filho unig\u00eanito e bendito o Esp\u00edrito Santo. Deus foi misericordioso para conosco. Celebrando a solenidade da Sant\u00edssima Trindade, bendizemos a Deus, que \u00e9 Pai, Filho e Esp\u00edrito&#8230;<\/p>\n","protected":false},"author":2,"featured_media":20318,"comment_status":"open","ping_status":"open","sticky":false,"template":"","format":"standard","meta":[],"categories":[7],"tags":[],"_links":{"self":[{"href":"https:\/\/www.salvatorianas.org.br\/blog\/wp-json\/wp\/v2\/posts\/20317"}],"collection":[{"href":"https:\/\/www.salvatorianas.org.br\/blog\/wp-json\/wp\/v2\/posts"}],"about":[{"href":"https:\/\/www.salvatorianas.org.br\/blog\/wp-json\/wp\/v2\/types\/post"}],"author":[{"embeddable":true,"href":"https:\/\/www.salvatorianas.org.br\/blog\/wp-json\/wp\/v2\/users\/2"}],"replies":[{"embeddable":true,"href":"https:\/\/www.salvatorianas.org.br\/blog\/wp-json\/wp\/v2\/comments?post=20317"}],"version-history":[{"count":1,"href":"https:\/\/www.salvatorianas.org.br\/blog\/wp-json\/wp\/v2\/posts\/20317\/revisions"}],"predecessor-version":[{"id":20319,"href":"https:\/\/www.salvatorianas.org.br\/blog\/wp-json\/wp\/v2\/posts\/20317\/revisions\/20319"}],"wp:featuredmedia":[{"embeddable":true,"href":"https:\/\/www.salvatorianas.org.br\/blog\/wp-json\/wp\/v2\/media\/20318"}],"wp:attachment":[{"href":"https:\/\/www.salvatorianas.org.br\/blog\/wp-json\/wp\/v2\/media?parent=20317"}],"wp:term":[{"taxonomy":"category","embeddable":true,"href":"https:\/\/www.salvatorianas.org.br\/blog\/wp-json\/wp\/v2\/categories?post=20317"},{"taxonomy":"post_tag","embeddable":true,"href":"https:\/\/www.salvatorianas.org.br\/blog\/wp-json\/wp\/v2\/tags?post=20317"}],"curies":[{"name":"wp","href":"https:\/\/api.w.org\/{rel}","templated":true}]}}