{"id":20300,"date":"2023-06-03T01:00:00","date_gmt":"2023-06-03T01:00:00","guid":{"rendered":"https:\/\/www.salvatorianas.org.br\/blog\/?p=20300"},"modified":"2023-05-31T20:10:00","modified_gmt":"2023-05-31T20:10:00","slug":"sao-carlos-lwanga-e-companheiros-martires-memoria-sabado","status":"publish","type":"post","link":"https:\/\/www.salvatorianas.org.br\/blog\/sao-carlos-lwanga-e-companheiros-martires-memoria-sabado\/","title":{"rendered":"S\u00e3o Carlos Lwanga e companheiros m\u00e1rtires &#8211; Mem\u00f3ria | S\u00e1bado"},"content":{"rendered":"\n<p>Clamaram os justos, e o Senhor os ouviu. E de toda afli\u00e7\u00e3o os libertou (Sl 33,18).<\/p>\n\n\n\n<p><em>Em 3 de junho de 1886, Carlos Lwanga e doze companheiros, alguns dos quais muito jovens, foram queimados vivos, ap\u00f3s terr\u00edveis sofrimentos, e dessa forma coroaram seu testemunho de f\u00e9. Esses santos m\u00e1rtires, junto com outros, num total de 22, foram v\u00edtimas das persegui\u00e7\u00f5es praticadas pelo rei da Uganda contra os crist\u00e3os, entre os anos de 1885 e 1887. Celebrando esta mem\u00f3ria, pe\u00e7amos a Deus a sabedoria para orientar a vida pelos caminhos da f\u00e9 e do amor, mesmo em meio \u00e0s prova\u00e7\u00f5es.<\/em><\/p>\n\n\n\n<p>Primeira Leitura:&nbsp;<strong>Eclesi\u00e1stico 51,17-27<\/strong><\/p>\n\n\n\n<p>Leitura do livro do Eclesi\u00e1stico \u2013&nbsp;<sup>17<\/sup>Quero dar-te gra\u00e7as e louvar-te, e bendirei o nome do Senhor.&nbsp;<sup>18<\/sup>Na minha juventude, antes de andar errante, procurei abertamente a sabedoria em minhas ora\u00e7\u00f5es;&nbsp;<sup>19<\/sup>diante do santu\u00e1rio eu suplicava por ela e at\u00e9 o fim vou procur\u00e1-la; ela floresceu como a uva tempor\u00e3.&nbsp;<sup>20<\/sup>Meu cora\u00e7\u00e3o nela colocou sua alegria; meu p\u00e9 andou por um caminho reto, e desde a juventude segui suas pegadas.&nbsp;<sup>21<\/sup>Inclinei um pouco o ouvido e a acolhi,&nbsp;<sup>22<\/sup>e encontrei para mim abundante instru\u00e7\u00e3o, e por meio dela fiz grandes progressos:&nbsp;<sup>23<\/sup>por isso glorifico a quem me d\u00e1 a sabedoria.&nbsp;<sup>24<\/sup>Porque resolvi p\u00f4-la em pr\u00e1tica, procurei o bem e n\u00e3o serei confundido.<sup>&nbsp;25<\/sup>Minha alma aprendeu com ela a ser valente, e na pr\u00e1tica da Lei procurei ser cuidadoso.<sup>&nbsp;26<\/sup>Levantei minhas m\u00e3os para o alto e me arrependi por t\u00ea-la ignorado.<sup>&nbsp;27<\/sup>Para ela orientei a minha alma e na minha purifica\u00e7\u00e3o a encontrei. \u2013 Palavra do Senhor.<\/p>\n\n\n\n<p>Salmo Responsorial:&nbsp;<strong>18(19B)<\/strong><\/p>\n\n\n\n<p><em><strong>Os ensinos do Senhor s\u00e3o sempre retos,&nbsp;\/&nbsp;alegria ao cora\u00e7\u00e3o.<\/strong><\/em><\/p>\n\n\n\n<p>1. A lei do Senhor Deus \u00e9 perfeita,&nbsp;\/&nbsp;conforto para a alma!&nbsp;\/&nbsp;O testemunho do Senhor \u00e9 fiel,&nbsp;\/&nbsp;sabedoria dos humildes.&nbsp;\u2013 R.<\/p>\n\n\n\n<p>2. Os preceitos do Senhor s\u00e3o precisos,&nbsp;\/&nbsp;alegria ao cora\u00e7\u00e3o.&nbsp;\/&nbsp;O mandamento do Senhor \u00e9 brilhante,&nbsp;\/&nbsp;para os olhos \u00e9 uma luz.&nbsp;\u2013 R.<\/p>\n\n\n\n<p>3. \u00c9 puro o temor do Senhor,&nbsp;\/&nbsp;imut\u00e1vel para sempre.&nbsp;\/&nbsp;Os julgamentos do Senhor s\u00e3o corretos&nbsp;\/&nbsp;e justos igualmente.&nbsp;\u2013 R.<\/p>\n\n\n\n<p>4. Mais desej\u00e1veis do que o ouro s\u00e3o eles,&nbsp;\/&nbsp;do que o ouro refinado.&nbsp;\/&nbsp;Suas palavras s\u00e3o mais doces que o mel,&nbsp;\/&nbsp;que o mel que sai dos favos.&nbsp;\u2013 R.<\/p>\n\n\n\n<p>Evangelho:&nbsp;<strong>Marcos 11,27-33<\/strong><\/p>\n\n\n\n<p><strong><em>Aleluia, aleluia, aleluia.<\/em><\/strong><\/p>\n\n\n\n<p><strong>A Palavra de Cristo ricamente habite em v\u00f3s,&nbsp;\/&nbsp;dando gra\u00e7as, por ele, a Deus Pai! (Cl 3,16s)&nbsp;\u2013 R.<\/strong><\/p>\n\n\n\n<p>Proclama\u00e7\u00e3o do Evangelho de Jesus Cristo segundo Marcos \u2013 Naquele tempo,&nbsp;<sup>27<\/sup>Jesus e os disc\u00edpulos foram de novo a Jerusal\u00e9m. Enquanto Jesus estava andando no templo, os sumos sacerdotes, os mestres da Lei e os anci\u00e3os aproximaram-se dele e perguntaram:&nbsp;<sup>28<\/sup>\u201cCom que autoridade fazes essas coisas? Quem te deu autoridade para fazer isso?\u201d&nbsp;<sup>29<\/sup>Jesus respondeu: \u201cVou fazer-vos uma s\u00f3 pergunta. Se me responderdes, eu vos direi com que autoridade fa\u00e7o isso.&nbsp;<sup>30<\/sup>O batismo de Jo\u00e3o vinha do c\u00e9u ou dos homens? Respondei-me\u201d.&nbsp;<sup>31<\/sup>Eles discutiam entre si: \u201cSe respondermos que vinha do c\u00e9u, ele vai dizer: \u2018Por que n\u00e3o acreditastes em Jo\u00e3o?\u2019&nbsp;<sup>32<\/sup>Devemos ent\u00e3o dizer que vinha dos homens?\u201d Mas eles tinham medo da multid\u00e3o, porque todos, de fato, tinham Jo\u00e3o na qualidade de profeta.&nbsp;<sup>33<\/sup>Ent\u00e3o eles responderam a Jesus: \u201cN\u00e3o sabemos\u201d. E Jesus disse: \u201cPois eu tamb\u00e9m n\u00e3o vos digo com que autoridade fa\u00e7o essas coisas\u201d. \u2013 Palavra da salva\u00e7\u00e3o.<\/p>\n\n\n\n<p>Reflex\u00e3o:<\/p>\n\n\n\n<p><em>Ao expulsar do templo os vendilh\u00f5es, Jesus mexe com os brios das autoridades religiosas e civis, que lhe pedem conta de suas atitudes. Em nome da Lei, como se fossem ju\u00edzes, os chefes usam de argumento com base no poder: \u201cCom que autoridade fazes essas coisas?\u201d. Em vez de discutir, Jesus contrap\u00f5e uma pergunta com base na pr\u00e1tica religiosa deles. Faz emergir a figura de Jo\u00e3o Batista, que apontara o Messias e que era estimado pelo povo; os chefes, ao contr\u00e1rio, tinham eliminado o Batista. Por isso, cochicham entre si num esfor\u00e7o in\u00fatil de buscar consenso. Nada respondem. Preferem n\u00e3o se comprometer. Eles n\u00e3o t\u00eam nenhuma autoridade diante de Deus, pois n\u00e3o se converteram como o Batista havia pedido. Com classe, Jesus desarma os advers\u00e1rios. Sua autoridade vem de Deus, a suprema autoridade.<\/em><\/p>\n\n\n\n<p>(Dia a Dia com o Evangelho 2023)<\/p>\n","protected":false},"excerpt":{"rendered":"<p>Clamaram os justos, e o Senhor os ouviu. E de toda afli\u00e7\u00e3o os libertou (Sl 33,18). Em 3 de junho de 1886, Carlos Lwanga e doze companheiros, alguns dos quais muito jovens, foram&#8230;<\/p>\n","protected":false},"author":2,"featured_media":20301,"comment_status":"open","ping_status":"open","sticky":false,"template":"","format":"standard","meta":[],"categories":[7],"tags":[],"_links":{"self":[{"href":"https:\/\/www.salvatorianas.org.br\/blog\/wp-json\/wp\/v2\/posts\/20300"}],"collection":[{"href":"https:\/\/www.salvatorianas.org.br\/blog\/wp-json\/wp\/v2\/posts"}],"about":[{"href":"https:\/\/www.salvatorianas.org.br\/blog\/wp-json\/wp\/v2\/types\/post"}],"author":[{"embeddable":true,"href":"https:\/\/www.salvatorianas.org.br\/blog\/wp-json\/wp\/v2\/users\/2"}],"replies":[{"embeddable":true,"href":"https:\/\/www.salvatorianas.org.br\/blog\/wp-json\/wp\/v2\/comments?post=20300"}],"version-history":[{"count":1,"href":"https:\/\/www.salvatorianas.org.br\/blog\/wp-json\/wp\/v2\/posts\/20300\/revisions"}],"predecessor-version":[{"id":20302,"href":"https:\/\/www.salvatorianas.org.br\/blog\/wp-json\/wp\/v2\/posts\/20300\/revisions\/20302"}],"wp:featuredmedia":[{"embeddable":true,"href":"https:\/\/www.salvatorianas.org.br\/blog\/wp-json\/wp\/v2\/media\/20301"}],"wp:attachment":[{"href":"https:\/\/www.salvatorianas.org.br\/blog\/wp-json\/wp\/v2\/media?parent=20300"}],"wp:term":[{"taxonomy":"category","embeddable":true,"href":"https:\/\/www.salvatorianas.org.br\/blog\/wp-json\/wp\/v2\/categories?post=20300"},{"taxonomy":"post_tag","embeddable":true,"href":"https:\/\/www.salvatorianas.org.br\/blog\/wp-json\/wp\/v2\/tags?post=20300"}],"curies":[{"name":"wp","href":"https:\/\/api.w.org\/{rel}","templated":true}]}}