{"id":20297,"date":"2023-06-02T01:00:00","date_gmt":"2023-06-02T01:00:00","guid":{"rendered":"https:\/\/www.salvatorianas.org.br\/blog\/?p=20297"},"modified":"2023-05-31T19:36:45","modified_gmt":"2023-05-31T19:36:45","slug":"8a-semana-do-tempo-comum-sexta-feira","status":"publish","type":"post","link":"https:\/\/www.salvatorianas.org.br\/blog\/8a-semana-do-tempo-comum-sexta-feira\/","title":{"rendered":"8\u00aa Semana do Tempo Comum | Sexta-feira"},"content":{"rendered":"\n<p>Vinde e escutai, todos os que temeis a Deus, e eu vos direi tudo o que o Senhor fez por mim (Sl 65,16).<\/p>\n\n\n\n<p><em>A festa da Visita\u00e7\u00e3o de Nossa Senhora come\u00e7ou a ser celebrada no final do s\u00e9culo 13, pelos Franciscanos, e foi introduzida no calend\u00e1rio universal da Igreja no s\u00e9culo 14. Maria, movida por um esp\u00edrito mission\u00e1rio, sente-se impelida a comunicar o \u201cprod\u00edgio\u201d que o Senhor nela realizou. Que seu sim radical nos ensine a ser d\u00f3ceis \u00e0 a\u00e7\u00e3o do Esp\u00edrito Santo mediante a pr\u00e1tica de gestos concretos em favor dos irm\u00e3os e irm\u00e3s.<\/em><\/p>\n\n\n\n<p>Primeira Leitura:&nbsp;<strong>Sofonias 3,14-18<\/strong><\/p>\n\n\n\n<p>Leitura da profecia de Sofonias \u2013&nbsp;<sup>14<\/sup>Canta de alegria, cidade de Si\u00e3o; rejubila, povo de Israel! Alegra-te e exulta de todo o cora\u00e7\u00e3o, cidade de Jerusal\u00e9m!&nbsp;<sup>15<\/sup>O Senhor revogou a senten\u00e7a contra ti, afastou teus inimigos; o rei de Israel \u00e9 o Senhor, ele est\u00e1 no meio de ti, nunca mais temer\u00e1s o mal.&nbsp;<sup>16<\/sup>Naquele dia se dir\u00e1 a Jerusal\u00e9m: \u201cN\u00e3o temas, Si\u00e3o, n\u00e3o te deixes levar pelo des\u00e2nimo!&nbsp;<sup>17<\/sup>O Senhor, teu Deus, est\u00e1 no meio de ti, o valente guerreiro que te salva; ele exultar\u00e1 de alegria por ti, movido por amor; exultar\u00e1 por ti, entre louvores,&nbsp;<sup>18<\/sup>como nos dias de festa. Afastarei de ti a desgra\u00e7a, para que nunca mais te cause humilha\u00e7\u00e3o\u201d. \u2013 Palavra do Senhor.<\/p>\n\n\n\n<p><strong>Leitura opcional:&nbsp;Romanos 12,9-16b.<\/strong><\/p>\n\n\n\n<p>Salmo Responsorial:&nbsp;<strong>Is 12<\/strong><\/p>\n\n\n\n<p><em><strong>O santo de Israel \u00e9 grande entre v\u00f3s.<\/strong><\/em><\/p>\n\n\n\n<p>1. Eis o Deus, meu salvador, eu confio e nada temo;&nbsp;\u2020&nbsp;o Senhor \u00e9 minha for\u00e7a, meu louvor e salva\u00e7\u00e3o.&nbsp;\/&nbsp;Com alegria bebereis do manancial da salva\u00e7\u00e3o.&nbsp;\u2013 R.<\/p>\n\n\n\n<p>2. E direis naquele dia: \u201cDai louvores ao Senhor,&nbsp;\u2020&nbsp;invocai seu santo nome, anunciai suas maravilhas,&nbsp;\/&nbsp;entre os povos proclamai que seu nome \u00e9 o mais sublime.&nbsp;\u2013 R.<\/p>\n\n\n\n<p>3. Louvai, cantando ao nosso Deus, que fez prod\u00edgios e portentos,&nbsp;\/&nbsp;publicai em toda a terra suas grandes maravilhas!&nbsp;\/&nbsp;Exultai, cantando alegres, habitantes de Si\u00e3o,&nbsp;\/&nbsp;porque \u00e9 grande em vosso meio o Deus santo de Israel!\u201d&nbsp;\u2013 R.<\/p>\n\n\n\n<p>Evangelho:&nbsp;<strong>Lucas 1,39-56<\/strong><\/p>\n\n\n\n<p><strong><em>Aleluia, aleluia, aleluia.<\/em><\/strong><\/p>\n\n\n\n<p><strong>\u00c9s feliz porque creste, Maria,&nbsp;\/&nbsp;pois em ti a Palavra de Deus vai cumprir-se, conforme ele disse (Lc 1,45).&nbsp;\u2013 R.<\/strong><\/p>\n\n\n\n<p>Proclama\u00e7\u00e3o do Evangelho de Jesus Cristo segundo Lucas \u2013&nbsp;<sup>39<\/sup>Naqueles dias, Maria partiu para a regi\u00e3o montanhosa, dirigindo-se, apressadamente, a uma cidade da Judeia.&nbsp;<sup>40<\/sup>Entrou na casa de Zacarias e cumprimentou Isabel.&nbsp;<sup>41<\/sup>Quando Isabel ouviu a sauda\u00e7\u00e3o de Maria, a crian\u00e7a pulou no seu ventre e Isabel ficou cheia do Esp\u00edrito Santo.&nbsp;<sup>42<\/sup>Com um grande grito, exclamou: \u201cBendita \u00e9s tu entre as mulheres e bendito \u00e9 o fruto do teu ventre!&nbsp;<sup>43<\/sup>Como posso merecer que a m\u00e3e do meu Senhor me venha visitar?&nbsp;<sup>44<\/sup>Logo que a tua sauda\u00e7\u00e3o chegou aos meus ouvidos, a crian\u00e7a pulou de alegria no meu ventre.&nbsp;<sup>45<\/sup>Bem-aventurada aquela que acreditou, porque ser\u00e1 cumprido o que o Senhor lhe prometeu\u201d.&nbsp;<sup>46<\/sup>Maria disse: \u201cA minha alma engrandece o Senhor,&nbsp;<sup>47<\/sup>e o meu esp\u00edrito se alegra em Deus, meu salvador,&nbsp;<sup>48<\/sup>porque olhou para a humildade de sua serva. Doravante todas as gera\u00e7\u00f5es me chamar\u00e3o bem-aventurada,&nbsp;<sup>49<\/sup>porque o Todo-poderoso fez grandes coisas em meu favor. O seu nome \u00e9 santo&nbsp;<sup>50<\/sup>e sua miseric\u00f3rdia se estende, de gera\u00e7\u00e3o em gera\u00e7\u00e3o, a todos os que o temem.&nbsp;<sup>51<\/sup>Ele mostrou a for\u00e7a de seu bra\u00e7o: dispersou os soberbos de cora\u00e7\u00e3o.&nbsp;<sup>52<\/sup>Derrubou do trono os poderosos e elevou os humildes.&nbsp;<sup>53<\/sup>Encheu de bens os famintos e despediu os ricos de m\u00e3os vazias.&nbsp;<sup>54<\/sup>Socorreu Israel, seu servo, lembrando-se de sua miseric\u00f3rdia,&nbsp;<sup>55<\/sup>conforme prometera aos nossos pais, em favor de Abra\u00e3o e de sua descend\u00eancia para sempre\u201d.&nbsp;<sup>56<\/sup>Maria ficou tr\u00eas meses com Isabel; depois voltou para casa. \u2013 Palavra da salva\u00e7\u00e3o.<\/p>\n\n\n\n<p>Reflex\u00e3o:<\/p>\n\n\n\n<p><em>A festa da Visita\u00e7\u00e3o de Nossa Senhora foi celebrada pelos franciscanos no final do s\u00e9culo XIII, mas somente a partir do s\u00e9culo XV foi introduzida progressivamente no Calend\u00e1rio universal da Igreja. Com esta festa, a partir do papa Bonif\u00e1cio IX, d\u00e1-se \u00eanfase \u00e0 participa\u00e7\u00e3o de Maria no mist\u00e9rio pascal-pentecostal de Cristo, que inaugura o caminho mission\u00e1rio da Igreja. Ao visitar sua prima, Maria foi movida pelo desejo de comunicar-lhe a alegria pela obra maravilhosa que nela Deus realizara. Gr\u00e1vida de Jesus, Maria \u00e9 a morada de Deus, e como tal \u00e9 reverenciada por Isabel. Deus vem, afinal, morar entre n\u00f3s, por\u00e9m sua morada n\u00e3o \u00e9 mais um templo de pedra, \u00e9 uma pessoa! Doravante, n\u00e3o ser\u00e1 mais com pedras que se h\u00e1 de construir a habita\u00e7\u00e3o de Deus na terra, mas ser\u00e1 com a f\u00e9, o amor, a esperan\u00e7a.<\/em><\/p>\n\n\n\n<p>(Dia a Dia com o Evangelho 2023)<\/p>\n","protected":false},"excerpt":{"rendered":"<p>Vinde e escutai, todos os que temeis a Deus, e eu vos direi tudo o que o Senhor fez por mim (Sl 65,16). A festa da Visita\u00e7\u00e3o de Nossa Senhora come\u00e7ou a ser&#8230;<\/p>\n","protected":false},"author":2,"featured_media":20299,"comment_status":"open","ping_status":"open","sticky":false,"template":"","format":"standard","meta":[],"categories":[7],"tags":[],"_links":{"self":[{"href":"https:\/\/www.salvatorianas.org.br\/blog\/wp-json\/wp\/v2\/posts\/20297"}],"collection":[{"href":"https:\/\/www.salvatorianas.org.br\/blog\/wp-json\/wp\/v2\/posts"}],"about":[{"href":"https:\/\/www.salvatorianas.org.br\/blog\/wp-json\/wp\/v2\/types\/post"}],"author":[{"embeddable":true,"href":"https:\/\/www.salvatorianas.org.br\/blog\/wp-json\/wp\/v2\/users\/2"}],"replies":[{"embeddable":true,"href":"https:\/\/www.salvatorianas.org.br\/blog\/wp-json\/wp\/v2\/comments?post=20297"}],"version-history":[{"count":1,"href":"https:\/\/www.salvatorianas.org.br\/blog\/wp-json\/wp\/v2\/posts\/20297\/revisions"}],"predecessor-version":[{"id":20298,"href":"https:\/\/www.salvatorianas.org.br\/blog\/wp-json\/wp\/v2\/posts\/20297\/revisions\/20298"}],"wp:featuredmedia":[{"embeddable":true,"href":"https:\/\/www.salvatorianas.org.br\/blog\/wp-json\/wp\/v2\/media\/20299"}],"wp:attachment":[{"href":"https:\/\/www.salvatorianas.org.br\/blog\/wp-json\/wp\/v2\/media?parent=20297"}],"wp:term":[{"taxonomy":"category","embeddable":true,"href":"https:\/\/www.salvatorianas.org.br\/blog\/wp-json\/wp\/v2\/categories?post=20297"},{"taxonomy":"post_tag","embeddable":true,"href":"https:\/\/www.salvatorianas.org.br\/blog\/wp-json\/wp\/v2\/tags?post=20297"}],"curies":[{"name":"wp","href":"https:\/\/api.w.org\/{rel}","templated":true}]}}