{"id":20294,"date":"2023-06-01T01:00:00","date_gmt":"2023-06-01T01:00:00","guid":{"rendered":"https:\/\/www.salvatorianas.org.br\/blog\/?p=20294"},"modified":"2023-05-31T18:13:53","modified_gmt":"2023-05-31T18:13:53","slug":"sao-justino-martir-memoria-quinta-feira","status":"publish","type":"post","link":"https:\/\/www.salvatorianas.org.br\/blog\/sao-justino-martir-memoria-quinta-feira\/","title":{"rendered":"S\u00e3o Justino, m\u00e1rtir &#8211; Mem\u00f3ria | Quinta-feira"},"content":{"rendered":"\n<p>Os pag\u00e3os me contaram suas f\u00e1bulas, mas nada valem perante a vossa lei. Diante dos reis, falei de vossa alian\u00e7a sem me envergonhar (Sl 118,85.46).<\/p>\n\n\n\n<p><em>Justino viveu na Palestina no 2\u00ba s\u00e9culo. Leigo e fil\u00f3sofo pag\u00e3o, converteu-se ao cristianismo e encontrou em Cristo a verdade sem limites. Utilizou sua intelig\u00eancia e habilidade dial\u00e9tica em defesa dos crist\u00e3os perseguidos, como o demonstram suas obras, das quais nos restam apenas as duas&nbsp;<\/em>Apologias<em>&nbsp;e o&nbsp;<\/em>Di\u00e1logo com Trif\u00e3o<em>. O exemplo desse m\u00e1rtir nos conduza ao conhecimento admir\u00e1vel do mist\u00e9rio de Cristo.<\/em><\/p>\n\n\n\n<p>Primeira Leitura:&nbsp;<strong>Eclesi\u00e1stico 42,15-26<\/strong><\/p>\n\n\n\n<p>Leitura do Livro do Eclesi\u00e1stico \u2013&nbsp;<sup>15<\/sup>Vou recordar as obras do Senhor, vou descrever aquilo que vi. Pelas palavras do Senhor foram feitas as suas obras, de acordo com a sua vontade realizou-se o seu julgamento.&nbsp;<sup>16<\/sup>O sol brilhante contempla todas as coisas, e a obra do Senhor est\u00e1 cheia da sua gl\u00f3ria.&nbsp;<sup>17<\/sup>Os santos do Senhor n\u00e3o s\u00e3o capazes de descrever todas as suas maravilhas. O Senhor todo-poderoso as confirmou, para que tudo continuasse firme para sua gl\u00f3ria.&nbsp;<sup>18<\/sup>Ele sonda o abismo e o cora\u00e7\u00e3o e penetra em todas as suas ast\u00facias.&nbsp;<sup>19<\/sup>Pois o Alt\u00edssimo possui toda a ci\u00eancia e fixa o olhar nos sinais dos tempos; ele manifesta o passado e o futuro e revela as coisas ocultas.&nbsp;<sup>20<\/sup>Nenhum pensamento lhe escapa e nenhuma palavra lhe fica escondida.&nbsp;<sup>21<\/sup>P\u00f4s em ordem as maravilhas da sua sabedoria, pois s\u00f3 ele existe antes dos s\u00e9culos e para sempre.&nbsp;<sup>22<\/sup>Nada lhe foi acrescentado, nada tirado, e ele n\u00e3o precisa de conselheiro algum.&nbsp;<sup>23<\/sup>Como s\u00e3o desej\u00e1veis todas as suas obras, brilhando como centelha que se pode contemplar!&nbsp;<sup>24<\/sup>Tudo isso vive e permanece sempre, e em todas as circunst\u00e2ncias tudo lhe obedece.&nbsp;<sup>25<\/sup>Todas as coisas existem aos pares, uma frente \u00e0 outra, e ele nada fez de incompleto:&nbsp;<sup>26<\/sup>uma coisa completa a bondade da outra; quem, pois, se fartar\u00e1 de contemplar a sua gl\u00f3ria? \u2013 Palavra do Senhor.<\/p>\n\n\n\n<p>Salmo Responsorial:&nbsp;<strong>32(33)<\/strong><\/p>\n\n\n\n<p><em><strong>A palavra do Senhor criou os c\u00e9us.<\/strong><\/em><\/p>\n\n\n\n<p>1. Dai gra\u00e7as ao Senhor ao som da harpa,&nbsp;\/&nbsp;na lira de dez cordas celebrai-o!&nbsp;\/&nbsp;Cantai para o Senhor um canto novo, \/ com arte sustentai a louva\u00e7\u00e3o!&nbsp;\u2013 R.<\/p>\n\n\n\n<p>2. Pois reta \u00e9 a palavra do Senhor,&nbsp;\/&nbsp;e tudo o que ele faz merece f\u00e9.&nbsp;\/&nbsp;Deus ama o direito e a justi\u00e7a,&nbsp;\/&nbsp;transborda em toda a terra a sua gra\u00e7a.&nbsp;\u2013 R.<\/p>\n\n\n\n<p>3. A palavra do Senhor criou os c\u00e9us,&nbsp;\/&nbsp;e o sopro de seus l\u00e1bios, as estrelas.&nbsp;\/&nbsp;Como num odre, junta as \u00e1guas do oceano&nbsp;\/&nbsp;e mant\u00e9m no seu limite as grandes \u00e1guas.&nbsp;\u2013 R.<\/p>\n\n\n\n<p>4. Adore ao Senhor a terra inteira,&nbsp;\/&nbsp;e o respeitem os que habitam o universo!&nbsp;\/&nbsp;Ele falou e toda a terra foi criada,&nbsp;\/&nbsp;ele ordenou e as coisas todas existiram.&nbsp;\u2013 R.<\/p>\n\n\n\n<p>Evangelho:&nbsp;<strong>Marcos 10,46-52<\/strong><\/p>\n\n\n\n<p><strong><em>Aleluia, aleluia, aleluia.<\/em><\/strong><\/p>\n\n\n\n<p><strong>Eu sou a luz do mundo;&nbsp;\/&nbsp;aquele que me segue&nbsp;\/&nbsp;n\u00e3o caminha entre as trevas,&nbsp;\/&nbsp;mas ter\u00e1 a luz da vida (Jo 8,12).&nbsp;\u2013 R.<\/strong><\/p>\n\n\n\n<p>Proclama\u00e7\u00e3o do Evangelho de Jesus Cristo segundo Marcos \u2013 Naquele tempo,&nbsp;<sup>46<\/sup>Jesus saiu de Jeric\u00f3 junto com seus disc\u00edpulos e uma grande multid\u00e3o. O filho de Timeu, Bartimeu, cego e mendigo, estava sentado \u00e0 beira do caminho.&nbsp;<sup>47<\/sup>Quando ouviu dizer que Jesus, o Nazareno, estava passando, come\u00e7ou a gritar: \u201cJesus, filho de Davi, tem piedade de mim!\u201d&nbsp;<sup>48<\/sup>Muitos o repreendiam para que se calasse. Mas ele gritava mais ainda: \u201cFilho de Davi, tem piedade de mim!\u201d&nbsp;<sup>49<\/sup>Ent\u00e3o Jesus parou e disse: \u201cChamai-o\u201d. Eles o chamaram e disseram: \u201cCoragem, levanta-te, Jesus te chama!\u201d&nbsp;<sup>50<\/sup>O cego jogou o manto, deu um pulo e foi at\u00e9 Jesus.&nbsp;<sup>51<\/sup>Ent\u00e3o Jesus lhe perguntou: \u201cO que queres que eu te fa\u00e7a?\u201d O cego respondeu: \u201cMestre, que eu veja!\u201d&nbsp;<sup>52<\/sup>Jesus disse: \u201cVai, a tua f\u00e9 te curou\u201d. No mesmo instante, ele recuperou a vista e seguia Jesus pelo caminho. \u2013 Palavra da salva\u00e7\u00e3o.<\/p>\n\n\n\n<p>Reflex\u00e3o:<\/p>\n\n\n\n<p><em>Na \u00e9poca de Jesus, os cegos eram marginalizados, porque se acreditava que a cegueira era castigo de Deus por algum pecado. Curar um cego significava reintegr\u00e1-lo na vida social. Sentado e mendigando \u00e0 beira do caminho, o cego n\u00e3o conta com a solidariedade da \u201cconsider\u00e1vel multid\u00e3o\u201d, cega, surda e insens\u00edvel. Com efeito, n\u00e3o s\u00f3 deixam de pedir a Jesus em favor dele, mas tentam abafar seus clamores por sa\u00fade. Jesus, no entanto, tem ouvidos atentos para captar as s\u00faplicas do cego e sensibilidade agu\u00e7ada para com sua infeliz situa\u00e7\u00e3o, e lhe devolve a luz. Passando a enxergar, o homem segue a Jesus pelo caminho, imagem do disc\u00edpulo que compreende quem \u00e9 o Messias e se disp\u00f5e a segui-lo, com os pr\u00f3prios p\u00e9s e sem medo, pelo caminho que conduz a Jerusal\u00e9m, onde Jesus entregar\u00e1 a pr\u00f3pria vida.<\/em><\/p>\n\n\n\n<p>(Dia a Dia com o Evangelho 2023)<\/p>\n","protected":false},"excerpt":{"rendered":"<p>Os pag\u00e3os me contaram suas f\u00e1bulas, mas nada valem perante a vossa lei. Diante dos reis, falei de vossa alian\u00e7a sem me envergonhar (Sl 118,85.46). Justino viveu na Palestina no 2\u00ba s\u00e9culo. Leigo&#8230;<\/p>\n","protected":false},"author":2,"featured_media":20295,"comment_status":"open","ping_status":"open","sticky":false,"template":"","format":"standard","meta":[],"categories":[7],"tags":[],"_links":{"self":[{"href":"https:\/\/www.salvatorianas.org.br\/blog\/wp-json\/wp\/v2\/posts\/20294"}],"collection":[{"href":"https:\/\/www.salvatorianas.org.br\/blog\/wp-json\/wp\/v2\/posts"}],"about":[{"href":"https:\/\/www.salvatorianas.org.br\/blog\/wp-json\/wp\/v2\/types\/post"}],"author":[{"embeddable":true,"href":"https:\/\/www.salvatorianas.org.br\/blog\/wp-json\/wp\/v2\/users\/2"}],"replies":[{"embeddable":true,"href":"https:\/\/www.salvatorianas.org.br\/blog\/wp-json\/wp\/v2\/comments?post=20294"}],"version-history":[{"count":1,"href":"https:\/\/www.salvatorianas.org.br\/blog\/wp-json\/wp\/v2\/posts\/20294\/revisions"}],"predecessor-version":[{"id":20296,"href":"https:\/\/www.salvatorianas.org.br\/blog\/wp-json\/wp\/v2\/posts\/20294\/revisions\/20296"}],"wp:featuredmedia":[{"embeddable":true,"href":"https:\/\/www.salvatorianas.org.br\/blog\/wp-json\/wp\/v2\/media\/20295"}],"wp:attachment":[{"href":"https:\/\/www.salvatorianas.org.br\/blog\/wp-json\/wp\/v2\/media?parent=20294"}],"wp:term":[{"taxonomy":"category","embeddable":true,"href":"https:\/\/www.salvatorianas.org.br\/blog\/wp-json\/wp\/v2\/categories?post=20294"},{"taxonomy":"post_tag","embeddable":true,"href":"https:\/\/www.salvatorianas.org.br\/blog\/wp-json\/wp\/v2\/tags?post=20294"}],"curies":[{"name":"wp","href":"https:\/\/api.w.org\/{rel}","templated":true}]}}