{"id":20287,"date":"2023-05-29T11:21:50","date_gmt":"2023-05-29T11:21:50","guid":{"rendered":"https:\/\/www.salvatorianas.org.br\/blog\/?p=20287"},"modified":"2023-05-29T11:21:51","modified_gmt":"2023-05-29T11:21:51","slug":"bem-aventurada-virgem-maria-mae-da-igreja-memoria-segunda-feira","status":"publish","type":"post","link":"https:\/\/www.salvatorianas.org.br\/blog\/bem-aventurada-virgem-maria-mae-da-igreja-memoria-segunda-feira\/","title":{"rendered":"Bem-aventurada Virgem Maria, M\u00e3e da Igreja &#8211; Mem\u00f3ria | Segunda-feira"},"content":{"rendered":"\n<p>Os disc\u00edpulos unidos perseveravam em ora\u00e7\u00e3o com Maria, a M\u00e3e de Jesus (At 1,14).<\/p>\n\n\n\n<p><em>A mem\u00f3ria da Bem-aventurada Virgem Maria, M\u00e3e da Igreja, foi institu\u00edda pelo papa Francisco em 2018. Recorda que a vida crist\u00e3, para crescer, deve estar ancorada no mist\u00e9rio da cruz, na obla\u00e7\u00e3o de Cristo na celebra\u00e7\u00e3o eucar\u00edstica e na Virgem que se oferece como M\u00e3e do Redentor e dos redimidos. Pe\u00e7amos a intercess\u00e3o de Maria, para que a Igreja se torne cada vez mais fecunda e se alegre pela santidade de seus filhos e filhas.<\/em><\/p>\n\n\n\n<p>Primeira Leitura:&nbsp;<strong>G\u00eanesis 3,9-15.20<\/strong><\/p>\n\n\n\n<p>Leitura do livro do G\u00eanesis \u2013 Depois que Ad\u00e3o comera do fruto da \u00e1rvore,&nbsp;<sup>9<\/sup>o Senhor Deus o chamou, dizendo: \u201cOnde est\u00e1s?\u201d&nbsp;<sup>10<\/sup>E ele respondeu: \u201cOuvi tua voz no jardim e fiquei com medo porque estava nu; e me escondi\u201d.&nbsp;<sup>11<\/sup>Disse-lhe o Senhor Deus: \u201cE quem te disse que estavas nu? Ent\u00e3o comeste da \u00e1rvore de cujo fruto te proibi comer?\u201d&nbsp;<sup>12<\/sup>Ad\u00e3o disse: \u201cA mulher que tu me deste por companheira, foi ela que me deu do fruto da \u00e1rvore, e eu comi\u201d.&nbsp;<sup>13<\/sup>Disse o Senhor Deus \u00e0 mulher: \u201cPor que fizeste isso?\u201d E a mulher respondeu: \u201cA serpente enganou-me, e eu comi\u201d.&nbsp;<sup>14<\/sup>Ent\u00e3o o Senhor Deus disse \u00e0 serpente: \u201cPorque fizeste isso, ser\u00e1s maldita entre todos os animais dom\u00e9sticos e todos os animais selvagens! Rastejar\u00e1s sobre o ventre e comer\u00e1s p\u00f3 todos os dias da tua vida!&nbsp;<sup>15<\/sup>Porei inimizade entre ti e a mulher, entre a tua descend\u00eancia e a dela. Esta te ferir\u00e1 a cabe\u00e7a, e tu lhe ferir\u00e1s o calcanhar\u201d.&nbsp;<sup>20<\/sup>E Ad\u00e3o chamou \u00e0 sua mulher \u201cEva\u201d, porque ela \u00e9 a m\u00e3e de todos os viventes. \u2013 Palavra do Senhor.<\/p>\n\n\n\n<p><strong>Leitura opcional:&nbsp;Atos 1,12-14.<\/strong><\/p>\n\n\n\n<p>Salmo Responsorial:&nbsp;<strong>86(87)<\/strong><\/p>\n\n\n\n<p><em><strong>Dizem coisas gloriosas da cidade do Senhor.<\/strong><\/em><\/p>\n\n\n\n<p>1. O Senhor ama a cidade&nbsp;\/&nbsp;que fundou no monte santo;&nbsp;\/&nbsp;ama as portas de Si\u00e3o&nbsp;\/&nbsp;mais que as casas de Jac\u00f3.&nbsp;\u2013 R.<\/p>\n\n\n\n<p>2. Dizem coisas gloriosas&nbsp;\/&nbsp;da cidade do Senhor.&nbsp;\/&nbsp;De Si\u00e3o, por\u00e9m, se diz:&nbsp;\u2020&nbsp;\u201cNasceu nela todo homem;&nbsp;\/&nbsp;Deus \u00e9 sua seguran\u00e7a\u201d.&nbsp;\u2013 R.<\/p>\n\n\n\n<p>3. Deus anota no seu livro,&nbsp;\u2020&nbsp;onde inscreve os povos todos:&nbsp;\/&nbsp;\u201cFoi ali que estes nasceram\u201d.&nbsp;\/&nbsp;E por isso todos juntos&nbsp;\/&nbsp;a cantar se alegrar\u00e3o;&nbsp;\/&nbsp;e, dan\u00e7ando, exclamar\u00e3o:&nbsp;\/&nbsp;\u201cEst\u00e3o em ti as nossas fontes!\u201d&nbsp;\u2013 R.<\/p>\n\n\n\n<p>Evangelho:&nbsp;<strong>Jo\u00e3o 19,25-34<\/strong><\/p>\n\n\n\n<p><strong><em>Aleluia<\/em><em>, aleluia, aleluia.<\/em><\/strong><\/p>\n\n\n\n<p><strong>\u00d3 feliz Virgem, que geraste o Senhor;&nbsp;\/&nbsp;\u00f3 santa M\u00e3e da Igreja,&nbsp;\/&nbsp;que nos alimenta com o Esp\u00edrito&nbsp;\/&nbsp;do teu Filho, Jesus Cristo (Lc 1,28).&nbsp;\u2013 R.<\/strong><\/p>\n\n\n\n<p>Proclama\u00e7\u00e3o do Evangelho de Jesus Cristo segundo Jo\u00e3o \u2013 Naquele tempo,&nbsp;<sup>25<\/sup>perto da cruz de Jesus, estavam de p\u00e9 a sua m\u00e3e, a irm\u00e3 da sua m\u00e3e, Maria de Cl\u00e9ofas, e Maria Madalena.&nbsp;<sup>26<\/sup>Jesus, ao ver sua m\u00e3e e, ao lado dela, o disc\u00edpulo que ele amava, disse \u00e0 m\u00e3e: \u201cMulher, este \u00e9 o teu filho\u201d.&nbsp;<sup>27<\/sup>Depois disse ao disc\u00edpulo: \u201cEsta \u00e9 a tua m\u00e3e\u201d. Daquela hora em diante, o disc\u00edpulo a acolheu consigo.&nbsp;<sup>28<\/sup>Depois disso, Jesus, sabendo que tudo estava consumado, e para que a Escritura se cumprisse at\u00e9 o fim, disse: \u201cTenho sede\u201d.&nbsp;<sup>29<\/sup>Havia ali uma jarra de vinagre. Amarraram numa vara uma esponja embebida de vinagre e levaram-na \u00e0 boca de Jesus.&nbsp;<sup>30<\/sup>Ele tomou o vinagre e disse: \u201cTudo est\u00e1 consumado\u201d. E, inclinando a cabe\u00e7a, entregou o esp\u00edrito.&nbsp;<sup>31<\/sup>Era o dia da prepara\u00e7\u00e3o para a P\u00e1scoa. Os judeus queriam evitar que os corpos ficassem na cruz durante o s\u00e1bado, porque aquele s\u00e1bado era dia de festa solene. Ent\u00e3o pediram a Pilatos que mandasse quebrar as pernas aos crucificados e os tirasse da cruz.&nbsp;<sup>32<\/sup>Os soldados foram e quebraram as pernas de um e depois do outro que foram crucificados com Jesus.&nbsp;<sup>33<\/sup>Ao se aproximarem de Jesus, e vendo que j\u00e1 estava morto, n\u00e3o lhe quebraram as pernas;&nbsp;<sup>34<\/sup>mas um soldado abriu-lhe o lado com uma lan\u00e7a, e logo saiu sangue e \u00e1gua. \u2013 Palavra da salva\u00e7\u00e3o.<\/p>\n\n\n\n<p>Reflex\u00e3o:<\/p>\n\n\n\n<p><em>Mediante decreto da Congrega\u00e7\u00e3o para o Culto Divino e a Disciplina dos Sacramentos, publicado em 11\/02\/2018, o papa Francisco instituiu a mem\u00f3ria da Bem-Aventurada Virgem Maria, M\u00e3e da Igreja, a ser celebrada na segunda-feira depois de Pentecostes. Ao promover esta mem\u00f3ria obrigat\u00f3ria, o papa Francisco visa favorecer o crescimento materno da Igreja nos pastores, nos religiosos e nos fi\u00e9is, como tamb\u00e9m a genu\u00edna piedade mariana. Considerando o Evangelho do dia, o decreto afirma: \u201cA M\u00e3e, que estava junto \u00e0 cruz, aceitou o testamento do amor do seu Filho e acolheu todos os homens, personificados no disc\u00edpulo amado\u2026 tornando-se a amorosa M\u00e3e da Igreja, que Cristo gerou na cruz, dando o Esp\u00edrito. Por sua vez, no disc\u00edpulo amado, Cristo elegeu todos os disc\u00edpulos como herdeiros do seu amor para com a M\u00e3e\u201d.<\/em><\/p>\n","protected":false},"excerpt":{"rendered":"<p>Os disc\u00edpulos unidos perseveravam em ora\u00e7\u00e3o com Maria, a M\u00e3e de Jesus (At 1,14). A mem\u00f3ria da Bem-aventurada Virgem Maria, M\u00e3e da Igreja, foi institu\u00edda pelo papa Francisco em 2018. Recorda que a&#8230;<\/p>\n","protected":false},"author":2,"featured_media":20288,"comment_status":"open","ping_status":"open","sticky":false,"template":"","format":"standard","meta":[],"categories":[7],"tags":[],"_links":{"self":[{"href":"https:\/\/www.salvatorianas.org.br\/blog\/wp-json\/wp\/v2\/posts\/20287"}],"collection":[{"href":"https:\/\/www.salvatorianas.org.br\/blog\/wp-json\/wp\/v2\/posts"}],"about":[{"href":"https:\/\/www.salvatorianas.org.br\/blog\/wp-json\/wp\/v2\/types\/post"}],"author":[{"embeddable":true,"href":"https:\/\/www.salvatorianas.org.br\/blog\/wp-json\/wp\/v2\/users\/2"}],"replies":[{"embeddable":true,"href":"https:\/\/www.salvatorianas.org.br\/blog\/wp-json\/wp\/v2\/comments?post=20287"}],"version-history":[{"count":1,"href":"https:\/\/www.salvatorianas.org.br\/blog\/wp-json\/wp\/v2\/posts\/20287\/revisions"}],"predecessor-version":[{"id":20289,"href":"https:\/\/www.salvatorianas.org.br\/blog\/wp-json\/wp\/v2\/posts\/20287\/revisions\/20289"}],"wp:featuredmedia":[{"embeddable":true,"href":"https:\/\/www.salvatorianas.org.br\/blog\/wp-json\/wp\/v2\/media\/20288"}],"wp:attachment":[{"href":"https:\/\/www.salvatorianas.org.br\/blog\/wp-json\/wp\/v2\/media?parent=20287"}],"wp:term":[{"taxonomy":"category","embeddable":true,"href":"https:\/\/www.salvatorianas.org.br\/blog\/wp-json\/wp\/v2\/categories?post=20287"},{"taxonomy":"post_tag","embeddable":true,"href":"https:\/\/www.salvatorianas.org.br\/blog\/wp-json\/wp\/v2\/tags?post=20287"}],"curies":[{"name":"wp","href":"https:\/\/api.w.org\/{rel}","templated":true}]}}