{"id":20283,"date":"2023-05-28T13:55:16","date_gmt":"2023-05-28T13:55:16","guid":{"rendered":"https:\/\/www.salvatorianas.org.br\/blog\/?p=20283"},"modified":"2023-05-28T13:55:43","modified_gmt":"2023-05-28T13:55:43","slug":"domingo-de-pentecostes","status":"publish","type":"post","link":"https:\/\/www.salvatorianas.org.br\/blog\/domingo-de-pentecostes\/","title":{"rendered":"Domingo de Pentecostes"},"content":{"rendered":"\n<p><strong>PENTECOSTES<\/strong><\/p>\n\n\n\n<p>O Esp\u00edrito do Senhor encheu o universo; ele mant\u00e9m unidas todas as coisas e conhece todas as l\u00ednguas, aleluia! (Sb 1,7)<\/p>\n\n\n\n<p><em>Celebremos com viva alegria a solenidade de Pentecostes. O Esp\u00edrito do Senhor desceu sobre n\u00f3s e nos congregou na mesma f\u00e9 e numa s\u00f3 fam\u00edlia. O universo todo se renova com a presen\u00e7a do Esp\u00edrito criador e unificador, o qual nos leva a respeitar e valorizar toda a obra criada por Deus.<\/em><\/p>\n\n\n\n<p>Primeira Leitura:&nbsp;<strong>Atos 2,1-11<\/strong><\/p>\n\n\n\n<p>Leitura dos Atos dos Ap\u00f3stolos \u2013&nbsp;<sup>1<\/sup>Quando chegou o dia de Pentecostes, os disc\u00edpulos estavam todos reunidos no mesmo lugar.&nbsp;<sup>2<\/sup>De repente, veio do c\u00e9u um barulho como se fosse uma forte ventania, que encheu a casa onde eles se encontravam.&nbsp;<sup>3<\/sup>Ent\u00e3o apareceram l\u00ednguas como de fogo que se repartiram e pousaram sobre cada um deles.&nbsp;<sup>4<\/sup>Todos ficaram cheios do Esp\u00edrito Santo e come\u00e7aram a falar em outras l\u00ednguas, conforme o Esp\u00edrito os inspirava.&nbsp;<sup>5<\/sup>Moravam em Jerusal\u00e9m judeus devotos, de todas as na\u00e7\u00f5es do mundo.&nbsp;<sup>6<\/sup>Quando ouviram o barulho, juntou-se a multid\u00e3o e todos ficaram confusos, pois cada um ouvia os disc\u00edpulos falar em sua pr\u00f3pria l\u00edngua.&nbsp;<sup>7<\/sup>Cheios de espanto e admira\u00e7\u00e3o, diziam: \u201cEsses homens que est\u00e3o falando n\u00e3o s\u00e3o todos galileus?&nbsp;<sup>8<\/sup>Como \u00e9 que n\u00f3s os escutamos na nossa pr\u00f3pria l\u00edngua?&nbsp;<sup>9<\/sup>N\u00f3s que somos partos, medos e elamitas, habitantes da Mesopot\u00e2mia, da Judeia e da Capad\u00f3cia, do Ponto e da \u00c1sia,&nbsp;<sup>10<\/sup>da Fr\u00edgia e da Panf\u00edlia, do Egito e da parte da L\u00edbia pr\u00f3xima de Cirene, tamb\u00e9m romanos que aqui residem;&nbsp;<sup>11<\/sup>judeus e pros\u00e9litos, cretenses e \u00e1rabes, todos n\u00f3s os escutamos anunciarem as maravilhas de Deus na nossa pr\u00f3pria l\u00edngua!\u201d \u2013 Palavra do Senhor.<\/p>\n\n\n\n<p>Salmo Responsorial:&nbsp;<strong>103(104)<\/strong><\/p>\n\n\n\n<p><em><strong>Enviai o vosso Esp\u00edrito, Senhor,&nbsp;\/&nbsp;e da terra toda a face renovai.<\/strong><\/em><\/p>\n\n\n\n<p>1. Bendize, \u00f3 minha alma, ao Senhor!&nbsp;\/&nbsp;\u00d3 meu Deus e meu Senhor, como sois grande!&nbsp;\/&nbsp;Qu\u00e3o numerosas, \u00f3 Senhor, s\u00e3o vossas obras!&nbsp;\/&nbsp;Encheu-se a terra com as vossas criaturas!&nbsp;\u2013 R.<\/p>\n\n\n\n<p>2. Se tirais o seu respiro, elas perecem&nbsp;\/&nbsp;e voltam para o p\u00f3 de onde vieram.&nbsp;\/&nbsp;Enviais o vosso esp\u00edrito e renascem,&nbsp;\/&nbsp;e da terra toda a face renovais.&nbsp;\u2013 R.<\/p>\n\n\n\n<p>3. Que a gl\u00f3ria do Senhor perdure sempre,&nbsp;\/&nbsp;e alegre-se o Senhor em suas obras!&nbsp;\/&nbsp;Hoje, seja-lhe agrad\u00e1vel o meu canto,&nbsp;\/&nbsp;pois o Senhor \u00e9 a minha grande alegria!&nbsp;\u2013 R.<\/p>\n\n\n\n<p>Segunda Leitura:&nbsp;<strong>1 Cor\u00edntios 12,3-7.12-13<\/strong><\/p>\n\n\n\n<p>Leitura da primeira carta de S\u00e3o Paulo aos Cor\u00edntios \u2013 Irm\u00e3os,&nbsp;<sup>3<\/sup>ningu\u00e9m pode dizer: \u201cJesus \u00e9 o Senhor\u201d, a n\u00e3o ser no Esp\u00edrito Santo.&nbsp;<sup>4<\/sup>H\u00e1 diversidade de dons, mas um mesmo \u00e9 o Esp\u00edrito.&nbsp;<sup>5<\/sup>H\u00e1 diversidade de minist\u00e9rios, mas um mesmo \u00e9 o Senhor.&nbsp;<sup>6<\/sup>H\u00e1 diferentes atividades, mas um mesmo Deus que realiza todas as coisas em todos.&nbsp;<sup>7<\/sup>A cada um \u00e9 dada a manifesta\u00e7\u00e3o do Esp\u00edrito em vista do bem comum.&nbsp;<sup>12<\/sup>Como o corpo \u00e9 um, embora tenha muitos membros, e como todos os membros do corpo, embora sejam muitos, formam um s\u00f3 corpo, assim tamb\u00e9m acontece com Cristo.&nbsp;<sup>13<\/sup>De fato, todos n\u00f3s, judeus ou gregos, escravos ou livres, fomos batizados num \u00fanico Esp\u00edrito, para formarmos um \u00fanico corpo, e todos n\u00f3s bebemos de um \u00fanico Esp\u00edrito. \u2013 Palavra do Senhor.<\/p>\n\n\n\n<p>Evangelho:&nbsp;<strong>Jo\u00e3o 20,19-23<\/strong><\/p>\n\n\n\n<p><strong><em>Aleluia, aleluia, aleluia.<\/em><\/strong><\/p>\n\n\n\n<p><strong>Vinde, Esp\u00edrito divino, e enchei com vossos dons os cora\u00e7\u00f5es dos fi\u00e9is;&nbsp;\/&nbsp;e acendei neles o amor, como um fogo abrasador!&nbsp;\u2013 R.<\/strong><\/p>\n\n\n\n<p>Proclama\u00e7\u00e3o do Evangelho de Jesus Cristo segundo Jo\u00e3o \u2013&nbsp;<sup>19<\/sup>Ao anoitecer daquele dia, o primeiro da semana, estando fechadas, por medo dos judeus, as portas do lugar onde os disc\u00edpulos se encontravam, Jesus entrou e, pondo-se no meio deles, disse: \u201cA paz esteja convosco\u201d.&nbsp;<sup>20<\/sup>Depois dessas palavras, mostrou-lhes as m\u00e3os e o lado. Ent\u00e3o os disc\u00edpulos se alegraram por verem o Senhor.&nbsp;<sup>21<\/sup>Novamente, Jesus disse: \u201cA paz esteja convosco. Como o Pai me enviou, tamb\u00e9m eu vos envio\u201d.&nbsp;<sup>22<\/sup>E depois de ter dito isso, soprou sobre eles e disse: \u201cRecebei o Esp\u00edrito Santo.&nbsp;<sup>23<\/sup>A quem perdoardes os pecados, eles lhes ser\u00e3o perdoados; a quem n\u00e3o os perdoardes, eles lhes ser\u00e3o retidos\u201d. \u2013 Palavra da salva\u00e7\u00e3o.<\/p>\n\n\n\n<p>Reflex\u00e3o:<\/p>\n\n\n\n<p><em>Para o quarto Evangelho, Pentecostes acontece no mesmo dia da P\u00e1scoa. Jesus se apresenta no meio dos disc\u00edpulos e lhes dirige a sauda\u00e7\u00e3o pascal: \u201cA paz esteja com voc\u00eas\u201d. A paz que Jesus oferece afasta o medo. Com efeito, \u201cos disc\u00edpulos ficaram contentes, porque viram o Senhor\u201d. Mission\u00e1rio do Pai por excel\u00eancia, Jesus nesse instante envia seus disc\u00edpulos como testemunhas de tudo o que dele aprenderam; dever\u00e3o prolongar no mundo a sua obra. Para isso, reveste-os com o dom do Esp\u00edrito Santo e com o poder de perdoar pecados. \u00c9 um poder que discerne e julga, que reconcilia e exclui. O pecado consiste em gerar e promover a injusti\u00e7a, contr\u00e1ria naturalmente ao projeto de Jesus. Tarefa da comunidade crist\u00e3 \u00e9 lutar pela implanta\u00e7\u00e3o da justi\u00e7a, fazendo com que todos tenham vida em abund\u00e2ncia.<\/em><\/p>\n","protected":false},"excerpt":{"rendered":"<p>PENTECOSTES O Esp\u00edrito do Senhor encheu o universo; ele mant\u00e9m unidas todas as coisas e conhece todas as l\u00ednguas, aleluia! (Sb 1,7) Celebremos com viva alegria a solenidade de Pentecostes. O Esp\u00edrito do&#8230;<\/p>\n","protected":false},"author":2,"featured_media":20284,"comment_status":"open","ping_status":"open","sticky":false,"template":"","format":"standard","meta":[],"categories":[7],"tags":[],"_links":{"self":[{"href":"https:\/\/www.salvatorianas.org.br\/blog\/wp-json\/wp\/v2\/posts\/20283"}],"collection":[{"href":"https:\/\/www.salvatorianas.org.br\/blog\/wp-json\/wp\/v2\/posts"}],"about":[{"href":"https:\/\/www.salvatorianas.org.br\/blog\/wp-json\/wp\/v2\/types\/post"}],"author":[{"embeddable":true,"href":"https:\/\/www.salvatorianas.org.br\/blog\/wp-json\/wp\/v2\/users\/2"}],"replies":[{"embeddable":true,"href":"https:\/\/www.salvatorianas.org.br\/blog\/wp-json\/wp\/v2\/comments?post=20283"}],"version-history":[{"count":1,"href":"https:\/\/www.salvatorianas.org.br\/blog\/wp-json\/wp\/v2\/posts\/20283\/revisions"}],"predecessor-version":[{"id":20285,"href":"https:\/\/www.salvatorianas.org.br\/blog\/wp-json\/wp\/v2\/posts\/20283\/revisions\/20285"}],"wp:featuredmedia":[{"embeddable":true,"href":"https:\/\/www.salvatorianas.org.br\/blog\/wp-json\/wp\/v2\/media\/20284"}],"wp:attachment":[{"href":"https:\/\/www.salvatorianas.org.br\/blog\/wp-json\/wp\/v2\/media?parent=20283"}],"wp:term":[{"taxonomy":"category","embeddable":true,"href":"https:\/\/www.salvatorianas.org.br\/blog\/wp-json\/wp\/v2\/categories?post=20283"},{"taxonomy":"post_tag","embeddable":true,"href":"https:\/\/www.salvatorianas.org.br\/blog\/wp-json\/wp\/v2\/tags?post=20283"}],"curies":[{"name":"wp","href":"https:\/\/api.w.org\/{rel}","templated":true}]}}