{"id":20272,"date":"2023-05-27T16:59:04","date_gmt":"2023-05-27T16:59:04","guid":{"rendered":"https:\/\/www.salvatorianas.org.br\/blog\/?p=20272"},"modified":"2023-05-27T16:59:05","modified_gmt":"2023-05-27T16:59:05","slug":"7a-semana-da-pascoa-sabado","status":"publish","type":"post","link":"https:\/\/www.salvatorianas.org.br\/blog\/7a-semana-da-pascoa-sabado\/","title":{"rendered":"7\u00aa Semana da P\u00e1scoa | S\u00e1bado"},"content":{"rendered":"\n<p><strong>PENTECOSTES<\/strong><\/p>\n\n\n\n<p><em>Nesta vig\u00edlia de Pentecostes, somos motivados a acolher, com a mente e o cora\u00e7\u00e3o abertos, o dom do Esp\u00edrito Santo. Ele vem em socorro de nossa fraqueza e acende em n\u00f3s o amor e a alegria de sermos a assembleia amada de Deus. Rezemos juntos:<\/em>\u00a0<em>\u201cVinde, Esp\u00edrito Santo, enchei os cora\u00e7\u00f5es dos vossos fi\u00e9is e acendei neles o fogo do vosso amor. Enviai o vosso Esp\u00edrito e tudo ser\u00e1 criado, e renovareis a face da terra\u201d.<\/em><\/p>\n\n\n\n<p>Primeira Leitura:&nbsp;<strong>G\u00eanesis 11,1-9<\/strong><\/p>\n\n\n\n<p>Leitura do livro do G\u00eanesis \u2013&nbsp;<sup>1<\/sup>Toda a terra tinha uma s\u00f3 linguagem e servia-se das mesmas palavras.&nbsp;<sup>2<\/sup>E aconteceu que, partindo do oriente, os homens acharam uma plan\u00edcie na terra de Senaar e a\u00ed se estabeleceram.&nbsp;<sup>3<\/sup>E disseram uns aos outros: \u201cVamos, fa\u00e7amos tijolos e cozamo-los ao fogo\u201d. Usaram tijolos em vez de pedra, e betume em lugar de argamassa.&nbsp;<sup>4<\/sup>E disseram: \u201cVamos, fa\u00e7amos para n\u00f3s uma cidade e uma torre cujo cimo atinja o c\u00e9u. Assim, ficaremos famosos e n\u00e3o seremos dispersos por toda a face da terra\u201d.&nbsp;<sup>5<\/sup>Ent\u00e3o o Senhor desceu para ver a cidade e a torre que os homens estavam construindo.&nbsp;<sup>6<\/sup>E o Senhor disse: \u201cEis que eles s\u00e3o um s\u00f3 povo e falam uma s\u00f3 l\u00edngua. E isso \u00e9 apenas o come\u00e7o de seus empreendimentos. Agora, nada os impedir\u00e1 de fazer o que se propuseram.&nbsp;<sup>7<\/sup>Des\u00e7amos e confundamos a sua l\u00edngua, de modo que n\u00e3o se entendam uns aos outros\u201d.&nbsp;<sup>8<\/sup>E o Senhor os dispersou daquele lugar por toda a superf\u00edcie da terra, e eles cessaram de construir a cidade.&nbsp;<sup>9<\/sup>Por isso, foi chamada Babel, porque foi a\u00ed que o Senhor confundiu a linguagem de todo o mundo e da\u00ed dispersou os homens por toda a terra. \u2013 Palavra do Senhor.<\/p>\n\n\n\n<p><strong>Leituras opcionais:&nbsp;\u00caxodo 19,3-8a.16-20b; Ezequiel 37,1-14; Joel 3,1-5.<\/strong><\/p>\n\n\n\n<p>Salmo Responsorial:&nbsp;<strong>103(104)<\/strong><\/p>\n\n\n\n<p><em><strong>Enviai o vosso Esp\u00edrito, Senhor,&nbsp;\/&nbsp;e da terra toda a face renovai.<\/strong><\/em><\/p>\n\n\n\n<p>1. Bendize, \u00f3 minha alma, ao Senhor!&nbsp;\/&nbsp;\u00d3 meu Deus e meu Senhor, como sois grande!&nbsp;\/&nbsp;De majestade e esplendor vos revestis&nbsp;\/&nbsp;e de luz vos envolveis como num manto.&nbsp;\u2013 R.<\/p>\n\n\n\n<p>2. Qu\u00e3o numerosas, \u00f3 Senhor, s\u00e3o vossas obras,&nbsp;\/&nbsp;e que sabedoria em todas elas!&nbsp;\/&nbsp;Encheu-se a terra com as vossas criaturas.&nbsp;\/&nbsp;Bendize, \u00f3 minha alma, ao Senhor!&nbsp;\u2013 R.<\/p>\n\n\n\n<p>3. Todos eles, \u00f3 Senhor, de v\u00f3s esperam&nbsp;\/&nbsp;que a seu tempo v\u00f3s lhes deis o alimento;&nbsp;\/&nbsp;v\u00f3s lhes dais o que comer e eles recolhem,&nbsp;\/&nbsp;v\u00f3s abris a vossa m\u00e3o e eles se fartam.&nbsp;\u2013 R.<\/p>\n\n\n\n<p>4. Se tirais o seu respiro, eles perecem&nbsp;\/&nbsp;e voltam para o p\u00f3 de onde vieram;&nbsp;\/&nbsp;enviais o vosso esp\u00edrito e renascem,&nbsp;\/&nbsp;e da terra toda a face renovais.&nbsp;\u2013 R.<\/p>\n\n\n\n<p>Segunda Leitura:&nbsp;<strong>Romanos 8,22-27<\/strong><\/p>\n\n\n\n<p>Leitura da carta de S\u00e3o Paulo aos Romanos \u2013 Irm\u00e3os,&nbsp;<sup>22<\/sup>sabemos que toda a cria\u00e7\u00e3o, at\u00e9 o tempo presente, est\u00e1 gemendo como que em dores de parto.&nbsp;<sup>23<\/sup>E n\u00e3o somente ela, mas n\u00f3s tamb\u00e9m, que temos os primeiros frutos do Esp\u00edrito, estamos interiormente gemendo, aguardando a ado\u00e7\u00e3o filial e a liberta\u00e7\u00e3o para o nosso corpo.&nbsp;<sup>24<\/sup>Pois j\u00e1 fomos salvos, mas na esperan\u00e7a. Ora, o objeto da esperan\u00e7a n\u00e3o \u00e9 aquilo que a gente est\u00e1 vendo; como pode algu\u00e9m esperar o que j\u00e1 v\u00ea?&nbsp;<sup>25<\/sup>Mas, se esperamos o que n\u00e3o vemos, \u00e9 porque o estamos aguardando mediante a perseveran\u00e7a.&nbsp;<sup>26<\/sup>Tamb\u00e9m o Esp\u00edrito vem em socorro da nossa fraqueza. Pois n\u00f3s n\u00e3o sabemos o que pedir nem como pedir; \u00e9 o pr\u00f3prio Esp\u00edrito que intercede em nosso favor com gemidos inef\u00e1veis.&nbsp;<sup>27<\/sup>E aquele que penetra o \u00edntimo dos cora\u00e7\u00f5es sabe qual \u00e9 a inten\u00e7\u00e3o do Esp\u00edrito. Pois \u00e9 sempre segundo Deus que o Esp\u00edrito intercede em favor dos santos. \u2013 Palavra do Senhor.<\/p>\n\n\n\n<p>Evangelho:&nbsp;<strong>Jo\u00e3o 7,37-39<\/strong><\/p>\n\n\n\n<p><strong><em>Aleluia, aleluia, aleluia.<\/em><\/strong><\/p>\n\n\n\n<p><strong>Vinde, Esp\u00edrito divino, e enchei com vossos dons os cora\u00e7\u00f5es dos fi\u00e9is;&nbsp;\/&nbsp;e acendei neles o amor, como um fogo abrasador!&nbsp;\u2013 R.<\/strong><\/p>\n\n\n\n<p>Proclama\u00e7\u00e3o do Evangelho de Jesus Cristo segundo Jo\u00e3o \u2013&nbsp;<sup>37<\/sup>No \u00faltimo dia da festa, o dia mais solene, Jesus, em p\u00e9, proclamou em voz alta: \u201cSe algu\u00e9m tem sede, venha a mim e beba.&nbsp;<sup>38<\/sup>Aquele que cr\u00ea em mim, conforme diz a Escritura, rios de \u00e1gua viva jorrar\u00e3o do seu interior\u201d.&nbsp;<sup>39<\/sup>Jesus falava do Esp\u00edrito, que deviam receber os que tivessem f\u00e9 nele; pois ainda n\u00e3o tinha sido dado o Esp\u00edrito, porque Jesus ainda n\u00e3o tinha sido glorificado. \u2013 Palavra da salva\u00e7\u00e3o.<\/p>\n\n\n\n<p>Reflex\u00e3o:<\/p>\n\n\n\n<p><strong>Pistas para a reflex\u00e3o<\/strong><\/p>\n\n\n\n<p><strong>I leitura:<\/strong>&nbsp;A cidade de Babel \u00e9 s\u00edmbolo da opress\u00e3o e da viol\u00eancia dos grandes imp\u00e9rios da Mesopot\u00e2mia. Com a empreitada da torre, os seres humanos querem se igualar a Deus (atingir o c\u00e9u) e ser famosos. \u00c9 a arrog\u00e2ncia humana que provoca confus\u00e3o e divis\u00e3o, projeto oposto ao desejado por Deus.<\/p>\n\n\n\n<p><strong>II leitura:<\/strong>&nbsp;O Esp\u00edrito de Deus vem em socorro de nossas fraquezas. Ele \u00e9 apoio para nossa f\u00e9 e nossa esperan\u00e7a. Os crist\u00e3os que vivem uma rela\u00e7\u00e3o filial com Deus, gra\u00e7as ao dom do Esp\u00edrito, escutam os gemidos da cria\u00e7\u00e3o e os convertem em respeito \u00e0 natureza, nossa casa comum.<\/p>\n\n\n\n<p><strong>Evangelho:<\/strong>&nbsp;Na festa das Tendas ou dos Tabern\u00e1culos, festa da luz e da \u00e1gua, Jesus se apresenta como fonte de \u00e1gua que sacia as mais profundas necessidades humanas. A sede \u00e9 express\u00e3o b\u00e1sica da necessidade humana de viver. A Palavra de Jesus \u00e9 a \u00e1gua viva que sacia quem a acolhe e a vive<em>.<\/em><\/p>\n","protected":false},"excerpt":{"rendered":"<p>PENTECOSTES Nesta vig\u00edlia de Pentecostes, somos motivados a acolher, com a mente e o cora\u00e7\u00e3o abertos, o dom do Esp\u00edrito Santo. Ele vem em socorro de nossa fraqueza e acende em n\u00f3s o&#8230;<\/p>\n","protected":false},"author":2,"featured_media":20273,"comment_status":"open","ping_status":"open","sticky":false,"template":"","format":"standard","meta":[],"categories":[7],"tags":[],"_links":{"self":[{"href":"https:\/\/www.salvatorianas.org.br\/blog\/wp-json\/wp\/v2\/posts\/20272"}],"collection":[{"href":"https:\/\/www.salvatorianas.org.br\/blog\/wp-json\/wp\/v2\/posts"}],"about":[{"href":"https:\/\/www.salvatorianas.org.br\/blog\/wp-json\/wp\/v2\/types\/post"}],"author":[{"embeddable":true,"href":"https:\/\/www.salvatorianas.org.br\/blog\/wp-json\/wp\/v2\/users\/2"}],"replies":[{"embeddable":true,"href":"https:\/\/www.salvatorianas.org.br\/blog\/wp-json\/wp\/v2\/comments?post=20272"}],"version-history":[{"count":1,"href":"https:\/\/www.salvatorianas.org.br\/blog\/wp-json\/wp\/v2\/posts\/20272\/revisions"}],"predecessor-version":[{"id":20274,"href":"https:\/\/www.salvatorianas.org.br\/blog\/wp-json\/wp\/v2\/posts\/20272\/revisions\/20274"}],"wp:featuredmedia":[{"embeddable":true,"href":"https:\/\/www.salvatorianas.org.br\/blog\/wp-json\/wp\/v2\/media\/20273"}],"wp:attachment":[{"href":"https:\/\/www.salvatorianas.org.br\/blog\/wp-json\/wp\/v2\/media?parent=20272"}],"wp:term":[{"taxonomy":"category","embeddable":true,"href":"https:\/\/www.salvatorianas.org.br\/blog\/wp-json\/wp\/v2\/categories?post=20272"},{"taxonomy":"post_tag","embeddable":true,"href":"https:\/\/www.salvatorianas.org.br\/blog\/wp-json\/wp\/v2\/tags?post=20272"}],"curies":[{"name":"wp","href":"https:\/\/api.w.org\/{rel}","templated":true}]}}