{"id":20267,"date":"2023-05-26T19:32:47","date_gmt":"2023-05-26T19:32:47","guid":{"rendered":"https:\/\/www.salvatorianas.org.br\/blog\/?p=20267"},"modified":"2023-05-26T19:32:48","modified_gmt":"2023-05-26T19:32:48","slug":"sao-filipe-neri-presbitero-memoria-sexta-feira","status":"publish","type":"post","link":"https:\/\/www.salvatorianas.org.br\/blog\/sao-filipe-neri-presbitero-memoria-sexta-feira\/","title":{"rendered":"S\u00e3o Filipe N\u00e9ri, presb\u00edtero &#8211; Mem\u00f3ria | Sexta-feira"},"content":{"rendered":"\n<p>Repousa sobre mim o Esp\u00edrito do Senhor; ele me ungiu para levar a Boa-Nova aos pobres e curar os cora\u00e7\u00f5es contritos, aleluia! (Lc 4,18)<\/p>\n\n\n\n<p><em>Filipe nasceu na It\u00e1lia em 1515 e l\u00e1 faleceu em 1595. Ordenado presb\u00edtero, tornou-se o \u201cap\u00f3stolo de Roma\u201d, prestando assist\u00eancia aos peregrinos, doentes e pobres da cidade e fundando a Confedera\u00e7\u00e3o do Orat\u00f3rio, dedicada \u00e0 forma\u00e7\u00e3o de jovens e \u00e0 caridade. Nos \u00faltimos anos de sua vida, retirou-se para uma atividade privada de confiss\u00f5es e dire\u00e7\u00e3o espiritual. A seu exemplo, firmemos nosso compromisso crist\u00e3o, pondo-o a servi\u00e7o dos irm\u00e3os e irm\u00e3s como express\u00e3o de nossa f\u00e9.<\/em><\/p>\n\n\n\n<p>Primeira Leitura:&nbsp;<strong>Atos 25,13-21<\/strong><\/p>\n\n\n\n<p>Leitura dos Atos dos Ap\u00f3stolos \u2013 Naqueles dias,&nbsp;<sup>13<\/sup>o rei Agripa e Berenice chegaram a Cesareia e foram cumprimentar Festo.&nbsp;<sup>14<\/sup>Como ficassem alguns dias a\u00ed, Festo exp\u00f4s ao rei o caso de Paulo, dizendo: \u201cEst\u00e1 aqui um homem que F\u00e9lix deixou como prisioneiro.&nbsp;<sup>15<\/sup>Quando eu estive em Jerusal\u00e9m, os sumos sacerdotes e os anci\u00e3os dos judeus apresentaram acusa\u00e7\u00f5es contra ele e pediram-me que o condenasse.&nbsp;<sup>16<\/sup>Mas eu lhes respondi que os romanos n\u00e3o costumam entregar um homem antes que o acusado tenha sido confrontado com os acusadores e possa defender-se da acusa\u00e7\u00e3o.&nbsp;<sup>17<\/sup>Eles vieram para c\u00e1 e, no dia seguinte, sem demora, sentei-me no tribunal e mandei trazer o homem.&nbsp;<sup>18<\/sup>Seus acusadores compareceram diante dele, mas n\u00e3o trouxeram nenhuma acusa\u00e7\u00e3o de crimes de que eu pudesse suspeitar.&nbsp;<sup>19<\/sup>Tinham somente certas quest\u00f5es sobre a sua pr\u00f3pria religi\u00e3o e a respeito de um certo Jesus que j\u00e1 morreu, mas que Paulo afirma estar vivo.&nbsp;<sup>20<\/sup>Eu n\u00e3o sabia o que fazer para averiguar o assunto. Perguntei ent\u00e3o a Paulo se ele preferia ir a Jerusal\u00e9m, para ser julgado l\u00e1.&nbsp;<sup>21<\/sup>Mas Paulo fez uma apela\u00e7\u00e3o para que a sua causa fosse reservada ao ju\u00edzo do augusto imperador. Ent\u00e3o ordenei que ficasse preso at\u00e9 que eu pudesse envi\u00e1-lo a C\u00e9sar\u201d. \u2013 Palavra do Senhor.<\/p>\n\n\n\n<p>Salmo Responsorial:&nbsp;<strong>102(103)<\/strong><\/p>\n\n\n\n<p><strong>O Senhor p\u00f4s o seu trono l\u00e1 nos c\u00e9us.<\/strong><\/p>\n\n\n\n<p>1. Bendize, \u00f3 minha alma, ao Senhor,&nbsp;\/&nbsp;e todo o meu ser, seu santo nome!&nbsp;\/&nbsp;Bendize, \u00f3 minha alma, ao Senhor, \/ n\u00e3o te esque\u00e7as de nenhum de seus favores!&nbsp;\u2013 R.<\/p>\n\n\n\n<p>2. Quanto os c\u00e9us por sobre a terra se elevam,&nbsp;\/&nbsp;tanto \u00e9 grande o seu amor aos que o temem;&nbsp;\/&nbsp;quanto dista o nascente do poente,&nbsp;\/&nbsp;tanto afasta para longe nossos crimes.&nbsp;\u2013 R.<\/p>\n\n\n\n<p>3. O Senhor p\u00f4s o seu trono l\u00e1 nos c\u00e9us,&nbsp;\/&nbsp;e abrange o mundo inteiro seu reinado.&nbsp;\/&nbsp;Bendizei ao Senhor Deus, seus anjos todos,&nbsp;\/&nbsp;valorosos que cumpris as suas ordens.&nbsp;\u2013 R.<\/p>\n\n\n\n<p>Evangelho:&nbsp;<strong>Jo\u00e3o 21,15-19<\/strong><\/p>\n\n\n\n<p><strong><em>Aleluia, aleluia, aleluia.<\/em><\/strong><\/p>\n\n\n\n<p><strong>O Esp\u00edrito Santo, o Par\u00e1clito,&nbsp;\/&nbsp;haver\u00e1 de lembrar-vos de tudo o que tenho falado (Jo 14,26).&nbsp;\u2013 R.<\/strong><\/p>\n\n\n\n<p>Proclama\u00e7\u00e3o do Evangelho de Jesus Cristo segundo Jo\u00e3o \u2013 Jesus manifestou-se aos seus disc\u00edpulos&nbsp;<sup>15<\/sup>e, depois de comerem, perguntou a Sim\u00e3o Pedro: \u201cSim\u00e3o, filho de Jo\u00e3o, tu me amas mais do que estes?\u201d Pedro respondeu: \u201cSim, Senhor, tu sabes que eu te amo\u201d. Jesus disse: \u201cApascenta os meus cordeiros\u201d.&nbsp;<sup>16<\/sup>E disse de novo a Pedro: \u201cSim\u00e3o, filho de Jo\u00e3o, tu me amas?\u201d Pedro disse: \u201cSim, Senhor, tu sabes que eu te amo\u201d. Jesus disse-lhe: \u201cApascenta as minhas ovelhas\u201d.&nbsp;<sup>17<\/sup>Pela terceira vez, perguntou a Pedro: \u201cSim\u00e3o, filho de Jo\u00e3o, tu me amas?\u201d Pedro ficou triste, porque Jesus perguntou tr\u00eas vezes se ele o amava. Respondeu: \u201cSenhor, tu sabes tudo; tu sabes que eu te amo\u201d. Jesus disse-lhe: \u201cApascenta as minhas ovelhas.&nbsp;<sup>18<\/sup>Em verdade, em verdade te digo, quando eras jovem, tu te cingias e ias para onde querias. Quando fores velho, estender\u00e1s as m\u00e3os e outro te cingir\u00e1 e te levar\u00e1 para onde n\u00e3o queres ir\u201d.&nbsp;<sup>19<\/sup>Jesus disse isso significando com que morte Pedro iria glorificar a Deus. E acrescentou: \u201cSegue-me\u201d. \u2013 Palavra da salva\u00e7\u00e3o.<\/p>\n\n\n\n<p>Reflex\u00e3o:<\/p>\n\n\n\n<p><em>Jesus ressuscitado submete Pedro a uma prova. A mesma pergunta, em tr\u00eas momentos consecutivos: \u201cPedro, tu me amas?\u201d. Pedro toma consci\u00eancia do que significa seguir a Jesus at\u00e9 as \u00faltimas consequ\u00eancias. \u201cTu sabes que sou teu amigo\u201d: com essa resposta positiva, Pedro aceita entregar sua vida pelo Amigo, do mesmo modo que o Amigo entregou sua vida por n\u00f3s. Concretamente, Pedro assume a condu\u00e7\u00e3o do rebanho de Cristo: cordeiros e ovelhas, isto \u00e9, os l\u00edderes com o povo de Deus. Ser crist\u00e3o \u00e9 repetir ao Senhor, todos os dias, que o amamos, apesar de nossos pecados, nossa ignor\u00e2ncia e nossas nega\u00e7\u00f5es. \u00c0 medida que nos colocamos na din\u00e2mica do seguimento de Jesus, vamos amadurecendo no caminho que ele tra\u00e7ou para n\u00f3s. Resposta fecunda do aut\u00eantico disc\u00edpulo de Cristo.<\/em><\/p>\n","protected":false},"excerpt":{"rendered":"<p>Repousa sobre mim o Esp\u00edrito do Senhor; ele me ungiu para levar a Boa-Nova aos pobres e curar os cora\u00e7\u00f5es contritos, aleluia! (Lc 4,18) Filipe nasceu na It\u00e1lia em 1515 e l\u00e1 faleceu&#8230;<\/p>\n","protected":false},"author":2,"featured_media":20268,"comment_status":"open","ping_status":"open","sticky":false,"template":"","format":"standard","meta":[],"categories":[7],"tags":[],"_links":{"self":[{"href":"https:\/\/www.salvatorianas.org.br\/blog\/wp-json\/wp\/v2\/posts\/20267"}],"collection":[{"href":"https:\/\/www.salvatorianas.org.br\/blog\/wp-json\/wp\/v2\/posts"}],"about":[{"href":"https:\/\/www.salvatorianas.org.br\/blog\/wp-json\/wp\/v2\/types\/post"}],"author":[{"embeddable":true,"href":"https:\/\/www.salvatorianas.org.br\/blog\/wp-json\/wp\/v2\/users\/2"}],"replies":[{"embeddable":true,"href":"https:\/\/www.salvatorianas.org.br\/blog\/wp-json\/wp\/v2\/comments?post=20267"}],"version-history":[{"count":1,"href":"https:\/\/www.salvatorianas.org.br\/blog\/wp-json\/wp\/v2\/posts\/20267\/revisions"}],"predecessor-version":[{"id":20269,"href":"https:\/\/www.salvatorianas.org.br\/blog\/wp-json\/wp\/v2\/posts\/20267\/revisions\/20269"}],"wp:featuredmedia":[{"embeddable":true,"href":"https:\/\/www.salvatorianas.org.br\/blog\/wp-json\/wp\/v2\/media\/20268"}],"wp:attachment":[{"href":"https:\/\/www.salvatorianas.org.br\/blog\/wp-json\/wp\/v2\/media?parent=20267"}],"wp:term":[{"taxonomy":"category","embeddable":true,"href":"https:\/\/www.salvatorianas.org.br\/blog\/wp-json\/wp\/v2\/categories?post=20267"},{"taxonomy":"post_tag","embeddable":true,"href":"https:\/\/www.salvatorianas.org.br\/blog\/wp-json\/wp\/v2\/tags?post=20267"}],"curies":[{"name":"wp","href":"https:\/\/api.w.org\/{rel}","templated":true}]}}