{"id":20262,"date":"2023-05-22T01:00:00","date_gmt":"2023-05-22T01:00:00","guid":{"rendered":"https:\/\/www.salvatorianas.org.br\/blog\/?p=20262"},"modified":"2023-05-19T14:14:07","modified_gmt":"2023-05-19T14:14:07","slug":"7a-semana-da-pascoa-segunda-feira","status":"publish","type":"post","link":"https:\/\/www.salvatorianas.org.br\/blog\/7a-semana-da-pascoa-segunda-feira\/","title":{"rendered":"7\u00aa Semana da P\u00e1scoa | Segunda-feira"},"content":{"rendered":"\n<p>Recebereis a for\u00e7a do Esp\u00edrito Santo, que descer\u00e1 em v\u00f3s, e dareis testemunho de mim at\u00e9 os confins da terra, aleluia! (At 1,8)<\/p>\n\n\n\n<p><em>Os mission\u00e1rios de Cristo se empenham, \u201cprocurando convencer os ouvintes sobre o Reino de Deus\u201d e batizando \u201cno nome do Senhor Jesus\u201d. Rendamos gra\u00e7as ao Pai por todos os que, com seu agir, semeiam nos cora\u00e7\u00f5es a certeza de que n\u00e3o caminham s\u00f3s nem abandonados por Deus.<\/em><\/p>\n\n\n\n<p>Primeira Leitura:&nbsp;<strong>Atos 19,1-8<\/strong><\/p>\n\n\n\n<p>Leitura dos Atos dos Ap\u00f3stolos \u2013&nbsp;<sup>1<\/sup>Enquanto Apolo estava em Corinto, Paulo atravessou as regi\u00f5es montanhosas e chegou a \u00c9feso. A\u00ed encontrou alguns disc\u00edpulos e perguntou-lhes:&nbsp;<sup>2<\/sup>\u201cV\u00f3s recebestes o Esp\u00edrito Santo quando abra\u00e7astes a f\u00e9?\u201d Eles responderam: \u201cNem sequer ouvimos dizer que existe o Esp\u00edrito Santo!\u201d&nbsp;<sup>3<\/sup>Ent\u00e3o Paulo perguntou: \u201cQue batismo v\u00f3s recebestes?\u201d Eles responderam: \u201cO batismo de Jo\u00e3o\u201d.&nbsp;<sup>4<\/sup>Paulo disse-lhes: \u201cJo\u00e3o administrava um batismo de convers\u00e3o, dizendo ao povo que acreditasse naquele que viria depois dele, isto \u00e9, em Jesus\u201d.&nbsp;<sup>5<\/sup>Tendo ouvido isso, eles foram batizados no nome do Senhor Jesus.&nbsp;<sup>6<\/sup>Paulo imp\u00f4s-lhes as m\u00e3os, e sobre eles desceu o Esp\u00edrito Santo. Come\u00e7aram ent\u00e3o a falar em l\u00ednguas e a profetizar.&nbsp;<sup>7<\/sup>Ao todo, eram uns doze homens.&nbsp;<sup>8<\/sup>Paulo foi ent\u00e3o \u00e0 sinagoga e, durante tr\u00eas meses, falava com toda convic\u00e7\u00e3o, discutindo e procurando convencer os ouvintes sobre o Reino de Deus. \u2013 Palavra do Senhor.<\/p>\n\n\n\n<p>Salmo Responsorial:&nbsp;<strong>67(68)<\/strong><\/p>\n\n\n\n<p><em><strong>Reinos da terra, cantai ao Senhor.<\/strong><\/em><\/p>\n\n\n\n<p>1. Eis que Deus se p\u00f5e de p\u00e9 e os inimigos se dispersam!&nbsp;\/&nbsp;Fogem longe de sua face os que odeiam o Senhor!&nbsp;\/&nbsp;Como a fuma\u00e7a se dissipa, assim tamb\u00e9m os dissipais;&nbsp;\u2020&nbsp;como a cera se derrete ao contato com o fogo,&nbsp;\/&nbsp;assim pere\u00e7am os in\u00edquos ante a face do Senhor!&nbsp;\u2013 R.<\/p>\n\n\n\n<p>2. Mas os justos se alegram na presen\u00e7a do Senhor,&nbsp;\/&nbsp;rejubilam satisfeitos e exultam de alegria!&nbsp;\/&nbsp;Cantai a Deus, a Deus louvai, cantai um salmo a seu nome!&nbsp;\/&nbsp;O seu nome \u00e9 Senhor: exultai diante dele!&nbsp;\u2013 R.<\/p>\n\n\n\n<p>3. Dos \u00f3rf\u00e3os ele \u00e9 pai e das vi\u00favas protetor;&nbsp;\/&nbsp;\u00e9 assim o nosso Deus em sua santa habita\u00e7\u00e3o.&nbsp;\/&nbsp;\u00c9 o Senhor quem d\u00e1 abrigo, d\u00e1 um lar aos deserdados,&nbsp;\/&nbsp;quem liberta os prisioneiros e os sacia com fartura.&nbsp;\u2013 R.<\/p>\n\n\n\n<p>Evangelho:&nbsp;<strong>Jo\u00e3o 16,29-33<\/strong><\/p>\n\n\n\n<p><strong><em>Aleluia, aleluia, aleluia.<\/em><\/strong><\/p>\n\n\n\n<p><strong>Se com Cristo ressurgistes, procurai o que \u00e9 do alto,&nbsp;\/&nbsp;onde Cristo est\u00e1 sentado, \u00e0 direita de Deus Pai (Cl 3,1).&nbsp;\u2013 R.<\/strong><\/p>\n\n\n\n<p>Proclama\u00e7\u00e3o do Evangelho de Jesus Cristo segundo Jo\u00e3o \u2013 Naquele tempo,&nbsp;<sup>29<\/sup>os disc\u00edpulos disseram a Jesus: \u201cEis, agora falas claramente e n\u00e3o usas mais figuras.&nbsp;<sup>30<\/sup>Agora sabemos que conheces tudo e que n\u00e3o precisas que algu\u00e9m te interrogue. Por isso cremos que vieste da parte de Deus\u201d.&nbsp;<sup>31<\/sup>Jesus respondeu: \u201cCredes agora?&nbsp;<sup>32<\/sup>Eis que vem a hora \u2013 e j\u00e1 chegou \u2013 em que vos dispersareis, cada um para seu lado, e me deixareis s\u00f3. Mas eu n\u00e3o estou s\u00f3, porque o Pai est\u00e1 comigo.&nbsp;<sup>33<\/sup>Disse-vos estas coisas para que tenhais paz em mim. No mundo, tereis tribula\u00e7\u00f5es. Mas tende coragem! Eu venci o mundo!\u201d \u2013 Palavra da salva\u00e7\u00e3o.<\/p>\n\n\n\n<p>Reflex\u00e3o:<\/p>\n\n\n\n<p><em>Tomados de entusiasmo, os disc\u00edpulos declaram a Jesus: \u201cN\u00f3s acreditamos que tu sa\u00edste de junto de Deus\u201d. Mas Jesus, conhecedor do cora\u00e7\u00e3o humano, apaga logo esse fogo de palha, por saber que a f\u00e9 dos disc\u00edpulos \u00e9 fraca, insuficiente para permanecerem fi\u00e9is ao Mestre na hora de sua paix\u00e3o e \u00e0 morte. Com efeito, a partir do momento em que Jesus for preso, haver\u00e1 dispers\u00e3o para todo lado. Pressionados, uns fogem, outro nega e alguns se mant\u00eam a dist\u00e2ncia (cf. Lc 23,49). Os disc\u00edpulos deixar\u00e3o o Mestre sozinho, mas ele garante que n\u00e3o est\u00e1 s\u00f3: com ele est\u00e1 o Pai, que nunca o abandona. A \u00faltima frase \u00e9 um grito antecipado de vit\u00f3ria: \u201cEu venci o mundo\u201d. Com seu sacrif\u00edcio, Jesus vence o mundo injusto e as for\u00e7as do mal. Seus disc\u00edpulos s\u00e3o chamados a participar da luta com a certeza da vit\u00f3ria.<\/em><\/p>\n","protected":false},"excerpt":{"rendered":"<p>Recebereis a for\u00e7a do Esp\u00edrito Santo, que descer\u00e1 em v\u00f3s, e dareis testemunho de mim at\u00e9 os confins da terra, aleluia! (At 1,8) Os mission\u00e1rios de Cristo se empenham, \u201cprocurando convencer os ouvintes&#8230;<\/p>\n","protected":false},"author":2,"featured_media":20258,"comment_status":"open","ping_status":"open","sticky":false,"template":"","format":"standard","meta":[],"categories":[7],"tags":[],"_links":{"self":[{"href":"https:\/\/www.salvatorianas.org.br\/blog\/wp-json\/wp\/v2\/posts\/20262"}],"collection":[{"href":"https:\/\/www.salvatorianas.org.br\/blog\/wp-json\/wp\/v2\/posts"}],"about":[{"href":"https:\/\/www.salvatorianas.org.br\/blog\/wp-json\/wp\/v2\/types\/post"}],"author":[{"embeddable":true,"href":"https:\/\/www.salvatorianas.org.br\/blog\/wp-json\/wp\/v2\/users\/2"}],"replies":[{"embeddable":true,"href":"https:\/\/www.salvatorianas.org.br\/blog\/wp-json\/wp\/v2\/comments?post=20262"}],"version-history":[{"count":1,"href":"https:\/\/www.salvatorianas.org.br\/blog\/wp-json\/wp\/v2\/posts\/20262\/revisions"}],"predecessor-version":[{"id":20263,"href":"https:\/\/www.salvatorianas.org.br\/blog\/wp-json\/wp\/v2\/posts\/20262\/revisions\/20263"}],"wp:featuredmedia":[{"embeddable":true,"href":"https:\/\/www.salvatorianas.org.br\/blog\/wp-json\/wp\/v2\/media\/20258"}],"wp:attachment":[{"href":"https:\/\/www.salvatorianas.org.br\/blog\/wp-json\/wp\/v2\/media?parent=20262"}],"wp:term":[{"taxonomy":"category","embeddable":true,"href":"https:\/\/www.salvatorianas.org.br\/blog\/wp-json\/wp\/v2\/categories?post=20262"},{"taxonomy":"post_tag","embeddable":true,"href":"https:\/\/www.salvatorianas.org.br\/blog\/wp-json\/wp\/v2\/tags?post=20262"}],"curies":[{"name":"wp","href":"https:\/\/api.w.org\/{rel}","templated":true}]}}