{"id":20260,"date":"2023-05-21T01:00:00","date_gmt":"2023-05-21T01:00:00","guid":{"rendered":"https:\/\/www.salvatorianas.org.br\/blog\/?p=20260"},"modified":"2023-05-19T14:12:25","modified_gmt":"2023-05-19T14:12:25","slug":"ascensao-do-senhor-domingo","status":"publish","type":"post","link":"https:\/\/www.salvatorianas.org.br\/blog\/ascensao-do-senhor-domingo\/","title":{"rendered":"Ascens\u00e3o do Senhor | Domingo"},"content":{"rendered":"\n<p>Homens da Galileia, por que estais admirados, olhando para o c\u00e9u? Este Jesus h\u00e1 de voltar, do mesmo modo que o vistes subir, aleluia! (At 1,11)<\/p>\n\n\n\n<p><em>Em comunh\u00e3o com os crist\u00e3os do mundo inteiro, celebramos nesta Eucaristia a Ascens\u00e3o do Senhor. Jesus conclui sua miss\u00e3o, despede-se dos seus e \u00e9 elevado e glorificado pelo Pai. Em sintonia com o tema deste quinquag\u00e9simo s\u00e9timo (57\u00ba) Dia Mundial das Comunica\u00e7\u00f5es \u2013 \u201cFalar com o cora\u00e7\u00e3o: vivendo a verdade, no amor\u201d -, n\u00f3s, Igreja de Cristo, queremos ser continuadores da sua miss\u00e3o, transmitindo a heran\u00e7a do amor e da verdade do Ressuscitado a todas as pessoas.<\/em><\/p>\n\n\n\n<p>Primeira Leitura:&nbsp;<strong>Atos 1,1-11<\/strong><\/p>\n\n\n\n<p>Leitura dos Atos dos Ap\u00f3stolos \u2013&nbsp;<sup>1<\/sup>No meu primeiro livro, \u00f3 Te\u00f3filo, j\u00e1 tratei de tudo o que Jesus fez e ensinou, desde o come\u00e7o&nbsp;<sup>2<\/sup>at\u00e9 o dia em que foi levado para o c\u00e9u, depois de ter dado instru\u00e7\u00f5es, pelo Esp\u00edrito Santo, aos ap\u00f3stolos que tinha escolhido.&nbsp;<sup>3<\/sup>Foi a eles que Jesus se mostrou vivo depois da sua paix\u00e3o, com numerosas provas. Durante quarenta dias, apareceu-lhes falando do Reino de Deus.&nbsp;<sup>4<\/sup>Durante uma refei\u00e7\u00e3o, deu-lhes esta ordem: \u201cN\u00e3o vos afasteis de Jerusal\u00e9m, mas esperai a realiza\u00e7\u00e3o da promessa do Pai, da qual v\u00f3s me ouvistes falar:&nbsp;<sup>5<\/sup>\u2018Jo\u00e3o batizou com \u00e1gua; v\u00f3s, por\u00e9m, sereis batizados com o Esp\u00edrito Santo dentro de poucos dias&#8217;\u201d.&nbsp;<sup>6<\/sup>Ent\u00e3o os que estavam reunidos perguntaram a Jesus: \u201cSenhor, \u00e9 agora que vais restaurar o reino em Israel?\u201d&nbsp;<sup>7<\/sup>Jesus respondeu: \u201cN\u00e3o vos cabe saber os tempos e os momentos que o Pai determinou com a sua pr\u00f3pria autoridade.&nbsp;<sup>8<\/sup>Mas recebereis o poder do Esp\u00edrito Santo, que descer\u00e1 sobre v\u00f3s para serdes minhas testemunhas em Jerusal\u00e9m, em toda a Judeia e na Samaria, e at\u00e9 os confins da terra\u201d.&nbsp;<sup>9<\/sup>Depois de dizer isso, Jesus foi levado ao c\u00e9u \u00e0 vista deles. Uma nuvem o encobriu, de forma que seus olhos n\u00e3o podiam mais v\u00ea-lo.&nbsp;<sup>10<\/sup>Os ap\u00f3stolos continuavam olhando para o c\u00e9u, enquanto Jesus subia. Apareceram ent\u00e3o dois homens vestidos de branco,&nbsp;<sup>11<\/sup>que lhes disseram: \u201cHomens da Galileia, por que ficais aqui, parados, olhando para o c\u00e9u? Esse Jesus, que vos foi levado para o c\u00e9u, vir\u00e1 do mesmo modo como o vistes partir para o c\u00e9u\u201d. \u2013 Palavra do Senhor.<\/p>\n\n\n\n<p>Salmo Responsorial:&nbsp;<strong>46(47)<\/strong><\/p>\n\n\n\n<p><em><strong>Por entre aclama\u00e7\u00f5es, Deus se elevou,&nbsp;\/&nbsp;o Senhor subiu ao toque da trombeta.<\/strong><\/em><\/p>\n\n\n\n<p>1. Povos todos do universo, batei palmas,&nbsp;\/&nbsp;gritai a Deus aclama\u00e7\u00f5es de alegria!&nbsp;\/&nbsp;Porque sublime \u00e9 o Senhor, o Deus alt\u00edssimo,&nbsp;\/&nbsp;o soberano que domina toda a terra.&nbsp;\u2013 R.<\/p>\n\n\n\n<p>2. Por entre aclama\u00e7\u00f5es, Deus se elevou,&nbsp;\/&nbsp;o Senhor subiu ao toque da trombeta.&nbsp;\/&nbsp;Salmodiai ao nosso Deus ao som da harpa,&nbsp;\/&nbsp;salmodiai, ao som da harpa, ao nosso rei!&nbsp;\u2013 R.<\/p>\n\n\n\n<p>3. Porque Deus \u00e9 o grande rei de toda a terra,&nbsp;\/&nbsp;ao som da harpa acompanhai os seus louvores!&nbsp;\/&nbsp;Deus reina sobre todas as na\u00e7\u00f5es,&nbsp;\/&nbsp;est\u00e1 sentado no seu trono glorioso.&nbsp;\u2013 R.<\/p>\n\n\n\n<p>Segunda Leitura:&nbsp;<strong>Ef\u00e9sios 1,17-23<\/strong><\/p>\n\n\n\n<p>Leitura da carta de S\u00e3o Paulo aos Ef\u00e9sios \u2013 Irm\u00e3os,&nbsp;<sup>17<\/sup>o Deus de nosso Senhor Jesus Cristo, o Pai a quem pertence a gl\u00f3ria, vos d\u00ea um esp\u00edrito de sabedoria que vo-lo revele e fa\u00e7a verdadeiramente conhecer.&nbsp;<sup>18<\/sup>Que ele abra o vosso cora\u00e7\u00e3o \u00e0 sua luz, para que saibais qual a esperan\u00e7a que o seu chamamento vos d\u00e1, qual a riqueza da gl\u00f3ria que est\u00e1 na vossa heran\u00e7a com os santos&nbsp;<sup>19<\/sup>e que imenso poder ele exerceu em favor de n\u00f3s, que cremos, de acordo com a sua a\u00e7\u00e3o e for\u00e7a onipotente.&nbsp;<sup>20<\/sup>Ele manifestou sua for\u00e7a em Cristo, quando o ressuscitou dos mortos e o fez sentar-se \u00e0 sua direita nos c\u00e9us,&nbsp;<sup>21<\/sup>bem acima de toda autoridade, poder, pot\u00eancia, soberania ou qualquer t\u00edtulo que se possa mencionar n\u00e3o somente neste mundo, mas ainda no mundo futuro.&nbsp;<sup>22<\/sup>Sim, ele p\u00f4s tudo sob os seus p\u00e9s e fez dele, que est\u00e1 acima de tudo, a cabe\u00e7a da Igreja,&nbsp;<sup>23<\/sup>que \u00e9 o seu corpo, a plenitude daquele que possui a plenitude universal. \u2013 Palavra do Senhor.<\/p>\n\n\n\n<p>Evangelho:&nbsp;<strong>Mateus 28,16-20<\/strong><\/p>\n\n\n\n<p><strong><em>Aleluia, aleluia, aleluia.<\/em><\/strong><\/p>\n\n\n\n<p><strong>Ide ao mundo, ensinai aos povos todos;&nbsp;\/&nbsp;convosco estarei todos os dias,&nbsp;\/&nbsp;at\u00e9 o fim dos tempos, diz Jesus (Mt 28,19s).&nbsp;\u2013 R.<\/strong><\/p>\n\n\n\n<p>Proclama\u00e7\u00e3o do Evangelho de Jesus Cristo segundo Mateus \u2013 Naquele tempo,&nbsp;<sup>16<\/sup>os onze disc\u00edpulos foram para a Galileia, ao monte que Jesus lhes tinha indicado.&nbsp;<sup>17<\/sup>Quando viram Jesus, prostraram-se diante dele. Ainda assim alguns duvidaram.&nbsp;<sup>18<\/sup>Ent\u00e3o, Jesus aproximou-se e falou: \u201cToda a autoridade me foi dada no c\u00e9u e sobre a terra.&nbsp;<sup>19<\/sup>Portanto, ide e fazei disc\u00edpulos meus todos os povos, batizando-os em nome do Pai e do Filho e do Esp\u00edrito Santo&nbsp;<sup>20<\/sup>e ensinando-os a observar tudo o que vos ordenei! Eis que eu estarei convosco todos os dias, at\u00e9 o fim do mundo\u201d. \u2013 Palavra da salva\u00e7\u00e3o.<\/p>\n\n\n\n<p>Reflex\u00e3o:<\/p>\n\n\n\n<p><em>Eis as \u00faltimas palavras do Evangelho de Mateus. Eis tamb\u00e9m o \u00faltimo gesto de Jesus antes de voltar ao Pai. A cena ocorre numa montanha, lugar da manifesta\u00e7\u00e3o de Deus. Jesus se apresenta aos disc\u00edpulos. Muitos o reconhecem, de tal modo que se prostram diante dele. Entretanto, como de costume, \u201calguns duvidaram\u201d. Essa dial\u00e9tica (crer\/n\u00e3o crer) parece acompanhar a humanidade em toda a hist\u00f3ria. Era assim na presen\u00e7a de Jesus de Nazar\u00e9 e segue assim em todo tempo e lugar. Solenemente, Jesus relembra a miss\u00e3o dos disc\u00edpulos: fazer com que todas as na\u00e7\u00f5es se tornem disc\u00edpulas dele, introduzindo-as na sua comunidade pelo batismo em nome da Trindade e ensinando-as a praticar tudo o que ele mandou. Conclui seu legado com a garantia de sua incessante presen\u00e7a: \u201cEstou com voc\u00eas todos os dias\u201d.<\/em><\/p>\n","protected":false},"excerpt":{"rendered":"<p>Homens da Galileia, por que estais admirados, olhando para o c\u00e9u? Este Jesus h\u00e1 de voltar, do mesmo modo que o vistes subir, aleluia! (At 1,11) Em comunh\u00e3o com os crist\u00e3os do mundo&#8230;<\/p>\n","protected":false},"author":2,"featured_media":20257,"comment_status":"open","ping_status":"open","sticky":false,"template":"","format":"standard","meta":[],"categories":[7,1],"tags":[],"_links":{"self":[{"href":"https:\/\/www.salvatorianas.org.br\/blog\/wp-json\/wp\/v2\/posts\/20260"}],"collection":[{"href":"https:\/\/www.salvatorianas.org.br\/blog\/wp-json\/wp\/v2\/posts"}],"about":[{"href":"https:\/\/www.salvatorianas.org.br\/blog\/wp-json\/wp\/v2\/types\/post"}],"author":[{"embeddable":true,"href":"https:\/\/www.salvatorianas.org.br\/blog\/wp-json\/wp\/v2\/users\/2"}],"replies":[{"embeddable":true,"href":"https:\/\/www.salvatorianas.org.br\/blog\/wp-json\/wp\/v2\/comments?post=20260"}],"version-history":[{"count":1,"href":"https:\/\/www.salvatorianas.org.br\/blog\/wp-json\/wp\/v2\/posts\/20260\/revisions"}],"predecessor-version":[{"id":20261,"href":"https:\/\/www.salvatorianas.org.br\/blog\/wp-json\/wp\/v2\/posts\/20260\/revisions\/20261"}],"wp:featuredmedia":[{"embeddable":true,"href":"https:\/\/www.salvatorianas.org.br\/blog\/wp-json\/wp\/v2\/media\/20257"}],"wp:attachment":[{"href":"https:\/\/www.salvatorianas.org.br\/blog\/wp-json\/wp\/v2\/media?parent=20260"}],"wp:term":[{"taxonomy":"category","embeddable":true,"href":"https:\/\/www.salvatorianas.org.br\/blog\/wp-json\/wp\/v2\/categories?post=20260"},{"taxonomy":"post_tag","embeddable":true,"href":"https:\/\/www.salvatorianas.org.br\/blog\/wp-json\/wp\/v2\/tags?post=20260"}],"curies":[{"name":"wp","href":"https:\/\/api.w.org\/{rel}","templated":true}]}}