{"id":20255,"date":"2023-05-20T01:00:00","date_gmt":"2023-05-20T01:00:00","guid":{"rendered":"https:\/\/www.salvatorianas.org.br\/blog\/?p=20255"},"modified":"2023-05-19T14:06:45","modified_gmt":"2023-05-19T14:06:45","slug":"6a-semana-da-pascoa-sabado","status":"publish","type":"post","link":"https:\/\/www.salvatorianas.org.br\/blog\/6a-semana-da-pascoa-sabado\/","title":{"rendered":"6\u00aa Semana da P\u00e1scoa | S\u00e1bado"},"content":{"rendered":"\n<p>Povo resgatado por Deus, proclamai suas maravilhas: ele vos chamou das trevas \u00e0 sua luz admir\u00e1vel, aleluia! (1Pd 2,9)<\/p>\n\n\n\n<p><em>Na comunidade, \u00e9 importante n\u00e3o desperdi\u00e7ar \u2013 por ci\u00fame ou preconceito \u2013 os talentos das pessoas, mas aproveit\u00e1-los para o crescimento de todos. Pe\u00e7amos ao Pai que nos torne mais acolhedores das pessoas e de seus dons.<\/em><\/p>\n\n\n\n<p>Primeira Leitura:&nbsp;<strong>Atos 18,23-28<\/strong><\/p>\n\n\n\n<p>Leitura dos Atos dos Ap\u00f3stolos \u2013&nbsp;<sup>23<\/sup>Paulo permaneceu algum tempo em Antioquia. Em seguida, partiu de novo, percorrendo sucessivamente as regi\u00f5es da Gal\u00e1cia e da Fr\u00edgia, fortalecendo todos os disc\u00edpulos.&nbsp;<sup>24<\/sup>Chegou a \u00c9feso um judeu chamado Apolo, natural de Alexandria. Era homem eloquente, versado nas Escrituras.&nbsp;<sup>25<\/sup>Fora instru\u00eddo no caminho do Senhor e, com muito entusiasmo, falava e ensinava com exatid\u00e3o a respeito de Jesus, embora s\u00f3 conhecesse o batismo de Jo\u00e3o.&nbsp;<sup>26<\/sup>Ent\u00e3o, ele come\u00e7ou a falar com muita convic\u00e7\u00e3o na sinagoga. Ao escut\u00e1-lo, Priscila e \u00c1quila tomaram-no consigo e, com mais exatid\u00e3o, expuseram-lhe o caminho de Deus.&nbsp;<sup>27<\/sup>Como ele estava querendo passar para a Acaia, os irm\u00e3os apoiaram-no e escreveram aos disc\u00edpulos para que o acolhessem bem. Pela gra\u00e7a de Deus, a presen\u00e7a de Apolo a\u00ed foi muito \u00fatil aos fi\u00e9is.&nbsp;<sup>28<\/sup>Com efeito, ele refutava vigorosamente os judeus em p\u00fablico, demonstrando pelas Escrituras que Jesus \u00e9 o Messias. \u2013 Palavra do Senhor.<\/p>\n\n\n\n<p>Salmo Responsorial:&nbsp;<strong>46(47)<\/strong><\/p>\n\n\n\n<p><em><strong>O Senhor \u00e9 o grande rei de toda a terra.<\/strong><\/em><\/p>\n\n\n\n<p>1. Povos todos do universo, batei palmas,&nbsp;\/&nbsp;gritai a Deus aclama\u00e7\u00f5es de alegria!&nbsp;\/&nbsp;Porque sublime \u00e9 o Senhor, o Deus alt\u00edssimo,&nbsp;\/&nbsp;o soberano que domina toda a terra.&nbsp;\u2013 R.<\/p>\n\n\n\n<p>2. Porque Deus \u00e9 o grande rei de toda a terra,&nbsp;\/&nbsp;ao som da harpa acompanhai os seus louvores!&nbsp;\/&nbsp;Deus reina sobre todas as na\u00e7\u00f5es,&nbsp;\/&nbsp;est\u00e1 sentado no seu trono glorioso.&nbsp;\u2013 R.<\/p>\n\n\n\n<p>3. Os chefes das na\u00e7\u00f5es se reuniram&nbsp;\/&nbsp;com o povo do Deus santo de Abra\u00e3o,&nbsp;\/&nbsp;pois s\u00f3 Deus \u00e9 realmente o Alt\u00edssimo,&nbsp;\/&nbsp;e os poderosos desta terra lhe pertencem!&nbsp;\u2013 R.<\/p>\n\n\n\n<p>Evangelho:&nbsp;<strong>Jo\u00e3o 16,23-28<\/strong><\/p>\n\n\n\n<p><strong><em>Aleluia<\/em><em>, aleluia, aleluia.<\/em><\/strong><\/p>\n\n\n\n<p><strong>Sa\u00ed do Pai e vim ao mundo,&nbsp;\/&nbsp;eu deixo o mundo e vou ao Pai (Jo 16,28).&nbsp;\u2013 R.<\/strong><\/p>\n\n\n\n<p>Proclama\u00e7\u00e3o do Evangelho de Jesus Cristo segundo Jo\u00e3o \u2013 Naquele tempo, disse Jesus aos seus disc\u00edpulos:&nbsp;<sup>23<\/sup>\u201cEm verdade, em verdade vos digo, se pedirdes ao Pai alguma coisa em meu nome, ele vo-la dar\u00e1.&nbsp;<sup>24<\/sup>At\u00e9 agora nada pedistes em meu nome; pedi e recebereis, para que a vossa alegria seja completa.&nbsp;<sup>25<\/sup>Disse-vos estas coisas em linguagem figurativa. Vem a hora em que n\u00e3o vos falarei mais em figuras, mas claramente vos falarei do Pai.&nbsp;<sup>26<\/sup>Naquele dia pedireis em meu nome, e n\u00e3o vos digo que vou pedir ao Pai por v\u00f3s,&nbsp;<sup>27<\/sup>pois o pr\u00f3prio Pai vos ama, porque v\u00f3s me amastes e acreditastes que eu vim da parte de Deus.&nbsp;<sup>28<\/sup>Eu sa\u00ed do Pai e vim ao mundo; e novamente parto do mundo e vou para o Pai\u201d. \u2013 Palavra da salva\u00e7\u00e3o.<\/p>\n\n\n\n<p>Reflex\u00e3o:<\/p>\n\n\n\n<p><em>Jesus n\u00e3o \u00e9 nenhum frustrado. Bem ao contr\u00e1rio, tem plena consci\u00eancia de sua origem e de seu fim. Vem do Pai e ao Pai voltar\u00e1. Sabe que realizou integralmente a vontade de Deus neste mundo, isto \u00e9, foi portador da salva\u00e7\u00e3o para a humanidade. Empenhou-se para criar comunh\u00e3o entre ele e seus disc\u00edpulos, chamando-os de amigos e revelando-lhes tudo o que ouviu do Pai. Os disc\u00edpulos, por\u00e9m, parecem distra\u00eddos e n\u00e3o conseguem assimilar o sentido profundo da mensagem do Mestre. Mesmo assim, Jesus n\u00e3o cessa de convid\u00e1-los a entrar na intimidade dele e do Pai. Como filhos queridos, podem sentir-se livres para pedir, movidos pelo Esp\u00edrito, o que quiserem em nome de Jesus e ser\u00e3o atendidos. A \u00faltima frase resume a vida de Jesus: \u201cEu sa\u00ed de junto do Pai e vim ao mundo; agora estou deixando o mundo e voltando para o Pai\u201d.<\/em><\/p>\n","protected":false},"excerpt":{"rendered":"<p>Povo resgatado por Deus, proclamai suas maravilhas: ele vos chamou das trevas \u00e0 sua luz admir\u00e1vel, aleluia! (1Pd 2,9) Na comunidade, \u00e9 importante n\u00e3o desperdi\u00e7ar \u2013 por ci\u00fame ou preconceito \u2013 os talentos&#8230;<\/p>\n","protected":false},"author":2,"featured_media":20256,"comment_status":"open","ping_status":"open","sticky":false,"template":"","format":"standard","meta":[],"categories":[7],"tags":[],"_links":{"self":[{"href":"https:\/\/www.salvatorianas.org.br\/blog\/wp-json\/wp\/v2\/posts\/20255"}],"collection":[{"href":"https:\/\/www.salvatorianas.org.br\/blog\/wp-json\/wp\/v2\/posts"}],"about":[{"href":"https:\/\/www.salvatorianas.org.br\/blog\/wp-json\/wp\/v2\/types\/post"}],"author":[{"embeddable":true,"href":"https:\/\/www.salvatorianas.org.br\/blog\/wp-json\/wp\/v2\/users\/2"}],"replies":[{"embeddable":true,"href":"https:\/\/www.salvatorianas.org.br\/blog\/wp-json\/wp\/v2\/comments?post=20255"}],"version-history":[{"count":1,"href":"https:\/\/www.salvatorianas.org.br\/blog\/wp-json\/wp\/v2\/posts\/20255\/revisions"}],"predecessor-version":[{"id":20259,"href":"https:\/\/www.salvatorianas.org.br\/blog\/wp-json\/wp\/v2\/posts\/20255\/revisions\/20259"}],"wp:featuredmedia":[{"embeddable":true,"href":"https:\/\/www.salvatorianas.org.br\/blog\/wp-json\/wp\/v2\/media\/20256"}],"wp:attachment":[{"href":"https:\/\/www.salvatorianas.org.br\/blog\/wp-json\/wp\/v2\/media?parent=20255"}],"wp:term":[{"taxonomy":"category","embeddable":true,"href":"https:\/\/www.salvatorianas.org.br\/blog\/wp-json\/wp\/v2\/categories?post=20255"},{"taxonomy":"post_tag","embeddable":true,"href":"https:\/\/www.salvatorianas.org.br\/blog\/wp-json\/wp\/v2\/tags?post=20255"}],"curies":[{"name":"wp","href":"https:\/\/api.w.org\/{rel}","templated":true}]}}