{"id":20252,"date":"2023-05-19T12:32:56","date_gmt":"2023-05-19T12:32:56","guid":{"rendered":"https:\/\/www.salvatorianas.org.br\/blog\/?p=20252"},"modified":"2023-05-19T12:32:57","modified_gmt":"2023-05-19T12:32:57","slug":"6a-semana-da-pascoa-sexta-feira","status":"publish","type":"post","link":"https:\/\/www.salvatorianas.org.br\/blog\/6a-semana-da-pascoa-sexta-feira\/","title":{"rendered":"6\u00aa Semana da P\u00e1scoa | Sexta-feira"},"content":{"rendered":"\n<p>V\u00f3s nos resgatastes, Senhor, pelo vosso sangue, de todas as ra\u00e7as, l\u00ednguas, povos e na\u00e7\u00f5es e fizestes de n\u00f3s um reino e sacerdotes para o nosso Deus, aleluia! (Ap 5,9s)<\/p>\n\n\n\n<p><em>Fiel a suas promessas, Jesus n\u00e3o deixa faltar sua assist\u00eancia a quem anuncia o Evangelho: \u201cN\u00e3o tenhas medo, continua a falar, porque estou contigo\u201d. Firmemos nossa confian\u00e7a no Senhor, solid\u00e1rio a n\u00f3s na miss\u00e3o de dar \u00e0 luz o mundo renovado pela sua ressurrei\u00e7\u00e3o.<\/em><\/p>\n\n\n\n<p>Primeira Leitura:&nbsp;<strong>Atos 18,9-18<\/strong><\/p>\n\n\n\n<p>Leitura dos Atos dos Ap\u00f3stolos \u2013 Estando Paulo em Corinto,&nbsp;<sup>9<\/sup>uma noite o Senhor disse-lhe em vis\u00e3o: \u201cN\u00e3o tenhas medo; continua a falar e n\u00e3o te cales,&nbsp;<sup>10<\/sup>porque eu estou contigo. Ningu\u00e9m te por\u00e1 a m\u00e3o para fazer mal. Nesta cidade h\u00e1 um povo numeroso que me pertence\u201d.&nbsp;<sup>11<\/sup>Assim Paulo ficou um ano e meio entre eles, ensinando-lhes a Palavra de Deus.&nbsp;<sup>12<\/sup>Na \u00e9poca em que Gali\u00e3o era proc\u00f4nsul na Acaia, os judeus insurgiram-se em massa contra Paulo e levaram-no diante do tribunal,&nbsp;<sup>13<\/sup>dizendo: \u201cEste homem induz o povo a adorar a Deus de modo contr\u00e1rio \u00e0 Lei\u201d.&nbsp;<sup>14<\/sup>Paulo ia tomar a palavra quando Gali\u00e3o falou aos judeus, dizendo: \u201cJudeus, se fosse por causa de um delito ou de uma a\u00e7\u00e3o criminosa, seria justo que eu atendesse a vossa queixa.&nbsp;<sup>15<\/sup>Mas, como \u00e9 quest\u00e3o de palavras, de nomes e da vossa Lei, tratai disso v\u00f3s mesmos. Eu n\u00e3o quero ser juiz nessas coisas\u201d.&nbsp;<sup>16<\/sup>E Gali\u00e3o mandou-os sair do tribunal.&nbsp;<sup>17<\/sup>Ent\u00e3o todos agarraram S\u00f3stenes, o chefe da sinagoga, e espancaram-no diante do tribunal. E Gali\u00e3o nem se incomodou com isso.&nbsp;<sup>18<\/sup>Paulo permaneceu ainda v\u00e1rios dias em Corinto. Despedindo-se dos irm\u00e3os, embarcou para a S\u00edria, em companhia de Priscila e \u00c1quila. Em Cencreia, Paulo rapou a cabe\u00e7a, pois tinha feito uma promessa. \u2013 Palavra do Senhor.<\/p>\n\n\n\n<p>Salmo Responsorial:&nbsp;<strong>46(47)<\/strong><\/p>\n\n\n\n<p><em><strong>O Senhor \u00e9 o grande rei de toda a terra.<\/strong><\/em><\/p>\n\n\n\n<p>1. Povos todos do universo, batei palmas,&nbsp;\/&nbsp;gritai a Deus aclama\u00e7\u00f5es de alegria!&nbsp;\/&nbsp;Porque sublime \u00e9 o Senhor, o Deus alt\u00edssimo,&nbsp;\/&nbsp;o soberano que domina toda a terra.&nbsp;\u2013 R.<\/p>\n\n\n\n<p>2. Os povos sujeitou ao nosso jugo&nbsp;\/&nbsp;e colocou muitas na\u00e7\u00f5es aos nossos p\u00e9s.&nbsp;\/&nbsp;Foi ele que escolheu a nossa heran\u00e7a,&nbsp;\/&nbsp;a gl\u00f3ria de Jac\u00f3, seu bem-amado.&nbsp;\u2013 R.<\/p>\n\n\n\n<p>3. Por entre aclama\u00e7\u00f5es Deus se elevou,&nbsp;\/&nbsp;o Senhor subiu ao toque da trombeta.&nbsp;\/&nbsp;Salmodiai ao nosso Deus ao som da harpa,&nbsp;\/&nbsp;salmodiai, ao som da harpa, ao nosso rei!&nbsp;\u2013 R.<\/p>\n\n\n\n<p>Evangelho:&nbsp;<strong>Jo\u00e3o 16,20-23<\/strong><\/p>\n\n\n\n<p><strong><em>Aleluia<\/em><em>, aleluia, aleluia.<\/em><\/strong><\/p>\n\n\n\n<p><strong>Era preciso que Cristo sofresse&nbsp;\/&nbsp;e ressuscitasse dos mortos,&nbsp;\/&nbsp;para entrar em sua gl\u00f3ria (Lc 24,46.26).&nbsp;\u2013 R.<\/strong><\/p>\n\n\n\n<p>Proclama\u00e7\u00e3o do Evangelho de Jesus Cristo segundo Jo\u00e3o \u2013 Naquele tempo, disse Jesus aos seus disc\u00edpulos:&nbsp;<sup>20<\/sup>\u201cEm verdade, em verdade vos digo, v\u00f3s chorareis e vos lamentareis, mas o mundo se alegrar\u00e1; v\u00f3s ficareis tristes, mas a vossa tristeza se transformar\u00e1 em alegria.&nbsp;<sup>21<\/sup>A mulher, quando deve dar \u00e0 luz, fica angustiada porque chegou a sua hora; mas, depois que a crian\u00e7a nasceu, ela j\u00e1 n\u00e3o se lembra dos sofrimentos, por causa da alegria de um homem ter vindo ao mundo.&nbsp;<sup>22<\/sup>Tamb\u00e9m v\u00f3s agora sentis tristeza, mas eu hei de ver-vos novamente, e o vosso cora\u00e7\u00e3o se alegrar\u00e1, e ningu\u00e9m vos poder\u00e1 tirar a vossa alegria.&nbsp;<sup>23<\/sup>Naquele dia, n\u00e3o me perguntareis mais nada\u201d. \u2013 Palavra da salva\u00e7\u00e3o.<\/p>\n\n\n\n<p>Reflex\u00e3o:<\/p>\n\n\n\n<p><em>O momento \u00e9 grave. O mundo est\u00e1 para cometer tremenda injusti\u00e7a. Vai condenar \u00e0 morte aquele pelo qual tudo foi feito e sem o qual nada foi feito (cf. Jo 1,4). Por isso \u00e9 que Jesus, ao antecipar a not\u00edcia desse tr\u00e1gico acontecimento, usa compara\u00e7\u00f5es fortes e ao mesmo tempo impregnadas de esperan\u00e7a. Os disc\u00edpulos provar\u00e3o momentos de ang\u00fastia, v\u00e3o chorar e lamentar-se. Ter\u00e3o a sensa\u00e7\u00e3o de que o mundo injusto que Jesus veio combater est\u00e1 saindo vitorioso. Mas tudo sofrer\u00e1 uma reviravolta. \u00c9 verdade que as trevas cair\u00e3o pesadamente sobre os disc\u00edpulos, mas em breve ser\u00e3o substitu\u00eddas pela luz que invadir\u00e1 seus cora\u00e7\u00f5es. A presen\u00e7a de Jesus ressuscitado dissipar\u00e1 todo temor. E os disc\u00edpulos, reencontrando o Mestre depois da sua paix\u00e3o e morte, compreender\u00e3o que a dor \u00e9 fonte de vida.<\/em><\/p>\n","protected":false},"excerpt":{"rendered":"<p>V\u00f3s nos resgatastes, Senhor, pelo vosso sangue, de todas as ra\u00e7as, l\u00ednguas, povos e na\u00e7\u00f5es e fizestes de n\u00f3s um reino e sacerdotes para o nosso Deus, aleluia! (Ap 5,9s) Fiel a suas&#8230;<\/p>\n","protected":false},"author":2,"featured_media":20253,"comment_status":"open","ping_status":"open","sticky":false,"template":"","format":"standard","meta":[],"categories":[7],"tags":[],"_links":{"self":[{"href":"https:\/\/www.salvatorianas.org.br\/blog\/wp-json\/wp\/v2\/posts\/20252"}],"collection":[{"href":"https:\/\/www.salvatorianas.org.br\/blog\/wp-json\/wp\/v2\/posts"}],"about":[{"href":"https:\/\/www.salvatorianas.org.br\/blog\/wp-json\/wp\/v2\/types\/post"}],"author":[{"embeddable":true,"href":"https:\/\/www.salvatorianas.org.br\/blog\/wp-json\/wp\/v2\/users\/2"}],"replies":[{"embeddable":true,"href":"https:\/\/www.salvatorianas.org.br\/blog\/wp-json\/wp\/v2\/comments?post=20252"}],"version-history":[{"count":1,"href":"https:\/\/www.salvatorianas.org.br\/blog\/wp-json\/wp\/v2\/posts\/20252\/revisions"}],"predecessor-version":[{"id":20254,"href":"https:\/\/www.salvatorianas.org.br\/blog\/wp-json\/wp\/v2\/posts\/20252\/revisions\/20254"}],"wp:featuredmedia":[{"embeddable":true,"href":"https:\/\/www.salvatorianas.org.br\/blog\/wp-json\/wp\/v2\/media\/20253"}],"wp:attachment":[{"href":"https:\/\/www.salvatorianas.org.br\/blog\/wp-json\/wp\/v2\/media?parent=20252"}],"wp:term":[{"taxonomy":"category","embeddable":true,"href":"https:\/\/www.salvatorianas.org.br\/blog\/wp-json\/wp\/v2\/categories?post=20252"},{"taxonomy":"post_tag","embeddable":true,"href":"https:\/\/www.salvatorianas.org.br\/blog\/wp-json\/wp\/v2\/tags?post=20252"}],"curies":[{"name":"wp","href":"https:\/\/api.w.org\/{rel}","templated":true}]}}