{"id":20246,"date":"2023-05-19T11:31:47","date_gmt":"2023-05-19T11:31:47","guid":{"rendered":"https:\/\/www.salvatorianas.org.br\/blog\/?p=20246"},"modified":"2023-05-19T11:31:49","modified_gmt":"2023-05-19T11:31:49","slug":"biografia-ir-anna-carlota-berton","status":"publish","type":"post","link":"https:\/\/www.salvatorianas.org.br\/blog\/biografia-ir-anna-carlota-berton\/","title":{"rendered":"Biografia Ir. Anna Carlota Berton"},"content":{"rendered":"\n<p>&#8220;S\u00f3 Deus \u00e9 o Senhor da minha vida e miss\u00e3o.<\/p>\n\n\n\n<p>Minha vida est\u00e1 mergulhada na Trindade&#8221;.<\/p>\n\n\n\n<p>&nbsp;&nbsp;&nbsp;&nbsp;&nbsp;&nbsp;&nbsp;&nbsp;&nbsp; Ir. Anna Carlota Berton nasceu no dia 31 de julho de 1936 em Cir\u00edaco-RS. Era a quarta dos oito filhos de Joao Berton e Romana Berton. tinha 4 irm\u00e3os homens e 3 irm\u00e3s mulheres. Recebeu o Sacramento do Batismo no dia 26 de agosto de 1936 em Cir\u00edaco-RS e o Crisma no ano de 1941 na mesma cidade. Fez sua Primeira Eucaristia em 07 de julho de 1949, na capela Santa Terezinha, em Cir\u00edaco-RS.&nbsp;&nbsp;&nbsp;&nbsp;&nbsp;&nbsp;&nbsp;&nbsp;&nbsp;<\/p>\n\n\n\n<p>A semente da voca\u00e7\u00e3o \u00e0 Vida Religiosa Consagrada foi cultivada em seu cora\u00e7\u00e3o. Viveu no seio de fam\u00edlia de profundos e comprometidos valores humanos e crist\u00e3os, muito presente nas atividades da Igreja local e participativa em todas as iniciativas da mesma.&nbsp; Apoiada pela fam\u00edlia, em 15 de julho 1951 ingressou como aspirante na Congrega\u00e7\u00e3o das Irm\u00e3s salvatorianas, no Col\u00e9gio S\u00e3o Jos\u00e9, em David Canabarro \/RS.<\/p>\n\n\n\n<p>Em dezembro de 1951 foi a Videira\/SC, onde ap\u00f3s a forma\u00e7\u00e3o \u00e0 vida Salvatoriana professou os primeiros votos no dia 02 de fevereiro de 1956 e os votos perp\u00e9tuos no dia 02 de fevereiro de 1962.&nbsp;<\/p>\n\n\n\n<p>&nbsp;&nbsp;&nbsp;&nbsp;&nbsp;&nbsp;&nbsp;&nbsp;&nbsp; Sentiu-se tocada para ser presen\u00e7a junto aos doentes. Foi animada, pelas lideran\u00e7as da Congrega\u00e7\u00e3o, a se preparar para esta miss\u00e3o e cursou o T\u00e9cnico em Enfermagem.<\/p>\n\n\n\n<p>&nbsp;Atuou apostolicamente nas comunidades Nossa Senhora da Luz &#8211; Pinheiro Machado\/SC, Hospitais: S\u00e3o Luiz em Campo Alegre\/SC, Divino Salvador em Videira\/SC, Cruzeiro e Santa Terezinha em Joa\u00e7aba\/SC , Sagrada Fam\u00edlia em Florian\u00f3polis\/SC, Nossa Senhora de F\u00e1tima em Coronel Freitas\/SC, C\u00e9sar Santos, Passo Fundo\/RS, no Semin\u00e1rio Palotino em Curitiba\/PR. Nas Comunidades: Horizonte em Passo Fundo\/RS, Solimar e Rainha da Paz em Florian\u00f3polis\/SC e Comunidade Santa Isabel em Passo Fundo\/RS.<\/p>\n\n\n\n<p>Anna buscou manter-se em cont\u00ednua forma\u00e7\u00e3o pessoal, espiritual e profissional. Participou de forma\u00e7\u00f5es diversas em sa\u00fade comunit\u00e1ria e sempre que podia nos espa\u00e7os onde residia, procurava visitar as fam\u00edlias e os doentes, passando orienta\u00e7\u00f5es sobre cuidados pessoais e de sa\u00fade.<\/p>\n\n\n\n<p>Acometida por problemas complexos de sa\u00fade, experimentou o sentido profundo \u201cdo ser presen\u00e7a humana\u201d junto aos doentes. Relata que estes foram tempos e oportunidades em que p\u00f4de realizar experi\u00eancia de profunda intimidade com Deus e sentir-se fortalecida na convic\u00e7\u00e3o e confian\u00e7a Nele, e chamada a empenhar-se continuamente na caminhada com o compromisso de testemunh\u00e1-lo sempre e em qualquer lugar.<\/p>\n\n\n\n<p>&nbsp;&nbsp;&nbsp;&nbsp;&nbsp;&nbsp;&nbsp;&nbsp;&nbsp; Ir. Anna, deixa a mensagem: \u201cSer Salvatoriana, para mim, \u00e9 ter a mais sublime e completa das miss\u00f5es. Consagrar-me sempre mais em profundidade a Trindade Divina, para servir melhor aos irm\u00e3os, por todos os meios e modos que a Provid\u00eancia me oferece. \u00c9 n\u00e3o ter medo do desafio, \u00e9 ser agradecida por todas as oportunidades e gra\u00e7as recebidas; \u00e9 ser feliz, irradiar alegria pela op\u00e7\u00e3o feita.\u201d<\/p>\n\n\n\n<p>&nbsp;&nbsp; Em 13 de maio de 2023 Deus a chamou para viver em sua morada eterna. Faleceu no Hospital das Cl\u00ednicas de Passo Fundo\/RS e foi sepultada no Memorial da Paz, em Passo Fundo\/RS.&nbsp; Ir. Anna Carlota Berton, com 87 anos de idade e 67 anos de Vida Religiosa como Irm\u00e3 Salvatoriana, passa a conviver na presen\u00e7a plena do Divino Salvador.<\/p>\n\n\n\n<p>&nbsp;&nbsp;&nbsp;&nbsp;&nbsp;&nbsp;&nbsp;&nbsp;&nbsp; Ir. Anna nossa gratid\u00e3o:<\/p>\n\n\n\n<p>Pelo aut\u00eantico testemunho de f\u00e9 em viver a vida Salvatoriana com alegria, confian\u00e7a e fidelidade;<\/p>\n\n\n\n<p>Pelo seu grande amor \u00e0 Vida Religiosa, confian\u00e7a e entrega a Sant\u00edssima Trindade, centro e fonte de nossa vida.<\/p>\n\n\n\n<p>Pela presen\u00e7a amiga, sol\u00edcita e dedicada aos doentes e suas fam\u00edlias;<\/p>\n\n\n\n<p>Pela atitude vital orante &#8211; sempre acreditando que \u201cDeus proveria as for\u00e7as para o enfrentamento das dificuldades que a vida e miss\u00e3o apresentassem\u201d.<\/p>\n\n\n\n<figure class=\"wp-block-image size-large\"><img decoding=\"async\" loading=\"lazy\" width=\"1024\" height=\"1019\" src=\"https:\/\/www.salvatorianas.org.br\/blog\/wp-content\/uploads\/2023\/05\/7o-dia-Irma-Anna-Carlota-1024x1019.jpg\" alt=\"\" class=\"wp-image-20247\" srcset=\"https:\/\/www.salvatorianas.org.br\/blog\/wp-content\/uploads\/2023\/05\/7o-dia-Irma-Anna-Carlota-1024x1019.jpg 1024w, https:\/\/www.salvatorianas.org.br\/blog\/wp-content\/uploads\/2023\/05\/7o-dia-Irma-Anna-Carlota-300x298.jpg 300w, https:\/\/www.salvatorianas.org.br\/blog\/wp-content\/uploads\/2023\/05\/7o-dia-Irma-Anna-Carlota-150x150.jpg 150w, https:\/\/www.salvatorianas.org.br\/blog\/wp-content\/uploads\/2023\/05\/7o-dia-Irma-Anna-Carlota-768x764.jpg 768w, https:\/\/www.salvatorianas.org.br\/blog\/wp-content\/uploads\/2023\/05\/7o-dia-Irma-Anna-Carlota-1536x1528.jpg 1536w, https:\/\/www.salvatorianas.org.br\/blog\/wp-content\/uploads\/2023\/05\/7o-dia-Irma-Anna-Carlota.jpg 1545w\" sizes=\"(max-width: 1024px) 100vw, 1024px\" \/><figcaption class=\"wp-element-caption\">7\u00ba dia<\/figcaption><\/figure>\n","protected":false},"excerpt":{"rendered":"<p>&#8220;S\u00f3 Deus \u00e9 o Senhor da minha vida e miss\u00e3o. Minha vida est\u00e1 mergulhada na Trindade&#8221;. &nbsp;&nbsp;&nbsp;&nbsp;&nbsp;&nbsp;&nbsp;&nbsp;&nbsp; Ir. Anna Carlota Berton nasceu no dia 31 de julho de 1936 em Cir\u00edaco-RS. Era a&#8230;<\/p>\n","protected":false},"author":2,"featured_media":20248,"comment_status":"open","ping_status":"open","sticky":false,"template":"","format":"standard","meta":[],"categories":[1],"tags":[],"_links":{"self":[{"href":"https:\/\/www.salvatorianas.org.br\/blog\/wp-json\/wp\/v2\/posts\/20246"}],"collection":[{"href":"https:\/\/www.salvatorianas.org.br\/blog\/wp-json\/wp\/v2\/posts"}],"about":[{"href":"https:\/\/www.salvatorianas.org.br\/blog\/wp-json\/wp\/v2\/types\/post"}],"author":[{"embeddable":true,"href":"https:\/\/www.salvatorianas.org.br\/blog\/wp-json\/wp\/v2\/users\/2"}],"replies":[{"embeddable":true,"href":"https:\/\/www.salvatorianas.org.br\/blog\/wp-json\/wp\/v2\/comments?post=20246"}],"version-history":[{"count":1,"href":"https:\/\/www.salvatorianas.org.br\/blog\/wp-json\/wp\/v2\/posts\/20246\/revisions"}],"predecessor-version":[{"id":20249,"href":"https:\/\/www.salvatorianas.org.br\/blog\/wp-json\/wp\/v2\/posts\/20246\/revisions\/20249"}],"wp:featuredmedia":[{"embeddable":true,"href":"https:\/\/www.salvatorianas.org.br\/blog\/wp-json\/wp\/v2\/media\/20248"}],"wp:attachment":[{"href":"https:\/\/www.salvatorianas.org.br\/blog\/wp-json\/wp\/v2\/media?parent=20246"}],"wp:term":[{"taxonomy":"category","embeddable":true,"href":"https:\/\/www.salvatorianas.org.br\/blog\/wp-json\/wp\/v2\/categories?post=20246"},{"taxonomy":"post_tag","embeddable":true,"href":"https:\/\/www.salvatorianas.org.br\/blog\/wp-json\/wp\/v2\/tags?post=20246"}],"curies":[{"name":"wp","href":"https:\/\/api.w.org\/{rel}","templated":true}]}}