{"id":20242,"date":"2023-05-17T14:49:46","date_gmt":"2023-05-17T14:49:46","guid":{"rendered":"https:\/\/www.salvatorianas.org.br\/blog\/?p=20242"},"modified":"2023-05-17T14:49:48","modified_gmt":"2023-05-17T14:49:48","slug":"6a-semana-da-pascoa-quarta-feira","status":"publish","type":"post","link":"https:\/\/www.salvatorianas.org.br\/blog\/6a-semana-da-pascoa-quarta-feira\/","title":{"rendered":"6\u00aa Semana da P\u00e1scoa | Quarta-feira"},"content":{"rendered":"\n<p>Senhor, eu vos louvarei entre os povos, anunciarei vosso nome aos meus irm\u00e3os, aleluia! (Sl 17,50; 21,23)<\/p>\n\n\n\n<p><em>N\u00e3o obstante o esfor\u00e7o do mission\u00e1rio para adequar sua prega\u00e7\u00e3o \u00e0 mentalidade dos ouvintes, a decep\u00e7\u00e3o por vezes se apresenta. O Senhor favore\u00e7a nosso processo de convers\u00e3o e abra nosso cora\u00e7\u00e3o ao seu Esp\u00edrito, que nos educa e conduz \u00e0 plena verdade.<\/em><\/p>\n\n\n\n<p>Primeira Leitura:&nbsp;<strong>Atos 17,15.22-18,1<\/strong><\/p>\n\n\n\n<p>Leitura dos Atos dos Ap\u00f3stolos \u2013 Naqueles dias,&nbsp;<sup>15<\/sup>os que conduziram Paulo levaram-no at\u00e9 Atenas. De l\u00e1, voltando, transmitiram a Silas e Tim\u00f3teo a ordem de que fossem ter com ele o mais cedo poss\u00edvel. E partiram.&nbsp;<sup>22<\/sup>De p\u00e9, no meio do Are\u00f3pago, Paulo disse: \u201cHomens atenienses, em tudo eu vejo que v\u00f3s sois extremamente religiosos.&nbsp;<sup>23<\/sup>Com efeito, passando e observando os vossos lugares de culto, encontrei tamb\u00e9m um altar com esta inscri\u00e7\u00e3o: \u2018Ao Deus desconhecido\u2019. Pois bem, esse Deus que v\u00f3s adorais sem conhecer \u00e9 exatamente aquele que eu vos anuncio.&nbsp;<sup>24<\/sup>O Deus que fez o mundo e tudo o que nele existe; sendo Senhor do c\u00e9u e da terra, ele n\u00e3o habita em santu\u00e1rios feitos por m\u00e3os humanas.&nbsp;<sup>25<\/sup>Tamb\u00e9m n\u00e3o \u00e9 servido por m\u00e3os humanas, como se precisasse de alguma coisa; pois \u00e9 ele que d\u00e1 a todos vida, respira\u00e7\u00e3o e tudo o mais.&nbsp;<sup>26<\/sup>De um s\u00f3 homem ele fez toda a ra\u00e7a humana para habitar sobre toda a face da terra, tendo fixado os tempos previamente estabelecidos e os limites de sua habita\u00e7\u00e3o.&nbsp;<sup>27<\/sup>Assim fez, para que buscassem a Deus e para ver se o descobririam, ainda que \u00e0s apalpadelas. Ele n\u00e3o est\u00e1 longe de cada um de n\u00f3s,&nbsp;<sup>28<\/sup>pois nele vivemos, nos movemos e existimos, como disseram alguns dentre vossos poetas: \u2018Somos da ra\u00e7a do pr\u00f3prio Deus\u2019.&nbsp;<sup>29<\/sup>Sendo, portanto, da ra\u00e7a de Deus, n\u00e3o devemos pensar que a divindade seja semelhante a ouro, prata ou pedra, trabalhados pela arte e imagina\u00e7\u00e3o do homem.&nbsp;<sup>30<\/sup>Mas Deus, sem levar em conta os tempos da ignor\u00e2ncia, agora anuncia aos homens que todos e em todo lugar se arrependam,&nbsp;<sup>31<\/sup>pois ele estabeleceu um dia em que ir\u00e1 julgar o mundo com justi\u00e7a por meio do homem que designou diante de todos, oferecendo uma garantia, ao ressuscit\u00e1-lo dos mortos\u201d.&nbsp;<sup>32<\/sup>Quando ouviram falar da ressurrei\u00e7\u00e3o dos mortos, alguns ca\u00e7oavam e outros diziam: \u201dN\u00f3s te ouviremos falar disso em outra ocasi\u00e3o\u201d.&nbsp;<sup>33<\/sup>Assim Paulo saiu do meio deles.&nbsp;<sup>34<\/sup>Alguns, por\u00e9m, uniram-se a ele e abra\u00e7aram a f\u00e9. Entre eles estava tamb\u00e9m Dion\u00edsio, o areopagita, uma mulher chamada D\u00e2maris e outros com eles.&nbsp;<sup>18,1<\/sup>Paulo deixou Atenas e foi para Corinto. \u2013 Palavra do Senhor.<\/p>\n\n\n\n<p>Salmo Responsorial:&nbsp;<strong>148<\/strong><\/p>\n\n\n\n<p><em><strong>Da vossa gl\u00f3ria est\u00e3o cheios o c\u00e9u e a terra.<\/strong><\/em><\/p>\n\n\n\n<p>1. Louvai o Senhor Deus nos altos c\u00e9us,&nbsp;\/&nbsp;louvai-o no excelso firmamento!&nbsp;\/&nbsp;Louvai-o, anjos seus, todos louvai-o,&nbsp;\/&nbsp;louvai-o, legi\u00f5es celestiais!&nbsp;\u2013 R.<\/p>\n\n\n\n<p>2. Reis da terra, povos todos, bendizei-o,&nbsp;\/&nbsp;e v\u00f3s, pr\u00edncipes e todos os ju\u00edzes;&nbsp;\/&nbsp;e v\u00f3s, jovens, e v\u00f3s, mo\u00e7as e rapazes,&nbsp;\/&nbsp;anci\u00e3os e criancinhas, bendizei-o!&nbsp;\u2013 R.<\/p>\n\n\n\n<p>3. Louvem o nome do Senhor, louvem-no todos,&nbsp;\/&nbsp;porque somente o seu nome \u00e9 excelso!&nbsp;\/&nbsp;A majestade e esplendor de sua gl\u00f3ria&nbsp;\/&nbsp;ultrapassam em grandeza o c\u00e9u e a terra.&nbsp;\u2013 R.<\/p>\n\n\n\n<p>4. Ele exaltou seu povo eleito em poderio,&nbsp;\/&nbsp;ele \u00e9 o motivo de louvor para os seus santos.&nbsp;\/&nbsp;\u00c9 um hino para os filhos de Israel,&nbsp;\/&nbsp;este povo que ele ama e lhe pertence.&nbsp;\u2013 R.<\/p>\n\n\n\n<p>Evangelho:&nbsp;<strong>Jo\u00e3o 16,12-15<\/strong><\/p>\n\n\n\n<p><strong><em>Aleluia<\/em><em>, aleluia, aleluia.<\/em><\/strong><\/p>\n\n\n\n<p><strong>Rogarei ao meu Pai e ele h\u00e1 de enviar-vos um outro Par\u00e1clito,&nbsp;\/&nbsp;que h\u00e1 de permanecer eternamente convosco (Jo 14,16).&nbsp;\u2013 R.<\/strong><\/p>\n\n\n\n<p>Proclama\u00e7\u00e3o do Evangelho de Jesus Cristo segundo Jo\u00e3o \u2013 Naquele tempo, disse Jesus aos seus disc\u00edpulos:&nbsp;<sup>12<\/sup>\u201cTenho ainda muitas coisas a dizer-vos, mas n\u00e3o sois capazes de as compreender agora.&nbsp;<sup>13<\/sup>Quando, por\u00e9m, vier o Esp\u00edrito da verdade, ele vos conduzir\u00e1 \u00e0 plena verdade. Pois ele n\u00e3o falar\u00e1 por si mesmo, mas dir\u00e1 tudo o que tiver ouvido; e at\u00e9 as coisas futuras vos anunciar\u00e1.&nbsp;<sup>14<\/sup>Ele me glorificar\u00e1, porque receber\u00e1 do que \u00e9 meu e vo-lo anunciar\u00e1.&nbsp;<sup>15<\/sup>Tudo o que o Pai possui \u00e9 meu. Por isso disse que o que ele receber\u00e1 e vos anunciar\u00e1 \u00e9 meu\u201d. \u2013 Palavra da salva\u00e7\u00e3o.<\/p>\n\n\n\n<p>Reflex\u00e3o:<\/p>\n\n\n\n<p><em>Apreensivos e tristes com a not\u00edcia da imediata partida de Jesus, os ap\u00f3stolos n\u00e3o t\u00eam cabe\u00e7a para assimilar as \u201cmuitas coisas\u201d que Jesus ainda tem para lhes comunicar. Jesus, entretanto, lhes assegura que o Esp\u00edrito da Verdade os ir\u00e1 esclarecendo, conforme as circunst\u00e2ncias e necessidades, o que est\u00e1 para acontecer. O Esp\u00edrito n\u00e3o apresentar\u00e1 coisas estranhas aos ensinamentos de Jesus; apenas transmitir\u00e1 o que recebe de Jesus e do Pai: \u201cTodas as coisas que o Pai tem s\u00e3o minhas\u201d. O Esp\u00edrito Santo glorificar\u00e1 Jesus, isto \u00e9, demonstrar\u00e1 que tudo o que Jesus ensinou e praticou s\u00e3o obras de Deus e que ele, Jesus, superada a humilha\u00e7\u00e3o da cruz, est\u00e1 junto do Pai. O Esp\u00edrito Santo continua o projeto de Jesus na vida da Igreja e em nossa vida pessoal.<\/em><\/p>\n","protected":false},"excerpt":{"rendered":"<p>Senhor, eu vos louvarei entre os povos, anunciarei vosso nome aos meus irm\u00e3os, aleluia! (Sl 17,50; 21,23) N\u00e3o obstante o esfor\u00e7o do mission\u00e1rio para adequar sua prega\u00e7\u00e3o \u00e0 mentalidade dos ouvintes, a decep\u00e7\u00e3o&#8230;<\/p>\n","protected":false},"author":2,"featured_media":20243,"comment_status":"open","ping_status":"open","sticky":false,"template":"","format":"standard","meta":[],"categories":[7],"tags":[],"_links":{"self":[{"href":"https:\/\/www.salvatorianas.org.br\/blog\/wp-json\/wp\/v2\/posts\/20242"}],"collection":[{"href":"https:\/\/www.salvatorianas.org.br\/blog\/wp-json\/wp\/v2\/posts"}],"about":[{"href":"https:\/\/www.salvatorianas.org.br\/blog\/wp-json\/wp\/v2\/types\/post"}],"author":[{"embeddable":true,"href":"https:\/\/www.salvatorianas.org.br\/blog\/wp-json\/wp\/v2\/users\/2"}],"replies":[{"embeddable":true,"href":"https:\/\/www.salvatorianas.org.br\/blog\/wp-json\/wp\/v2\/comments?post=20242"}],"version-history":[{"count":1,"href":"https:\/\/www.salvatorianas.org.br\/blog\/wp-json\/wp\/v2\/posts\/20242\/revisions"}],"predecessor-version":[{"id":20244,"href":"https:\/\/www.salvatorianas.org.br\/blog\/wp-json\/wp\/v2\/posts\/20242\/revisions\/20244"}],"wp:featuredmedia":[{"embeddable":true,"href":"https:\/\/www.salvatorianas.org.br\/blog\/wp-json\/wp\/v2\/media\/20243"}],"wp:attachment":[{"href":"https:\/\/www.salvatorianas.org.br\/blog\/wp-json\/wp\/v2\/media?parent=20242"}],"wp:term":[{"taxonomy":"category","embeddable":true,"href":"https:\/\/www.salvatorianas.org.br\/blog\/wp-json\/wp\/v2\/categories?post=20242"},{"taxonomy":"post_tag","embeddable":true,"href":"https:\/\/www.salvatorianas.org.br\/blog\/wp-json\/wp\/v2\/tags?post=20242"}],"curies":[{"name":"wp","href":"https:\/\/api.w.org\/{rel}","templated":true}]}}